{"id":16739,"date":"2025-02-25T12:22:40","date_gmt":"2025-02-25T15:22:40","guid":{"rendered":"https:\/\/www.sportchaco.com.ar\/?p=16739"},"modified":"2025-02-25T12:22:40","modified_gmt":"2025-02-25T15:22:40","slug":"carlos-arriola-no-dude-ni-un-segundo-en-venir-a-sarmiento","status":"publish","type":"post","link":"https:\/\/www.sportchaco.com.ar\/?p=16739","title":{"rendered":"Carlos Arriola: \u00abNo dude ni un segundo en venir a Sarmiento\u00bb"},"content":{"rendered":"<p><strong>25-02-2025<\/strong><\/p>\n<p><img loading=\"lazy\" decoding=\"async\" class=\"size-medium wp-image-9468 aligncenter\" src=\"https:\/\/www.sportchaco.com.ar\/wp-content\/uploads\/2024\/05\/Nachec-728x90-2-300x37.gif\" alt=\"\" width=\"300\" height=\"37\" \/><\/p>\n<p>El volante creativo de Sarmiento, Carlos Arriola, y una de las incorporaciones en este mercado de pases, se refiri\u00f3 a su llegada al \u201cDecano\u201d, \u201cLa verdad que cuando se empez\u00f3 a hablar del tema no lo dud\u00e9 ni un segundo, conoc\u00eda algo de la instituci\u00f3n por enfrentarla anteriormente, pero al llegar aqu\u00ed te sorprendes permanentemente de las instalaciones que tiene. Estoy muy a gusto, y sabiendo que la decisi\u00f3n de venir fue la correcta\u201d, coment\u00f3 en una nota exclusiva con el programa radial Entretiempo.<\/p>\n<p>En referencia a la preparaci\u00f3n se\u00f1al\u00f3, \u201cEstamos haciendo un trabajo muy exigente desde lo f\u00edsico, que es fundamental para todo el a\u00f1o. Se est\u00e1 trabajando muy bien entre los que llegamos y los chicos que ya estaban en el club. Se logr\u00f3 un grupo homog\u00e9neo en el que tiramos todos para el mismo lado, y con el objetivo de poner a Sarmiento lo m\u00e1s arriba posible\u201d.<\/p>\n<p>Sobre las exigencias de la zona que le toc\u00f3 a Sarmiento, enfatiz\u00f3: \u201cEntiendo que es la zona m\u00e1s complicada de las 4, con equipos hist\u00f3ricos como Atl\u00e9tico Rafaela, que va a ser muy lindo enfrentarlos. M\u00e1s los formose\u00f1os que siempre son complicados. Sarmiento de La Banda que pele\u00f3 el ascenso el a\u00f1o anterior. Boca Unidos que por lo que veo se est\u00e1 armando muy bien. Igualmente, nuestra idea es clasificar a la pr\u00f3xima fase entre los 4 primeros del grupo\u201d.<\/p>\n<p>En relaci\u00f3n al amistoso contra Boca Unidos de Corrientes, coment\u00f3: \u201cLo hicimos muy bien, nos sentimos superiores desde lo f\u00edsico y lo futbol\u00edstico, no s\u00e9 en qu\u00e9 parte de la preparaci\u00f3n estar\u00e1n ellos, pero fuimos muy superiores y nos quedamos cortos con el resultado. Es lo que menos importa igualmente, pero creamos muchas situaciones de gol, eso nos dej\u00f3 muy conforme. Aparte del conocimiento l\u00f3gico que vamos teniendo con el resto de los compa\u00f1eros\u201d.<\/p>\n<p><strong>\u00bfCOMO SIGUE LA PREPARACI\u00d3N DEL PLANTEL?<\/strong><br \/>\nLuego de haber disputado el primer amistoso de la temporada, los dirigidos por Miguel Urbina entrenaron este lunes en Centro de Alto Rendimiento (CAR) y luego pasaron a realizar trabajos f\u00edsicos en las canchas auxiliares del estadio Centenario, y cerraron el d\u00eda realizando trabajos t\u00e1cticos.<\/p>\n<p>El martes trabajar\u00e1n en turno simple y buscando bajar las cargas f\u00edsicas de la pretemporada. El mi\u00e9rcoles almorzar\u00e1n todos juntos y luego partir\u00e1n hacia Formosa para afrontar el segundo amistoso, que ser\u00e1n ante San Mart\u00edn de dicha ciudad.<\/p>\n<p><img loading=\"lazy\" decoding=\"async\" class=\" wp-image-16732 aligncenter\" src=\"https:\/\/www.sportchaco.com.ar\/wp-content\/uploads\/2025\/02\/gob-viviendas-240x300.jpg\" alt=\"\" width=\"269\" height=\"336\" srcset=\"https:\/\/www.sportchaco.com.ar\/wp-content\/uploads\/2025\/02\/gob-viviendas-240x300.jpg 240w, https:\/\/www.sportchaco.com.ar\/wp-content\/uploads\/2025\/02\/gob-viviendas-819x1024.jpg 819w, https:\/\/www.sportchaco.com.ar\/wp-content\/uploads\/2025\/02\/gob-viviendas-768x960.jpg 768w, https:\/\/www.sportchaco.com.ar\/wp-content\/uploads\/2025\/02\/gob-viviendas-1229x1536.jpg 1229w, https:\/\/www.sportchaco.com.ar\/wp-content\/uploads\/2025\/02\/gob-viviendas.jpg 1440w\" sizes=\"auto, (max-width: 269px) 100vw, 269px\" \/><\/p>\n","protected":false},"excerpt":{"rendered":"<p>25-02-2025 El volante creativo de Sarmiento, Carlos Arriola, y una de las incorporaciones en este mercado de pases, se refiri\u00f3 a su llegada al \u201cDecano\u201d, \u201cLa verdad que cuando se empez\u00f3 a hablar del tema no lo dud\u00e9 ni un segundo, conoc\u00eda algo de la instituci\u00f3n por enfrentarla anteriormente, pero al llegar aqu\u00ed te sorprendes &hellip;<\/p>\n","protected":false},"author":3,"featured_media":16740,"comment_status":"open","ping_status":"open","sticky":false,"template":"","format":"standard","meta":{"footnotes":""},"categories":[5],"tags":[],"class_list":["post-16739","post","type-post","status-publish","format-standard","has-post-thumbnail","hentry","category-futbol"],"_links":{"self":[{"href":"https:\/\/www.sportchaco.com.ar\/index.php?rest_route=\/wp\/v2\/posts\/16739","targetHints":{"allow":["GET"]}}],"collection":[{"href":"https:\/\/www.sportchaco.com.ar\/index.php?rest_route=\/wp\/v2\/posts"}],"about":[{"href":"https:\/\/www.sportchaco.com.ar\/index.php?rest_route=\/wp\/v2\/types\/post"}],"author":[{"embeddable":true,"href":"https:\/\/www.sportchaco.com.ar\/index.php?rest_route=\/wp\/v2\/users\/3"}],"replies":[{"embeddable":true,"href":"https:\/\/www.sportchaco.com.ar\/index.php?rest_route=%2Fwp%2Fv2%2Fcomments&post=16739"}],"version-history":[{"count":1,"href":"https:\/\/www.sportchaco.com.ar\/index.php?rest_route=\/wp\/v2\/posts\/16739\/revisions"}],"predecessor-version":[{"id":16742,"href":"https:\/\/www.sportchaco.com.ar\/index.php?rest_route=\/wp\/v2\/posts\/16739\/revisions\/16742"}],"wp:featuredmedia":[{"embeddable":true,"href":"https:\/\/www.sportchaco.com.ar\/index.php?rest_route=\/wp\/v2\/media\/16740"}],"wp:attachment":[{"href":"https:\/\/www.sportchaco.com.ar\/index.php?rest_route=%2Fwp%2Fv2%2Fmedia&parent=16739"}],"wp:term":[{"taxonomy":"category","embeddable":true,"href":"https:\/\/www.sportchaco.com.ar\/index.php?rest_route=%2Fwp%2Fv2%2Fcategories&post=16739"},{"taxonomy":"post_tag","embeddable":true,"href":"https:\/\/www.sportchaco.com.ar\/index.php?rest_route=%2Fwp%2Fv2%2Ftags&post=16739"}],"curies":[{"name":"wp","href":"https:\/\/api.w.org\/{rel}","templated":true}]}}