{"id":16744,"date":"2025-02-25T14:13:24","date_gmt":"2025-02-25T17:13:24","guid":{"rendered":"https:\/\/www.sportchaco.com.ar\/?p=16744"},"modified":"2025-02-25T14:13:24","modified_gmt":"2025-02-25T17:13:24","slug":"llega-al-chaco-la-academia-sportina","status":"publish","type":"post","link":"https:\/\/www.sportchaco.com.ar\/?p=16744","title":{"rendered":"Llega al Chaco la academia Sportina"},"content":{"rendered":"<p><strong>25-02-2025<\/strong><\/p>\n<p><img loading=\"lazy\" decoding=\"async\" class=\" wp-image-7248 aligncenter\" src=\"https:\/\/www.sportchaco.com.ar\/wp-content\/uploads\/2024\/03\/aVISO-2-2-300x50.jpeg\" alt=\"\" width=\"342\" height=\"57\" srcset=\"https:\/\/www.sportchaco.com.ar\/wp-content\/uploads\/2024\/03\/aVISO-2-2-300x50.jpeg 300w, https:\/\/www.sportchaco.com.ar\/wp-content\/uploads\/2024\/03\/aVISO-2-2-1024x171.jpeg 1024w, https:\/\/www.sportchaco.com.ar\/wp-content\/uploads\/2024\/03\/aVISO-2-2-768x128.jpeg 768w, https:\/\/www.sportchaco.com.ar\/wp-content\/uploads\/2024\/03\/aVISO-2-2.jpeg 1200w\" sizes=\"auto, (max-width: 342px) 100vw, 342px\" \/><\/p>\n<p>La llegada del reconocido entrenador marplatense Juan Lofrano, a las ciudades de Las Bre\u00f1as y Resistencia, parte de una iniciativa conjunta entre los clubes AMBALAB y San Fernando, sumando el apoyo de Loter\u00eda Chaque\u00f1a y del Instituto del Deporte Chaque\u00f1o.<\/p>\n<p>Lofrano actualmente dicta cursos en todo el pa\u00eds y pa\u00edses de Am\u00e9rica Latina en forma presencial y por medio de la reconocida plataforma virtual LG BASQUET; es un especialista en las primeras edades para la pr\u00e1ctica de baloncesto y trabaj\u00f3 muchos a\u00f1os para la Confederaci\u00f3n Argentina de Basquet (CAB) contribuyendo con sus ideas para la creaci\u00f3n y promoci\u00f3n del M\u00e9todo CAB, entre otros.<\/p>\n<p>Ambas capacitaciones tendr\u00e1n lugar desde el 26 de Febrero y hasta el 2 de Marzo y los destinatarios ser\u00e1n ni\u00f1as y ni\u00f1os de las categor\u00edas Pre\u2013Mini (8\/9 a\u00f1os), Mini (10\/11 a\u00f1os) y U13 (12\/13 a\u00f1os). Por AMBALAB en Las Bre\u00f1as, Oscar Tolosa y equipo en la dirigencia, adem\u00e1s por San Fernando se encuentra Manuel Abarca, Gustavo Tolosa y la colaboraci\u00f3n extraordinaria de Sergio Ruberto; coordinar\u00e1n las jornadas deportivas.<\/p>\n<figure class=\"wp-block-image size-full\"><a href=\"https:\/\/baskettotal.com.ar\/wp-content\/uploads\/2025\/02\/SPORTINA-1-1.jpg\"><img loading=\"lazy\" decoding=\"async\" class=\"lazy wp-image-26289 lazy-loaded\" src=\"https:\/\/baskettotal.com.ar\/wp-content\/uploads\/2025\/02\/SPORTINA-1-1.jpg\" sizes=\"auto, (max-width: 640px) 100vw, 640px\" srcset=\"https:\/\/baskettotal.com.ar\/wp-content\/uploads\/2025\/02\/SPORTINA-1-1.jpg 640w, https:\/\/baskettotal.com.ar\/wp-content\/uploads\/2025\/02\/SPORTINA-1-1-300x300.jpg 300w, https:\/\/baskettotal.com.ar\/wp-content\/uploads\/2025\/02\/SPORTINA-1-1-150x150.jpg 150w\" alt=\"\" width=\"640\" height=\"640\" data-lazy-type=\"image\" data-lazy-src=\"https:\/\/baskettotal.com.ar\/wp-content\/uploads\/2025\/02\/SPORTINA-1-1.jpg\" data-lazy-srcset=\"https:\/\/baskettotal.com.ar\/wp-content\/uploads\/2025\/02\/SPORTINA-1-1.jpg 640w, https:\/\/baskettotal.com.ar\/wp-content\/uploads\/2025\/02\/SPORTINA-1-1-300x300.jpg 300w, https:\/\/baskettotal.com.ar\/wp-content\/uploads\/2025\/02\/SPORTINA-1-1-150x150.jpg 150w\" data-lazy-sizes=\"(max-width: 640px) 100vw, 640px\" \/><\/a><\/figure>\n<p>En Las Bre\u00f1as, el mi\u00e9rcoles 26 (un turno), jueves 27 (doble turno) y viernes 28 (un turno), Juan Lofrano desarrollar\u00e1 su propuesta en la capital del inmigrante, acompa\u00f1ado por el equipo de entrenadores del club AMBALAB comandados por Alfredo Afranchi y entrenadores invitados de la zona (Emiliano Noir de General Pinedo y Luciano Mierez de For Ever).<\/p>\n<p>En tanto que en Resistencia el s\u00e1bado 1 y el domingo 2, ser\u00e1n ambos d\u00edas en doble turno, donde Lofrano continuar\u00e1 con el Campus y las clases, finalizando con una muy importante charla para padres y dirigentes. El Campus es mixto y de car\u00e1cter abierto, es decir que ni\u00f1as y ni\u00f1os de todos los pueden participar si as\u00ed lo desean; incluyendo indumentaria deportiva, los cupos son limitados, por tanto deben comunicarse al n\u00famero 3624-046112 con el profesor Manuel \u201cPitu\u201d Abarca para averiguar sobre disponibilidad.<\/p>\n<p>Se hace extensivo el agradecimiento por el apoyo fundamental de empresas privadas como Genofeed, Diego Cabral Inmobiliaria, \u00abKineser\u00bb de la Licenciada Natalia Recio, Repuestos Requena de Barranqueras y Grupo Centenario. Adem\u00e1s, agradecimiento a los presidente Lucas Apud Masin y Fabio V\u00e1zquez, de Loter\u00eda Chaque\u00f1a e Instituto del Deporte Chaque\u00f1o.<\/p>\n<p><img loading=\"lazy\" decoding=\"async\" class=\" wp-image-9746 aligncenter\" src=\"https:\/\/www.sportchaco.com.ar\/wp-content\/uploads\/2024\/05\/Mosquitos-aviso-240x300.jpeg\" alt=\"\" width=\"254\" height=\"318\" srcset=\"https:\/\/www.sportchaco.com.ar\/wp-content\/uploads\/2024\/05\/Mosquitos-aviso-240x300.jpeg 240w, https:\/\/www.sportchaco.com.ar\/wp-content\/uploads\/2024\/05\/Mosquitos-aviso-819x1024.jpeg 819w, https:\/\/www.sportchaco.com.ar\/wp-content\/uploads\/2024\/05\/Mosquitos-aviso-768x960.jpeg 768w, https:\/\/www.sportchaco.com.ar\/wp-content\/uploads\/2024\/05\/Mosquitos-aviso.jpeg 1080w\" sizes=\"auto, (max-width: 254px) 100vw, 254px\" \/><\/p>\n","protected":false},"excerpt":{"rendered":"<p>25-02-2025 La llegada del reconocido entrenador marplatense Juan Lofrano, a las ciudades de Las Bre\u00f1as y Resistencia, parte de una iniciativa conjunta entre los clubes AMBALAB y San Fernando, sumando el apoyo de Loter\u00eda Chaque\u00f1a y del Instituto del Deporte Chaque\u00f1o. Lofrano actualmente dicta cursos en todo el pa\u00eds y pa\u00edses de Am\u00e9rica Latina en &hellip;<\/p>\n","protected":false},"author":3,"featured_media":16745,"comment_status":"open","ping_status":"open","sticky":false,"template":"","format":"standard","meta":{"footnotes":""},"categories":[3],"tags":[],"class_list":["post-16744","post","type-post","status-publish","format-standard","has-post-thumbnail","hentry","category-basquetbol"],"_links":{"self":[{"href":"https:\/\/www.sportchaco.com.ar\/index.php?rest_route=\/wp\/v2\/posts\/16744","targetHints":{"allow":["GET"]}}],"collection":[{"href":"https:\/\/www.sportchaco.com.ar\/index.php?rest_route=\/wp\/v2\/posts"}],"about":[{"href":"https:\/\/www.sportchaco.com.ar\/index.php?rest_route=\/wp\/v2\/types\/post"}],"author":[{"embeddable":true,"href":"https:\/\/www.sportchaco.com.ar\/index.php?rest_route=\/wp\/v2\/users\/3"}],"replies":[{"embeddable":true,"href":"https:\/\/www.sportchaco.com.ar\/index.php?rest_route=%2Fwp%2Fv2%2Fcomments&post=16744"}],"version-history":[{"count":1,"href":"https:\/\/www.sportchaco.com.ar\/index.php?rest_route=\/wp\/v2\/posts\/16744\/revisions"}],"predecessor-version":[{"id":16746,"href":"https:\/\/www.sportchaco.com.ar\/index.php?rest_route=\/wp\/v2\/posts\/16744\/revisions\/16746"}],"wp:featuredmedia":[{"embeddable":true,"href":"https:\/\/www.sportchaco.com.ar\/index.php?rest_route=\/wp\/v2\/media\/16745"}],"wp:attachment":[{"href":"https:\/\/www.sportchaco.com.ar\/index.php?rest_route=%2Fwp%2Fv2%2Fmedia&parent=16744"}],"wp:term":[{"taxonomy":"category","embeddable":true,"href":"https:\/\/www.sportchaco.com.ar\/index.php?rest_route=%2Fwp%2Fv2%2Fcategories&post=16744"},{"taxonomy":"post_tag","embeddable":true,"href":"https:\/\/www.sportchaco.com.ar\/index.php?rest_route=%2Fwp%2Fv2%2Ftags&post=16744"}],"curies":[{"name":"wp","href":"https:\/\/api.w.org\/{rel}","templated":true}]}}