{"id":16750,"date":"2025-02-26T09:29:35","date_gmt":"2025-02-26T12:29:35","guid":{"rendered":"https:\/\/www.sportchaco.com.ar\/?p=16750"},"modified":"2025-02-26T12:09:57","modified_gmt":"2025-02-26T15:09:57","slug":"sarmiento-participara-del-nacional-de-juveniles-de-afa","status":"publish","type":"post","link":"https:\/\/www.sportchaco.com.ar\/?p=16750","title":{"rendered":"Sarmiento participar\u00e1 del Nacional de juveniles de AFA"},"content":{"rendered":"<p><strong>26-02-2025<\/strong><\/p>\n<p><img loading=\"lazy\" decoding=\"async\" class=\" wp-image-11424 aligncenter\" src=\"https:\/\/www.sportchaco.com.ar\/wp-content\/uploads\/2024\/07\/gob-salud-fijo-marzo-300x50.jpg\" alt=\"\" width=\"342\" height=\"57\" srcset=\"https:\/\/www.sportchaco.com.ar\/wp-content\/uploads\/2024\/07\/gob-salud-fijo-marzo-300x50.jpg 300w, https:\/\/www.sportchaco.com.ar\/wp-content\/uploads\/2024\/07\/gob-salud-fijo-marzo-1024x171.jpg 1024w, https:\/\/www.sportchaco.com.ar\/wp-content\/uploads\/2024\/07\/gob-salud-fijo-marzo-768x128.jpg 768w, https:\/\/www.sportchaco.com.ar\/wp-content\/uploads\/2024\/07\/gob-salud-fijo-marzo.jpg 1200w\" sizes=\"auto, (max-width: 342px) 100vw, 342px\" \/><\/p>\n<p>Sarmiento dir\u00e1 presente este mi\u00e9rcoles por la tarde, en la sede del Consejo Federal de AFA, donde a partir de las 14, se llevar\u00e1 a cabo la reuni\u00f3n informativa y presentaci\u00f3n con los dirigentes de los clubes que participar\u00e1n del primer torneo de Divisiones Inferiores de Primera B Nacional y Federal A, en las categor\u00edas SUB 13, SUB 15 y SUB 17.<\/p>\n<p><strong>El formato<br \/>\n<\/strong>Este es un Proyecto Integrador de torneo de divisiones inferiores con equipos de la Primera B Nacional y el Federal \u201cA\u201d, organizado por el Consejo Federal de AFA.<\/p>\n<p>Dado que la mayor\u00eda de los casi 60 clubes que componen ambas categor\u00edas en el interior del pa\u00eds, se encuentran con la problem\u00e1tica de garantizar una competencia para sus divisiones inferiores, que les permitan mayores posibilidades de desarrollo de futuros jugadores profesionales.<\/p>\n<p>El objetivo ser\u00e1 confeccionar un torneo para disputar una competencia deportiva, para el crecimiento de los j\u00f3venes valores del interior del pa\u00eds y que abarque las siguientes categor\u00edas:<\/p>\n<p><strong>SUB 13<\/strong> (Nacidos A\u00f1o 2012\/13)<br \/>\n<strong>SUB 15<\/strong> (Nacidos A\u00f1o 2010\/11)<br \/>\n<strong>SUB 17<\/strong> (Nacidos A\u00f1o 2008\/09)<\/p>\n<p>La idea es dividir a la totalidad de las instituciones participantes en zonas, por cercan\u00eda geogr\u00e1fica, garantizando como m\u00ednimo una competencia de seis meses a partir de abril, disput\u00e1ndose en forma quincenal, con la finalidad de que cada club solo tenga que viajar una vez al mes dentro de lo posible, y clasificando equipos para una etapa final seg\u00fan lo establezca el reglamento.<\/p>\n<p>En la primera quincena de febrero, se realizar\u00e1 en sede del Consejo Federal una reuni\u00f3n informativa y a su vez se conformar\u00e1 la mesa de trabajo que estar\u00e1 compuesta por dirigentes de ambas categor\u00edas, autoridades arbitrales y directivos del Consejo Federal. Actualmente se encuentran trabajando directivos del Departamento del Federal A y Dirigentes de Primera B Nacional.<\/p>\n<p>Cerca de 40 clubes ya se encuentran anotados oficialmente, y se espera que en los pr\u00f3ximos d\u00edas este n\u00famero aumente considerablemente. El listado provisorio:<\/p>\n<p>Villa Mitre (Bah\u00eda Blanca)<br \/>\nGerminal (Rawson)<br \/>\nGuillermo Brown (Puerto Madryn)<br \/>\nDeportivo Madryn (Puerto Madryn)<br \/>\nSantamarina (Tandil)<br \/>\nKimberley (Mar del Plata)<br \/>\nAlvarado (Mar del Plata)<br \/>\nBol\u00edvar (Bol\u00edvar)<br \/>\nEl Linque\u00f1o (Lincoln)<br \/>\nIndependiente (Chivilcoy)<br \/>\nGimnasia (Chivilcoy)<br \/>\nGuti\u00e9rrez (Mendoza)<br \/>\nSan Mart\u00edn (Mendoza)<br \/>\nHurac\u00e1n Las Heras (Mendoza)<br \/>\nDeportivo Maip\u00fa (Mendoza)<br \/>\nArgentino (Monte Ma\u00edz)<br \/>\nAtenas (R\u00edo Cuarto)<br \/>\nSportivo Belgrano (San Francisco)<br \/>\n9 de Julio (Rafaela)<br \/>\nBen Hur (Rafaela)<br \/>\nAtl\u00e9tico Rafaela (Rafaela)<br \/>\nSportivo (Las Parejas)<br \/>\nGimnasia (Concepci\u00f3n del Uruguay)<br \/>\nCentral Norte (Salta)<br \/>\nJuventud Antoniana (Salta)<br \/>\nGimnasia y Tiro (Salta)<br \/>\nSan Mart\u00edn (Formosa)<br \/>\nCrucero del Norte (Posadas)<br \/>\nBartolom\u00e9 Mitre (Posadas)<br \/>\n<strong>Chaco For Ever (Resistencia)<\/strong><br \/>\n<strong>Sarmiento (Resistencia)<br \/>\n<\/strong>Boca Unidos (Corrientes)<br \/>\nMitre (Santiago del Estero)<br \/>\nSan Mart\u00edn (Tucum\u00e1n)<br \/>\nGimnasia (Jujuy)<br \/>\nDouglas Haig (Pergamino)<br \/>\nUni\u00f3n (Santa Fe)<\/p>\n<p><img loading=\"lazy\" decoding=\"async\" class=\"size-medium wp-image-16617 aligncenter\" src=\"https:\/\/www.sportchaco.com.ar\/wp-content\/uploads\/2025\/02\/policias_250x250-300x300.gif\" alt=\"\" width=\"300\" height=\"300\" srcset=\"https:\/\/www.sportchaco.com.ar\/wp-content\/uploads\/2025\/02\/policias_250x250-300x300.gif 300w, https:\/\/www.sportchaco.com.ar\/wp-content\/uploads\/2025\/02\/policias_250x250-150x150.gif 150w\" sizes=\"auto, (max-width: 300px) 100vw, 300px\" \/><\/p>\n","protected":false},"excerpt":{"rendered":"<p>26-02-2025 Sarmiento dir\u00e1 presente este mi\u00e9rcoles por la tarde, en la sede del Consejo Federal de AFA, donde a partir de las 14, se llevar\u00e1 a cabo la reuni\u00f3n informativa y presentaci\u00f3n con los dirigentes de los clubes que participar\u00e1n del primer torneo de Divisiones Inferiores de Primera B Nacional y Federal A, en las &hellip;<\/p>\n","protected":false},"author":3,"featured_media":16759,"comment_status":"open","ping_status":"open","sticky":false,"template":"","format":"standard","meta":{"footnotes":""},"categories":[5],"tags":[],"class_list":["post-16750","post","type-post","status-publish","format-standard","has-post-thumbnail","hentry","category-futbol"],"_links":{"self":[{"href":"https:\/\/www.sportchaco.com.ar\/index.php?rest_route=\/wp\/v2\/posts\/16750","targetHints":{"allow":["GET"]}}],"collection":[{"href":"https:\/\/www.sportchaco.com.ar\/index.php?rest_route=\/wp\/v2\/posts"}],"about":[{"href":"https:\/\/www.sportchaco.com.ar\/index.php?rest_route=\/wp\/v2\/types\/post"}],"author":[{"embeddable":true,"href":"https:\/\/www.sportchaco.com.ar\/index.php?rest_route=\/wp\/v2\/users\/3"}],"replies":[{"embeddable":true,"href":"https:\/\/www.sportchaco.com.ar\/index.php?rest_route=%2Fwp%2Fv2%2Fcomments&post=16750"}],"version-history":[{"count":2,"href":"https:\/\/www.sportchaco.com.ar\/index.php?rest_route=\/wp\/v2\/posts\/16750\/revisions"}],"predecessor-version":[{"id":16760,"href":"https:\/\/www.sportchaco.com.ar\/index.php?rest_route=\/wp\/v2\/posts\/16750\/revisions\/16760"}],"wp:featuredmedia":[{"embeddable":true,"href":"https:\/\/www.sportchaco.com.ar\/index.php?rest_route=\/wp\/v2\/media\/16759"}],"wp:attachment":[{"href":"https:\/\/www.sportchaco.com.ar\/index.php?rest_route=%2Fwp%2Fv2%2Fmedia&parent=16750"}],"wp:term":[{"taxonomy":"category","embeddable":true,"href":"https:\/\/www.sportchaco.com.ar\/index.php?rest_route=%2Fwp%2Fv2%2Fcategories&post=16750"},{"taxonomy":"post_tag","embeddable":true,"href":"https:\/\/www.sportchaco.com.ar\/index.php?rest_route=%2Fwp%2Fv2%2Ftags&post=16750"}],"curies":[{"name":"wp","href":"https:\/\/api.w.org\/{rel}","templated":true}]}}