{"id":16792,"date":"2025-02-27T10:07:08","date_gmt":"2025-02-27T13:07:08","guid":{"rendered":"https:\/\/www.sportchaco.com.ar\/?p=16792"},"modified":"2025-02-27T10:21:39","modified_gmt":"2025-02-27T13:21:39","slug":"for-ever-19-de-febrero-fecha-para-no-olvidar","status":"publish","type":"post","link":"https:\/\/www.sportchaco.com.ar\/?p=16792","title":{"rendered":"For Ever: 19 de febrero, fecha para no olvidar"},"content":{"rendered":"<p><strong>27-02-2025<\/strong><\/p>\n<p><img loading=\"lazy\" decoding=\"async\" class=\"size-medium wp-image-7878 aligncenter\" src=\"https:\/\/www.sportchaco.com.ar\/wp-content\/uploads\/2024\/04\/Copia-de-Nachec1-320x50-1-300x47.gif\" alt=\"\" width=\"300\" height=\"47\" \/><\/p>\n<p>El programa Cara y Ceca del Deporte, que se emite por Radio Provincia del Chaco de lunes a viernes de 12 a 13, tuvo una charla imperdible con el presidente de For Ever, H\u00e9ctor G\u00f3mez. En la oportunidad se habl\u00f3 del arranque del equipo en el torneo de Primera Nacional, su trabajo en el Consejo Federal para lanzar el torneo Juvenil y por supuesto recordar la normalizaci\u00f3n de la instituci\u00f3n tras la quiebra e intervenci\u00f3n un 19 de febrero del 2011.<\/p>\n<figure id=\"attachment_5929\" aria-describedby=\"caption-attachment-5929\" style=\"width: 850px\" class=\"wp-caption aligncenter\"><img loading=\"lazy\" decoding=\"async\" class=\"wp-image-5929 size-full\" src=\"https:\/\/www.sportchaco.com.ar\/wp-content\/uploads\/2024\/02\/FE-miniestadio-19-de-febrero.jpg\" sizes=\"auto, (max-width: 300px) 100vw, 300px\" srcset=\"https:\/\/www.sportchaco.com.ar\/wp-content\/uploads\/2024\/02\/FE-miniestadio-19-de-febrero-300x137.jpg 300w, https:\/\/www.sportchaco.com.ar\/wp-content\/uploads\/2024\/02\/FE-miniestadio-19-de-febrero-768x350.jpg 768w, https:\/\/www.sportchaco.com.ar\/wp-content\/uploads\/2024\/02\/FE-miniestadio-19-de-febrero.jpg 850w\" alt=\"Miniestadio de For Ever \u00ab19 de febrero\u00bb\" width=\"850\" height=\"387\" \/><figcaption id=\"caption-attachment-5929\" class=\"wp-caption-text\">Miniestadio de For Ever \u00ab19 de febrero\u00bb<\/figcaption><\/figure>\n<p>&nbsp;<\/p>\n<p><strong>2011 \/<\/strong> Llega la normalizaci\u00f3n de Chaco For Ever tras doce a\u00f1os en proceso de quiebra, en una Asamblea que ungi\u00f3 como presidente a H\u00e9ctor G\u00f3mez. La justicia puso fin al fideicomiso administrativo el 5 de diciembre de 2010. Todo ello fue gracias a la Ley Sager, que tambi\u00e9n salv\u00f3 a Racing Club, por iniciativa del senador chaque\u00f1o Hugo Sager. La quiebra del club hab\u00eda sido dictada el 23 de abril de 1998.<\/p>\n<p><img loading=\"lazy\" decoding=\"async\" class=\"aligncenter wp-image-16796 size-full\" src=\"https:\/\/www.sportchaco.com.ar\/wp-content\/uploads\/2025\/02\/FE-Asamblea.jpg\" alt=\"\" width=\"720\" height=\"720\" srcset=\"https:\/\/www.sportchaco.com.ar\/wp-content\/uploads\/2025\/02\/FE-Asamblea.jpg 720w, https:\/\/www.sportchaco.com.ar\/wp-content\/uploads\/2025\/02\/FE-Asamblea-300x300.jpg 300w, https:\/\/www.sportchaco.com.ar\/wp-content\/uploads\/2025\/02\/FE-Asamblea-150x150.jpg 150w\" sizes=\"auto, (max-width: 720px) 100vw, 720px\" \/><\/p>\n<p><strong>La charala de H\u00e9ctor G\u00f3mez con Luis Dar\u00edo Molodezky, Marcos Daniel Acosta y Facundo Maciel del R\u00edo:<\/strong><\/p>\n<audio class=\"wp-audio-shortcode\" id=\"audio-16792-1\" preload=\"none\" style=\"width: 100%;\" controls=\"controls\"><source type=\"audio\/mpeg\" src=\"https:\/\/www.sportchaco.com.ar\/wp-content\/uploads\/2025\/02\/Cara-y-seca-Hector-Gomez.mp3?_=1\" \/><a href=\"https:\/\/www.sportchaco.com.ar\/wp-content\/uploads\/2025\/02\/Cara-y-seca-Hector-Gomez.mp3\">https:\/\/www.sportchaco.com.ar\/wp-content\/uploads\/2025\/02\/Cara-y-seca-Hector-Gomez.mp3<\/a><\/audio>\n<p>&nbsp;<\/p>\n<p><strong>TORNEO JUVENIL<br \/>\n<\/strong>Este mi\u00e9rcoles, en el tercer piso de la sede de la Asociaci\u00f3n del F\u00fatbol Argentino, se desarroll\u00f3 la primera reuni\u00f3n informativa del flamante torneo juvenil organizado por el Consejo Federal. Del certamen tomar\u00e1n parte instituciones del interior del pa\u00eds que militan en la Primera Nacional y en el torneo Federal.<\/p>\n<p>La competencia se jugar\u00e1 en 8 zonas geogr\u00e1ficas que agrupar\u00e1n a las 46 instituciones participantes, interviniendo todos los equipos en tres divisiones: SUB 13, SUB 15 y SUB 17. La fecha estimada de inicio es el 5 de abril y se jugar\u00e1 cada 15 d\u00edas.<\/p>\n<p><img loading=\"lazy\" decoding=\"async\" class=\"aligncenter\" src=\"https:\/\/assets1.afa.com.ar\/FutsalArbitros\/WhatsApp-Image-2025-02-26-at-16.16.56-(1)-(1).jpeg\" alt=\"\" width=\"563\" height=\"750\" \/><\/p>\n<p>Carlos Lanzaro, Presidente de la mesa del Torneo Federal A, destac\u00f3: \u00abEsta es la concreci\u00f3n de un proyecto que naci\u00f3 hace tres a\u00f1os de varias reuniones que tuvimos con Pablo Toviggino. Recorrimos las instituciones, conversamos con los dirigentes y nos propusimos organizar un torneo para juveniles. Hoy estamos muy contentos de mostrar el potencial futbol\u00edstico de nuestras instituciones\u00bb.<\/p>\n<h5>Foto portada: H\u00e9ctor G\u00f3mez en el 2011<\/h5>\n<p>&nbsp;<\/p>\n<p><img loading=\"lazy\" decoding=\"async\" class=\"alignnone size-medium wp-image-16798\" src=\"https:\/\/www.sportchaco.com.ar\/wp-content\/uploads\/2025\/02\/aviso-12-1-241x300.jpg\" alt=\"\" width=\"241\" height=\"300\" srcset=\"https:\/\/www.sportchaco.com.ar\/wp-content\/uploads\/2025\/02\/aviso-12-1-241x300.jpg 241w, https:\/\/www.sportchaco.com.ar\/wp-content\/uploads\/2025\/02\/aviso-12-1.jpg 481w\" sizes=\"auto, (max-width: 241px) 100vw, 241px\" \/> <img loading=\"lazy\" decoding=\"async\" class=\"alignnone size-medium wp-image-16799\" src=\"https:\/\/www.sportchaco.com.ar\/wp-content\/uploads\/2025\/02\/aviso11-1-240x300.jpg\" alt=\"\" width=\"240\" height=\"300\" srcset=\"https:\/\/www.sportchaco.com.ar\/wp-content\/uploads\/2025\/02\/aviso11-1-240x300.jpg 240w, https:\/\/www.sportchaco.com.ar\/wp-content\/uploads\/2025\/02\/aviso11-1.jpg 480w\" sizes=\"auto, (max-width: 240px) 100vw, 240px\" \/><\/p>\n","protected":false},"excerpt":{"rendered":"<p>27-02-2025 El programa Cara y Ceca del Deporte, que se emite por Radio Provincia del Chaco de lunes a viernes de 12 a 13, tuvo una charla imperdible con el presidente de For Ever, H\u00e9ctor G\u00f3mez. En la oportunidad se habl\u00f3 del arranque del equipo en el torneo de Primera Nacional, su trabajo en el &hellip;<\/p>\n","protected":false},"author":2,"featured_media":16797,"comment_status":"open","ping_status":"open","sticky":false,"template":"","format":"standard","meta":{"footnotes":""},"categories":[5],"tags":[],"class_list":["post-16792","post","type-post","status-publish","format-standard","has-post-thumbnail","hentry","category-futbol"],"_links":{"self":[{"href":"https:\/\/www.sportchaco.com.ar\/index.php?rest_route=\/wp\/v2\/posts\/16792","targetHints":{"allow":["GET"]}}],"collection":[{"href":"https:\/\/www.sportchaco.com.ar\/index.php?rest_route=\/wp\/v2\/posts"}],"about":[{"href":"https:\/\/www.sportchaco.com.ar\/index.php?rest_route=\/wp\/v2\/types\/post"}],"author":[{"embeddable":true,"href":"https:\/\/www.sportchaco.com.ar\/index.php?rest_route=\/wp\/v2\/users\/2"}],"replies":[{"embeddable":true,"href":"https:\/\/www.sportchaco.com.ar\/index.php?rest_route=%2Fwp%2Fv2%2Fcomments&post=16792"}],"version-history":[{"count":3,"href":"https:\/\/www.sportchaco.com.ar\/index.php?rest_route=\/wp\/v2\/posts\/16792\/revisions"}],"predecessor-version":[{"id":16804,"href":"https:\/\/www.sportchaco.com.ar\/index.php?rest_route=\/wp\/v2\/posts\/16792\/revisions\/16804"}],"wp:featuredmedia":[{"embeddable":true,"href":"https:\/\/www.sportchaco.com.ar\/index.php?rest_route=\/wp\/v2\/media\/16797"}],"wp:attachment":[{"href":"https:\/\/www.sportchaco.com.ar\/index.php?rest_route=%2Fwp%2Fv2%2Fmedia&parent=16792"}],"wp:term":[{"taxonomy":"category","embeddable":true,"href":"https:\/\/www.sportchaco.com.ar\/index.php?rest_route=%2Fwp%2Fv2%2Fcategories&post=16792"},{"taxonomy":"post_tag","embeddable":true,"href":"https:\/\/www.sportchaco.com.ar\/index.php?rest_route=%2Fwp%2Fv2%2Ftags&post=16792"}],"curies":[{"name":"wp","href":"https:\/\/api.w.org\/{rel}","templated":true}]}}