{"id":16810,"date":"2025-02-27T18:33:48","date_gmt":"2025-02-27T21:33:48","guid":{"rendered":"https:\/\/www.sportchaco.com.ar\/?p=16810"},"modified":"2025-02-27T18:33:48","modified_gmt":"2025-02-27T21:33:48","slug":"ubeda-prendio-las-alarmas-en-for-ever","status":"publish","type":"post","link":"https:\/\/www.sportchaco.com.ar\/?p=16810","title":{"rendered":"\u00dabeda prendi\u00f3 las alarmas en For Ever"},"content":{"rendered":"<p><strong>27-02-2025<\/strong><\/p>\n<p><img loading=\"lazy\" decoding=\"async\" class=\" wp-image-7878 aligncenter\" src=\"https:\/\/www.sportchaco.com.ar\/wp-content\/uploads\/2024\/04\/Copia-de-Nachec1-320x50-1-300x47.gif\" alt=\"\" width=\"332\" height=\"52\" \/><\/p>\n<p>El entrenamiento matutino de For Ever de este jueves por la ma\u00f1ana dej\u00f3 las alarmas encendidas en el equipo de Ricardo Pancaldo por la lesi\u00f3n de Santiago \u00dabeda.<\/p>\n<p>El volante central sinti\u00f3 una molestia en el aductor de la pierna izquierda y tuvo que abandonar el entrenamiento donde realizaban la pr\u00e1ctica de f\u00fatbol. Su sustituto fue Joaqu\u00edn Jara.<\/p>\n<p>Cabe recordar que el DT del \u00abnegro\u00bb ya no puede contar con Santiago Valenzuela para el partido ante Col\u00f3n de Santa Fe por la cuarta fecha de la zona B de la Primera Nacional que se llevar\u00e1 a cabo este domingo a las 21:30 en el \u00abcementerio de los elefantes\u00bb. Su reemplazante ser\u00e1 Juan Manuel Carrizo, tal cual pas\u00f3 en el partido ante Temperley cuando sali\u00f3 lesionado el juvenil que ahora arrastra un desgarro.<\/p>\n<p>Otro cambio que realiz\u00f3 Pancaldo en el \u00ab11\u00bb fue el ingreso de Robertino Seratto en el lugar de Franco Perinciolo con lo cual podr\u00edan ser tres cambios para el partido ante el \u00absabalero\u00bb. Carrizo por Valenzuela, Jara por \u00dabeda y Seratto por Perinciolo.<\/p>\n<p>En principio, entonces, el probable equipo ser\u00eda con Gast\u00f3n Canuto; Mauricio Rosales, Gino Barbieri, Mathias Silvera y Alan Luque; Joaqu\u00edn Jara; Leonardo Marinucci, Juan Manuel Carrizo, Brandon Obreg\u00f3n y Franco Perinciolo o Robertino Seratto; y Mat\u00edas Romero.<\/p>\n<p><img loading=\"lazy\" decoding=\"async\" class=\" wp-image-16547 aligncenter\" src=\"https:\/\/www.sportchaco.com.ar\/wp-content\/uploads\/2025\/02\/BANNER-WEB-Qdenga-250x250-1-300x300.gif\" alt=\"\" width=\"338\" height=\"338\" srcset=\"https:\/\/www.sportchaco.com.ar\/wp-content\/uploads\/2025\/02\/BANNER-WEB-Qdenga-250x250-1-300x300.gif 300w, https:\/\/www.sportchaco.com.ar\/wp-content\/uploads\/2025\/02\/BANNER-WEB-Qdenga-250x250-1-150x150.gif 150w\" sizes=\"auto, (max-width: 338px) 100vw, 338px\" \/><\/p>\n","protected":false},"excerpt":{"rendered":"<p>27-02-2025 El entrenamiento matutino de For Ever de este jueves por la ma\u00f1ana dej\u00f3 las alarmas encendidas en el equipo de Ricardo Pancaldo por la lesi\u00f3n de Santiago \u00dabeda. El volante central sinti\u00f3 una molestia en el aductor de la pierna izquierda y tuvo que abandonar el entrenamiento donde realizaban la pr\u00e1ctica de f\u00fatbol. Su &hellip;<\/p>\n","protected":false},"author":3,"featured_media":16811,"comment_status":"open","ping_status":"open","sticky":false,"template":"","format":"standard","meta":{"footnotes":""},"categories":[5],"tags":[],"class_list":["post-16810","post","type-post","status-publish","format-standard","has-post-thumbnail","hentry","category-futbol"],"_links":{"self":[{"href":"https:\/\/www.sportchaco.com.ar\/index.php?rest_route=\/wp\/v2\/posts\/16810","targetHints":{"allow":["GET"]}}],"collection":[{"href":"https:\/\/www.sportchaco.com.ar\/index.php?rest_route=\/wp\/v2\/posts"}],"about":[{"href":"https:\/\/www.sportchaco.com.ar\/index.php?rest_route=\/wp\/v2\/types\/post"}],"author":[{"embeddable":true,"href":"https:\/\/www.sportchaco.com.ar\/index.php?rest_route=\/wp\/v2\/users\/3"}],"replies":[{"embeddable":true,"href":"https:\/\/www.sportchaco.com.ar\/index.php?rest_route=%2Fwp%2Fv2%2Fcomments&post=16810"}],"version-history":[{"count":1,"href":"https:\/\/www.sportchaco.com.ar\/index.php?rest_route=\/wp\/v2\/posts\/16810\/revisions"}],"predecessor-version":[{"id":16812,"href":"https:\/\/www.sportchaco.com.ar\/index.php?rest_route=\/wp\/v2\/posts\/16810\/revisions\/16812"}],"wp:featuredmedia":[{"embeddable":true,"href":"https:\/\/www.sportchaco.com.ar\/index.php?rest_route=\/wp\/v2\/media\/16811"}],"wp:attachment":[{"href":"https:\/\/www.sportchaco.com.ar\/index.php?rest_route=%2Fwp%2Fv2%2Fmedia&parent=16810"}],"wp:term":[{"taxonomy":"category","embeddable":true,"href":"https:\/\/www.sportchaco.com.ar\/index.php?rest_route=%2Fwp%2Fv2%2Fcategories&post=16810"},{"taxonomy":"post_tag","embeddable":true,"href":"https:\/\/www.sportchaco.com.ar\/index.php?rest_route=%2Fwp%2Fv2%2Ftags&post=16810"}],"curies":[{"name":"wp","href":"https:\/\/api.w.org\/{rel}","templated":true}]}}