{"id":16813,"date":"2025-02-28T12:24:19","date_gmt":"2025-02-28T15:24:19","guid":{"rendered":"https:\/\/www.sportchaco.com.ar\/?p=16813"},"modified":"2025-02-28T12:24:19","modified_gmt":"2025-02-28T15:24:19","slug":"fabio-vinetta-va-poniendo-a-punto-a-su-cultural","status":"publish","type":"post","link":"https:\/\/www.sportchaco.com.ar\/?p=16813","title":{"rendered":"Fabio Vi\u00f1etta va poniendo a punto a su Cultural"},"content":{"rendered":"<p><strong>28-02-2025<\/strong><\/p>\n<p><img loading=\"lazy\" decoding=\"async\" class=\" wp-image-11990 aligncenter\" src=\"https:\/\/www.sportchaco.com.ar\/wp-content\/uploads\/2024\/07\/Copy-of-CHACO-JUEGA-BANNERS-1_1200X200-1-300x50.gif\" alt=\"\" width=\"408\" height=\"68\" srcset=\"https:\/\/www.sportchaco.com.ar\/wp-content\/uploads\/2024\/07\/Copy-of-CHACO-JUEGA-BANNERS-1_1200X200-1-300x50.gif 300w, https:\/\/www.sportchaco.com.ar\/wp-content\/uploads\/2024\/07\/Copy-of-CHACO-JUEGA-BANNERS-1_1200X200-1-1024x171.gif 1024w, https:\/\/www.sportchaco.com.ar\/wp-content\/uploads\/2024\/07\/Copy-of-CHACO-JUEGA-BANNERS-1_1200X200-1-768x128.gif 768w\" sizes=\"auto, (max-width: 408px) 100vw, 408px\" \/><\/p>\n<p>A paso firme, Cultural de Santa Sylvina contin\u00faa prepar\u00e1ndose para el comienzo de la temporada 2025 de La Liga Federal de B\u00e1squet (LFB). Con equipo completo, respondiendo a todas las exigencias fijadas por el cuerpo t\u00e9cnico, el elenco sylvinense promete ser uno de los animadores serios de la competencia.<\/p>\n<p>\u00abEstamos trabajando a full en la pretemporada; estamos encamin\u00e1ndonos y poni\u00e9ndonos a punto\u00bb, expres\u00f3 el entrenador principal Fabio Vi\u00f1etta, quien estar\u00e1 asistido por por Enzo Ram\u00edrez, la preparaci\u00f3n f\u00edsica de Giuliana Britto y Matias Vrabec; cuerpo t\u00e9cnico 100% sylvinense.<\/p>\n<p>La competencia est\u00e1 prevista dar inicio el pr\u00f3ximo 7 de marzo, posteriormente se sabr\u00e1 el cronograma de partidos donde va a dar inicio a la competencia de la tercera categor\u00eda del b\u00e1squet nacional. Vale recordar el conjunto sylvinense logr\u00f3 la clasificaci\u00f3n llegando a instancias de semifinales del Pre\u2013Federal chaque\u00f1o.<\/p>\n<p>\u00abEstamos yendo despacio con el equipo, trabajando d\u00eda a d\u00eda, donde los refuerzos se van ambientando y entendiendo a los sistemas, como as\u00ed tambi\u00e9n las transiciones y defensas; lo importante es no apurarse\u00bb, remarc\u00f3 Vi\u00f1etta.<\/p>\n<figure class=\"wp-block-image size-large\"><a href=\"https:\/\/baskettotal.com.ar\/wp-content\/uploads\/2025\/02\/Cultural-1-1.jpg\"><img loading=\"lazy\" decoding=\"async\" class=\"lazy wp-image-26451 lazy-loaded aligncenter\" src=\"https:\/\/baskettotal.com.ar\/wp-content\/uploads\/2025\/02\/Cultural-1-1-1024x768.jpg\" sizes=\"auto, (max-width: 1024px) 100vw, 1024px\" srcset=\"https:\/\/baskettotal.com.ar\/wp-content\/uploads\/2025\/02\/Cultural-1-1-1024x768.jpg 1024w, https:\/\/baskettotal.com.ar\/wp-content\/uploads\/2025\/02\/Cultural-1-1-300x225.jpg 300w, https:\/\/baskettotal.com.ar\/wp-content\/uploads\/2025\/02\/Cultural-1-1-768x576.jpg 768w, https:\/\/baskettotal.com.ar\/wp-content\/uploads\/2025\/02\/Cultural-1-1.jpg 1040w\" alt=\"\" width=\"1024\" height=\"768\" data-lazy-type=\"image\" data-lazy-src=\"https:\/\/baskettotal.com.ar\/wp-content\/uploads\/2025\/02\/Cultural-1-1-1024x768.jpg\" data-lazy-srcset=\"https:\/\/baskettotal.com.ar\/wp-content\/uploads\/2025\/02\/Cultural-1-1-1024x768.jpg 1024w, https:\/\/baskettotal.com.ar\/wp-content\/uploads\/2025\/02\/Cultural-1-1-300x225.jpg 300w, https:\/\/baskettotal.com.ar\/wp-content\/uploads\/2025\/02\/Cultural-1-1-768x576.jpg 768w, https:\/\/baskettotal.com.ar\/wp-content\/uploads\/2025\/02\/Cultural-1-1.jpg 1040w\" data-lazy-sizes=\"(max-width: 1024px) 100vw, 1024px\" \/><\/a><\/figure>\n<p>\u00abEl grupo humano est\u00e1 bien y se trabaja fuertemente en la parte t\u00e1ctica y en defensa, adem\u00e1s de ir repasando aspectos que ya ten\u00edamos, para aceitar al inicio del torneo y que los jugadores fortalezcan los m\u00fasculos para ir trabajando fuertemente a los largo de la temporada\u00bb, finaliz\u00f3 Vi\u00f1etta.<\/p>\n<p><strong>RIVALES CONFIRMADOS<br \/>\n<\/strong>Desde la Confederaci\u00f3n Argentina de B\u00e1squetbol (CAB) se ha dado a conocer las conferencias para lo que va a ser La Liga Federal 2025, donde e la conferencia Norte B est\u00e1n nucleados los equipos del NEA, habiendo tres equipos misioneros como lo son Tokio, CAPRI de Posadas, tres equipos del interior correntino como lo son San Lorenzo de Monte Caseros, San Mart\u00edn de Curuz\u00fa Cuati\u00e1 y AMAD de Goya, un equipo formose\u00f1o como lo es Sarmiento y tres representantes chaque\u00f1os como H\u00e9rcules de Charata, Hind\u00fa Club de Resistencia y Centro Cultural de Santa Sylvina.<\/p>\n<p><strong>AGRADECIMIENTO<br \/>\n<\/strong>Actualmente, Cultural de Santa Sylvina logr\u00f3 conformar un equipo que sin dudas promete mucho, fruto del gran esfuerzo y compromiso con la instituci\u00f3n de la comisi\u00f3n directiva, empresas colaboradoras, el Gobierno provincial a trav\u00e9s de sus distintos entes y la Municipalidad de Santa Sylvina conducida por su intendente Susana Maggio; entre todos aportaron un granito de arena para que la instituci\u00f3n sylvinense pueda decir presente en el certamen m\u00e1s Federal de todos.<\/p>\n<p><img loading=\"lazy\" decoding=\"async\" class=\" wp-image-14093 aligncenter\" src=\"https:\/\/www.sportchaco.com.ar\/wp-content\/uploads\/2024\/10\/CHACO-JUEGA-BANNERS-1_250X250-1-1.gif\" alt=\"\" width=\"273\" height=\"273\" \/><\/p>\n","protected":false},"excerpt":{"rendered":"<p>28-02-2025 A paso firme, Cultural de Santa Sylvina contin\u00faa prepar\u00e1ndose para el comienzo de la temporada 2025 de La Liga Federal de B\u00e1squet (LFB). Con equipo completo, respondiendo a todas las exigencias fijadas por el cuerpo t\u00e9cnico, el elenco sylvinense promete ser uno de los animadores serios de la competencia. \u00abEstamos trabajando a full en &hellip;<\/p>\n","protected":false},"author":3,"featured_media":16814,"comment_status":"open","ping_status":"open","sticky":false,"template":"","format":"standard","meta":{"footnotes":""},"categories":[3],"tags":[],"class_list":["post-16813","post","type-post","status-publish","format-standard","has-post-thumbnail","hentry","category-basquetbol"],"_links":{"self":[{"href":"https:\/\/www.sportchaco.com.ar\/index.php?rest_route=\/wp\/v2\/posts\/16813","targetHints":{"allow":["GET"]}}],"collection":[{"href":"https:\/\/www.sportchaco.com.ar\/index.php?rest_route=\/wp\/v2\/posts"}],"about":[{"href":"https:\/\/www.sportchaco.com.ar\/index.php?rest_route=\/wp\/v2\/types\/post"}],"author":[{"embeddable":true,"href":"https:\/\/www.sportchaco.com.ar\/index.php?rest_route=\/wp\/v2\/users\/3"}],"replies":[{"embeddable":true,"href":"https:\/\/www.sportchaco.com.ar\/index.php?rest_route=%2Fwp%2Fv2%2Fcomments&post=16813"}],"version-history":[{"count":1,"href":"https:\/\/www.sportchaco.com.ar\/index.php?rest_route=\/wp\/v2\/posts\/16813\/revisions"}],"predecessor-version":[{"id":16815,"href":"https:\/\/www.sportchaco.com.ar\/index.php?rest_route=\/wp\/v2\/posts\/16813\/revisions\/16815"}],"wp:featuredmedia":[{"embeddable":true,"href":"https:\/\/www.sportchaco.com.ar\/index.php?rest_route=\/wp\/v2\/media\/16814"}],"wp:attachment":[{"href":"https:\/\/www.sportchaco.com.ar\/index.php?rest_route=%2Fwp%2Fv2%2Fmedia&parent=16813"}],"wp:term":[{"taxonomy":"category","embeddable":true,"href":"https:\/\/www.sportchaco.com.ar\/index.php?rest_route=%2Fwp%2Fv2%2Fcategories&post=16813"},{"taxonomy":"post_tag","embeddable":true,"href":"https:\/\/www.sportchaco.com.ar\/index.php?rest_route=%2Fwp%2Fv2%2Ftags&post=16813"}],"curies":[{"name":"wp","href":"https:\/\/api.w.org\/{rel}","templated":true}]}}