{"id":16816,"date":"2025-02-27T20:47:45","date_gmt":"2025-02-27T23:47:45","guid":{"rendered":"https:\/\/www.sportchaco.com.ar\/?p=16816"},"modified":"2025-02-28T12:12:28","modified_gmt":"2025-02-28T15:12:28","slug":"miguel-urbina-ya-piensa-en-boca-unidos","status":"publish","type":"post","link":"https:\/\/www.sportchaco.com.ar\/?p=16816","title":{"rendered":"Miguel Urbina ya piensa en Boca Unidos"},"content":{"rendered":"<p>Sarmiento que iniciar\u00e1 su camino en el Federal A el mes pr\u00f3ximo, sigue con su proceso de preparaci\u00f3n y Miguel Urbina piensa en el debut ante Boca Unidos, y en los partidos amistosos va delineando el perfil del equipo.<\/p>\n<p>Sostuvo que habr\u00e1 que ir paso a pas\u00f3, por esos conocido el fixture, su objetivo es el primer rival, partido que se jugar\u00e1 en el estadio Centenario.<\/p>\n<p>Cara y Ceca del Deporte tuvo un rico di\u00e1logo con el entrenador que por primera vez dirigir\u00e1 desde el inicio del torneo, porque las veces anteriores fue interino y para salvar las papas del fuego.<\/p>\n<p>Marcos Daniel Acosta, Luis Dar\u00edo Molodezky, Facundo Maciel del R\u00edo y Edgar Quintero, tuvieron un interesante ida vuelta por Radio Provincia del Chaco.<\/p>\n<audio class=\"wp-audio-shortcode\" id=\"audio-16816-1\" preload=\"none\" style=\"width: 100%;\" controls=\"controls\"><source type=\"audio\/mpeg\" src=\"https:\/\/www.sportchaco.com.ar\/wp-content\/uploads\/2025\/02\/Cara-y-seca-Tecinico-de-sarmiento.mp3?_=1\" \/><a href=\"https:\/\/www.sportchaco.com.ar\/wp-content\/uploads\/2025\/02\/Cara-y-seca-Tecinico-de-sarmiento.mp3\">https:\/\/www.sportchaco.com.ar\/wp-content\/uploads\/2025\/02\/Cara-y-seca-Tecinico-de-sarmiento.mp3<\/a><\/audio>\n<p>&nbsp;<\/p>\n<p>Miguel Urbina, naci\u00f3 el 17 de marzo de 1979, pronto a cumplir 46 a\u00f1os, fue un gran futbolista y viene haciendo su carrera de t\u00e9cnico, en la que tiene una buena oportunidad al frente del plantel del decano.<\/p>\n<p style=\"text-align: center;\"><img loading=\"lazy\" decoding=\"async\" class=\"alignnone size-medium wp-image-16799\" src=\"https:\/\/www.sportchaco.com.ar\/wp-content\/uploads\/2025\/02\/aviso11-1-240x300.jpg\" alt=\"\" width=\"240\" height=\"300\" srcset=\"https:\/\/www.sportchaco.com.ar\/wp-content\/uploads\/2025\/02\/aviso11-1-240x300.jpg 240w, https:\/\/www.sportchaco.com.ar\/wp-content\/uploads\/2025\/02\/aviso11-1.jpg 480w\" sizes=\"auto, (max-width: 240px) 100vw, 240px\" \/> <img loading=\"lazy\" decoding=\"async\" class=\"alignnone size-medium wp-image-16798\" src=\"https:\/\/www.sportchaco.com.ar\/wp-content\/uploads\/2025\/02\/aviso-12-1-241x300.jpg\" alt=\"\" width=\"241\" height=\"300\" srcset=\"https:\/\/www.sportchaco.com.ar\/wp-content\/uploads\/2025\/02\/aviso-12-1-241x300.jpg 241w, https:\/\/www.sportchaco.com.ar\/wp-content\/uploads\/2025\/02\/aviso-12-1.jpg 481w\" sizes=\"auto, (max-width: 241px) 100vw, 241px\" \/><\/p>\n","protected":false},"excerpt":{"rendered":"<p>Sarmiento que iniciar\u00e1 su camino en el Federal A el mes pr\u00f3ximo, sigue con su proceso de preparaci\u00f3n y Miguel Urbina piensa en el debut ante Boca Unidos, y en los partidos amistosos va delineando el perfil del equipo. Sostuvo que habr\u00e1 que ir paso a pas\u00f3, por esos conocido el fixture, su objetivo es &hellip;<\/p>\n","protected":false},"author":2,"featured_media":16817,"comment_status":"open","ping_status":"open","sticky":false,"template":"","format":"standard","meta":{"footnotes":""},"categories":[5],"tags":[],"class_list":["post-16816","post","type-post","status-publish","format-standard","has-post-thumbnail","hentry","category-futbol"],"_links":{"self":[{"href":"https:\/\/www.sportchaco.com.ar\/index.php?rest_route=\/wp\/v2\/posts\/16816","targetHints":{"allow":["GET"]}}],"collection":[{"href":"https:\/\/www.sportchaco.com.ar\/index.php?rest_route=\/wp\/v2\/posts"}],"about":[{"href":"https:\/\/www.sportchaco.com.ar\/index.php?rest_route=\/wp\/v2\/types\/post"}],"author":[{"embeddable":true,"href":"https:\/\/www.sportchaco.com.ar\/index.php?rest_route=\/wp\/v2\/users\/2"}],"replies":[{"embeddable":true,"href":"https:\/\/www.sportchaco.com.ar\/index.php?rest_route=%2Fwp%2Fv2%2Fcomments&post=16816"}],"version-history":[{"count":3,"href":"https:\/\/www.sportchaco.com.ar\/index.php?rest_route=\/wp\/v2\/posts\/16816\/revisions"}],"predecessor-version":[{"id":16829,"href":"https:\/\/www.sportchaco.com.ar\/index.php?rest_route=\/wp\/v2\/posts\/16816\/revisions\/16829"}],"wp:featuredmedia":[{"embeddable":true,"href":"https:\/\/www.sportchaco.com.ar\/index.php?rest_route=\/wp\/v2\/media\/16817"}],"wp:attachment":[{"href":"https:\/\/www.sportchaco.com.ar\/index.php?rest_route=%2Fwp%2Fv2%2Fmedia&parent=16816"}],"wp:term":[{"taxonomy":"category","embeddable":true,"href":"https:\/\/www.sportchaco.com.ar\/index.php?rest_route=%2Fwp%2Fv2%2Fcategories&post=16816"},{"taxonomy":"post_tag","embeddable":true,"href":"https:\/\/www.sportchaco.com.ar\/index.php?rest_route=%2Fwp%2Fv2%2Ftags&post=16816"}],"curies":[{"name":"wp","href":"https:\/\/api.w.org\/{rel}","templated":true}]}}