{"id":16880,"date":"2025-03-02T23:12:27","date_gmt":"2025-03-03T02:12:27","guid":{"rendered":"https:\/\/www.sportchaco.com.ar\/?p=16880"},"modified":"2025-03-02T23:37:12","modified_gmt":"2025-03-03T02:37:12","slug":"efemerides-del-3-de-marzo","status":"publish","type":"post","link":"https:\/\/www.sportchaco.com.ar\/?p=16880","title":{"rendered":"Efem\u00e9rides del 3 de Marzo"},"content":{"rendered":"<div class=\"container fullwidth-entry-title-wrapper\">\n<div class=\"container-wrapper fullwidth-entry-title\">\n<header class=\"entry-header-outer\">\n<div class=\"entry-header\">\n<h1 class=\"post-title entry-title\"><\/h1>\n<\/div>\n<\/header>\n<\/div>\n<\/div>\n<div id=\"content\" class=\"site-content container\">\n<div id=\"main-content-row\" class=\"tie-row main-content-row\">\n<div class=\"main-content tie-col-md-8 tie-col-xs-12\" role=\"main\">\n<article id=\"the-post\" class=\"container-wrapper post-content tie-standard\">\n<div class=\"entry-content entry clearfix\">\n<p>&nbsp;<\/p>\n<h3><\/h3>\n<h3><strong>Esta es la Efem\u00e9rides del Deporte en el Chaco de un 3 de marzo del periodista Luis Dar\u00edo Molodezky.<\/strong><\/h3>\n<h3><\/h3>\n<p>&nbsp;<\/p>\n<p><strong>1980\u00a0<\/strong>\/ Carlos Guillermo Varas con 17 a\u00f1os, se consagra<\/p>\n<p>campe\u00f3n argentino intercolegial en 110 con vallas y resulta<\/p>\n<p>cuarto en 400 metros. Es convocado para integrar la Selecci\u00f3n<\/p>\n<p>Nacional de Atletismo para el Sudamericano de Chile.<\/p>\n<p>&nbsp;<\/p>\n<p>&nbsp;<\/p>\n<p><strong>1985\u00a0<\/strong>\/ Eduardo Sisti de 14 a\u00f1os, obtiene el campeonato<\/p>\n<p>de aguas abiertas organizada por el Yap\u00fa Guaz\u00fa y Regatas<\/p>\n<p>Resistencia. Logr\u00f3 dos victorias y un segundo puesto. Subcampe\u00f3n<\/p>\n<p>fue Eduardo S\u00e1enz (16 a\u00f1os), con una victoria, un segundo puesto<\/p>\n<p>y un cuarto.<\/p>\n<p>&nbsp;<\/p>\n<p><strong>2007\u00a0<\/strong>\/ Con la presencia de destacadas figuras del<\/p>\n<p>deporte, dirigentes, profesores, periodistas y de la comunidad local,<\/p>\n<p>la presencia de dirigentes de otras provincias argentinas, se<\/p>\n<p>realiza el lanzamiento del Movimiento Social del Deporte. La mesa<\/p>\n<p>estuvo encabezada por V\u00edctor Lupo, dirigente, periodista, investigador<\/p>\n<p>y funcionario peronista; Hugo Alberto Lencinas, presidente<\/p>\n<p>de la Federaci\u00f3n Argentina de Periodistas Deportivos, ex deportistas<\/p>\n<p>como Romina Plataroti y la leona Ver\u00f3nica Alfonso; el intendente<\/p>\n<p>de Puerto Tirol Hugo Sager y Ra\u00fal Bittel, presidente de la<\/p>\n<p>Confederaci\u00f3n Chaque\u00f1a de Deportes.<\/p>\n<p>&nbsp;<\/p>\n<p><strong>2007\u00a0<\/strong>\/ El equipo femenino de Regatas Resistencia<\/p>\n<p>asciende a la Liga A de V\u00f3leibol, al imponerse por 3 a 0 a River de<\/p>\n<p>Coronel Vidal. El plantel lo integran Luicina Binder, Cecilia Solanas,<\/p>\n<p>Magdalena Gazzola, Natalia Yacuzzi, Antonella Tonetti, Noelia<\/p>\n<p>L\u00f3pez Rojas, Gianina Tonetti, Vanina Rocha, Carolina Reguera,<\/p>\n<p>Fiorela Marino, Sof\u00eda Frangioli y Mayra Mansilla.<\/p>\n<p>&nbsp;<\/p>\n<p><strong>2008\u00a0<\/strong>\/ Asociaci\u00f3n Club Social Las Bre\u00f1as gana el<\/p>\n<p>Provincial de B\u00e1squetbol, al imponerse en el Top 4 final jugado en<\/p>\n<p>su estadio Angel P\u00e9rtile. En el cotejo final derrot\u00f3 a Hind\u00fa 79 a 73.<\/p>\n<p>Villa San Mart\u00edn fue tercero y Don Bosco cuarto. Integraron el<\/p>\n<p>plantel campe\u00f3n: D. Vega, D. Bruner, M. Pikaluk, Rub\u00e9n Zalazar,<\/p>\n<ol>\n<li>Perucca, A. Gerzel, M. Minhot, J. Palacios, G. Frencia. DT: Jorge<\/li>\n<\/ol>\n<p><strong>Foto de Eduardo Sisti<\/strong><\/p>\n<p style=\"text-align: center;\"><img loading=\"lazy\" decoding=\"async\" class=\"alignnone size-medium wp-image-16799\" src=\"https:\/\/www.sportchaco.com.ar\/wp-content\/uploads\/2025\/02\/aviso11-1-240x300.jpg\" alt=\"\" width=\"240\" height=\"300\" srcset=\"https:\/\/www.sportchaco.com.ar\/wp-content\/uploads\/2025\/02\/aviso11-1-240x300.jpg 240w, https:\/\/www.sportchaco.com.ar\/wp-content\/uploads\/2025\/02\/aviso11-1.jpg 480w\" sizes=\"auto, (max-width: 240px) 100vw, 240px\" \/> <img loading=\"lazy\" decoding=\"async\" class=\"alignnone size-medium wp-image-16798\" src=\"https:\/\/www.sportchaco.com.ar\/wp-content\/uploads\/2025\/02\/aviso-12-1-241x300.jpg\" alt=\"\" width=\"241\" height=\"300\" srcset=\"https:\/\/www.sportchaco.com.ar\/wp-content\/uploads\/2025\/02\/aviso-12-1-241x300.jpg 241w, https:\/\/www.sportchaco.com.ar\/wp-content\/uploads\/2025\/02\/aviso-12-1.jpg 481w\" sizes=\"auto, (max-width: 241px) 100vw, 241px\" \/><\/p>\n<div class=\"post-bottom-meta post-bottom-edit\">\n<div class=\"post-bottom-meta-title\"><\/div>\n<\/div>\n<\/div>\n<\/article>\n<\/div>\n<\/div>\n<\/div>\n","protected":false},"excerpt":{"rendered":"<p>&nbsp; Esta es la Efem\u00e9rides del Deporte en el Chaco de un 3 de marzo del periodista Luis Dar\u00edo Molodezky. &nbsp; 1980\u00a0\/ Carlos Guillermo Varas con 17 a\u00f1os, se consagra campe\u00f3n argentino intercolegial en 110 con vallas y resulta cuarto en 400 metros. Es convocado para integrar la Selecci\u00f3n Nacional de Atletismo para el Sudamericano &hellip;<\/p>\n","protected":false},"author":2,"featured_media":16881,"comment_status":"open","ping_status":"open","sticky":false,"template":"","format":"standard","meta":{"footnotes":""},"categories":[45,33],"tags":[],"class_list":["post-16880","post","type-post","status-publish","format-standard","has-post-thumbnail","hentry","category-efemerides-dia-por-dia","category-marzo"],"_links":{"self":[{"href":"https:\/\/www.sportchaco.com.ar\/index.php?rest_route=\/wp\/v2\/posts\/16880","targetHints":{"allow":["GET"]}}],"collection":[{"href":"https:\/\/www.sportchaco.com.ar\/index.php?rest_route=\/wp\/v2\/posts"}],"about":[{"href":"https:\/\/www.sportchaco.com.ar\/index.php?rest_route=\/wp\/v2\/types\/post"}],"author":[{"embeddable":true,"href":"https:\/\/www.sportchaco.com.ar\/index.php?rest_route=\/wp\/v2\/users\/2"}],"replies":[{"embeddable":true,"href":"https:\/\/www.sportchaco.com.ar\/index.php?rest_route=%2Fwp%2Fv2%2Fcomments&post=16880"}],"version-history":[{"count":2,"href":"https:\/\/www.sportchaco.com.ar\/index.php?rest_route=\/wp\/v2\/posts\/16880\/revisions"}],"predecessor-version":[{"id":16883,"href":"https:\/\/www.sportchaco.com.ar\/index.php?rest_route=\/wp\/v2\/posts\/16880\/revisions\/16883"}],"wp:featuredmedia":[{"embeddable":true,"href":"https:\/\/www.sportchaco.com.ar\/index.php?rest_route=\/wp\/v2\/media\/16881"}],"wp:attachment":[{"href":"https:\/\/www.sportchaco.com.ar\/index.php?rest_route=%2Fwp%2Fv2%2Fmedia&parent=16880"}],"wp:term":[{"taxonomy":"category","embeddable":true,"href":"https:\/\/www.sportchaco.com.ar\/index.php?rest_route=%2Fwp%2Fv2%2Fcategories&post=16880"},{"taxonomy":"post_tag","embeddable":true,"href":"https:\/\/www.sportchaco.com.ar\/index.php?rest_route=%2Fwp%2Fv2%2Ftags&post=16880"}],"curies":[{"name":"wp","href":"https:\/\/api.w.org\/{rel}","templated":true}]}}