{"id":16885,"date":"2025-03-02T23:45:07","date_gmt":"2025-03-03T02:45:07","guid":{"rendered":"https:\/\/www.sportchaco.com.ar\/?p=16885"},"modified":"2025-03-03T00:08:49","modified_gmt":"2025-03-03T03:08:49","slug":"scaloni-convoco-al-diablito-para-los-partidos-ante-uruguay-y-brasil","status":"publish","type":"post","link":"https:\/\/www.sportchaco.com.ar\/?p=16885","title":{"rendered":"Scaloni convoc\u00f3 al Diablito para los partidos ante Uruguay y Brasil"},"content":{"rendered":"<div><strong>03-03-2025<\/strong><\/div>\n<div><\/div>\n<div><img loading=\"lazy\" decoding=\"async\" class=\" wp-image-9468 aligncenter\" src=\"https:\/\/www.sportchaco.com.ar\/wp-content\/uploads\/2024\/05\/Nachec-728x90-2-300x37.gif\" alt=\"\" width=\"381\" height=\"47\" \/><\/div>\n<div><\/div>\n<div class=\"meta\">\n<p>De cara a los primeros compromisos oficiales del a\u00f1o, ante Uruguay y Brasil por las Eliminatorias Conmebol rumbo al Mundial de Estados Unidos, M\u00e9xico y Canad\u00e1 de 2026, el entrenador de la selecci\u00f3n argentina, Lionel Scaloni, dio la prelista con 33 jugadores que formar\u00e1n parte de esta fecha FIFA, y en la que se destaca la presencia de los chaque\u00f1os Claudio Echeverri y Walter Ben\u00edtez.<\/p>\n<p>Entre otra de las novedades m\u00e1s importantes de esta lista, est\u00e1 la presencia de Giovani Lo Celso, quien sufri\u00f3 una lesi\u00f3n muscular con el Betis en febrero y llegar\u00e1 con poco ritmo de competencia a los entrenamientos que se realizar\u00e1n en el predio de la AFA. Adem\u00e1s en el arco estar\u00e1 la presencia del nacido en General San Mart\u00edn, Walter Ben\u00edtez, que juega en el PSV.<\/p>\n<p>En la defensa aparecen nuevamente Facundo Medina y Juan Foyth, mientras que Francisco Ortega es la nueva opci\u00f3n en el lateral izquierdo para competir por el puesto con Nicol\u00e1s Tagliafico. En cuanto a la mitad de cancha, las novedades son M\u00e1ximo Perrone y el mencionado Claudio Echeverri.<\/p>\n<p>El volante viene de una gran temporada en el Como 1907 de la Serie A, mientras que el \u00abDiablito\u00bb se sum\u00f3 a las filas del Manchester City y viene de un buen Sudamericano Sub-20.<\/p>\n<\/div>\n<div><\/div>\n<section class=\"body\">\n<section class=\"content\">\n<div class=\"main-text\">\n<div class=\" large m_image\">\n<figure><picture><source srcset=\"https:\/\/www.diarionorte.com\/content\/bucket\/1\/401831w790h552c.jpg.webp\" type=\"image\/webp\" media=\"(min-width: 640px)\" \/><source srcset=\"https:\/\/www.diarionorte.com\/content\/bucket\/1\/401831w440h307c.jpg.webp\" type=\"image\/webp\" media=\"(min-width: 300px)\" \/><source srcset=\"https:\/\/www.diarionorte.com\/content\/bucket\/1\/401831w790h552c.jpg\" media=\"(min-width: 300px)\" \/><img loading=\"lazy\" decoding=\"async\" class=\"pic aligncenter\" src=\"https:\/\/www.diarionorte.com\/content\/bucket\/1\/401831w790h552c.jpg.webp\" alt=\"\" width=\"790\" height=\"552\" \/><\/picture><figcaption>El arquero Walter Ben\u00edtez, de General San Mart\u00edn, el otro chaque\u00f1o en la lista de Scaloni.<\/figcaption><\/figure>\n<\/div>\n<p>Por \u00faltimo, en la ofensiva regresaron Paulo Dybala y \u00c1ngel Correa, de buenos rendimientos en Roma y Atl\u00e9tico de Madrid, respectivamente, mientras que por primera vez aparecen Benjam\u00edn Dom\u00ednguez y Santiago Castro, quienes se asentaron en el Bologna de Italia.<\/p>\n<div class=\"center medium m_image\">\n<figure><picture><source srcset=\"https:\/\/www.diarionorte.com\/content\/bucket\/2\/401832w380h380c.jpg.webp\" type=\"image\/webp\" media=\"(min-width: 640px)\" \/><source srcset=\"https:\/\/www.diarionorte.com\/content\/bucket\/2\/401832w440h440c.jpg.webp\" type=\"image\/webp\" media=\"(min-width: 300px)\" \/><source srcset=\"https:\/\/www.diarionorte.com\/content\/bucket\/2\/401832w380h380c.jpg\" media=\"(min-width: 300px)\" \/><img loading=\"lazy\" decoding=\"async\" class=\"pic aligncenter\" src=\"https:\/\/www.diarionorte.com\/content\/bucket\/2\/401832w380h380c.jpg.webp\" alt=\"\" width=\"380\" height=\"380\" \/><\/picture><\/figure>\n<\/div>\n<p><strong>Los partidos<br \/>\nViernes 21 de marzo<\/strong><br \/>\n20.30: Uruguay &#8211; Argentina.<br \/>\n\u00c1rbitro: Juan Ben\u00edtez (Paraguay). Asistentes: Eduardo Cardozo (Paraguay) y Milciades Saldivar (Paraguay).<\/p>\n<p><strong>Martes 25 de marzo<\/strong><br \/>\n21: Argentina &#8211; Brasil.<br \/>\n\u00c1rbitro: Andr\u00e9s Rojas (Colombia). Asistentes: Alexander Guzman (Colombia) y Richard Ortiz (Colombia).<\/p>\n<\/div>\n<p><img loading=\"lazy\" decoding=\"async\" class=\"alignnone size-medium wp-image-16799\" src=\"https:\/\/www.sportchaco.com.ar\/wp-content\/uploads\/2025\/02\/aviso11-1-240x300.jpg\" alt=\"\" width=\"240\" height=\"300\" srcset=\"https:\/\/www.sportchaco.com.ar\/wp-content\/uploads\/2025\/02\/aviso11-1-240x300.jpg 240w, https:\/\/www.sportchaco.com.ar\/wp-content\/uploads\/2025\/02\/aviso11-1.jpg 480w\" sizes=\"auto, (max-width: 240px) 100vw, 240px\" \/> <img loading=\"lazy\" decoding=\"async\" class=\"alignnone size-medium wp-image-16798\" src=\"https:\/\/www.sportchaco.com.ar\/wp-content\/uploads\/2025\/02\/aviso-12-1-241x300.jpg\" alt=\"\" width=\"241\" height=\"300\" srcset=\"https:\/\/www.sportchaco.com.ar\/wp-content\/uploads\/2025\/02\/aviso-12-1-241x300.jpg 241w, https:\/\/www.sportchaco.com.ar\/wp-content\/uploads\/2025\/02\/aviso-12-1.jpg 481w\" sizes=\"auto, (max-width: 241px) 100vw, 241px\" \/><\/p>\n<\/section>\n<\/section>\n","protected":false},"excerpt":{"rendered":"<p>03-03-2025 De cara a los primeros compromisos oficiales del a\u00f1o, ante Uruguay y Brasil por las Eliminatorias Conmebol rumbo al Mundial de Estados Unidos, M\u00e9xico y Canad\u00e1 de 2026, el entrenador de la selecci\u00f3n argentina, Lionel Scaloni, dio la prelista con 33 jugadores que formar\u00e1n parte de esta fecha FIFA, y en la que se &hellip;<\/p>\n","protected":false},"author":2,"featured_media":16886,"comment_status":"open","ping_status":"open","sticky":false,"template":"","format":"standard","meta":{"footnotes":""},"categories":[6],"tags":[],"class_list":["post-16885","post","type-post","status-publish","format-standard","has-post-thumbnail","hentry","category-internacionales"],"_links":{"self":[{"href":"https:\/\/www.sportchaco.com.ar\/index.php?rest_route=\/wp\/v2\/posts\/16885","targetHints":{"allow":["GET"]}}],"collection":[{"href":"https:\/\/www.sportchaco.com.ar\/index.php?rest_route=\/wp\/v2\/posts"}],"about":[{"href":"https:\/\/www.sportchaco.com.ar\/index.php?rest_route=\/wp\/v2\/types\/post"}],"author":[{"embeddable":true,"href":"https:\/\/www.sportchaco.com.ar\/index.php?rest_route=\/wp\/v2\/users\/2"}],"replies":[{"embeddable":true,"href":"https:\/\/www.sportchaco.com.ar\/index.php?rest_route=%2Fwp%2Fv2%2Fcomments&post=16885"}],"version-history":[{"count":4,"href":"https:\/\/www.sportchaco.com.ar\/index.php?rest_route=\/wp\/v2\/posts\/16885\/revisions"}],"predecessor-version":[{"id":16899,"href":"https:\/\/www.sportchaco.com.ar\/index.php?rest_route=\/wp\/v2\/posts\/16885\/revisions\/16899"}],"wp:featuredmedia":[{"embeddable":true,"href":"https:\/\/www.sportchaco.com.ar\/index.php?rest_route=\/wp\/v2\/media\/16886"}],"wp:attachment":[{"href":"https:\/\/www.sportchaco.com.ar\/index.php?rest_route=%2Fwp%2Fv2%2Fmedia&parent=16885"}],"wp:term":[{"taxonomy":"category","embeddable":true,"href":"https:\/\/www.sportchaco.com.ar\/index.php?rest_route=%2Fwp%2Fv2%2Fcategories&post=16885"},{"taxonomy":"post_tag","embeddable":true,"href":"https:\/\/www.sportchaco.com.ar\/index.php?rest_route=%2Fwp%2Fv2%2Ftags&post=16885"}],"curies":[{"name":"wp","href":"https:\/\/api.w.org\/{rel}","templated":true}]}}