{"id":16904,"date":"2025-03-03T23:19:40","date_gmt":"2025-03-04T02:19:40","guid":{"rendered":"https:\/\/www.sportchaco.com.ar\/?p=16904"},"modified":"2025-03-03T23:20:14","modified_gmt":"2025-03-04T02:20:14","slug":"16904","status":"publish","type":"post","link":"https:\/\/www.sportchaco.com.ar\/?p=16904","title":{"rendered":"Efem\u00e9rides del 4 de marzo"},"content":{"rendered":"<div class=\"featured-area\">\n<div class=\"featured-area-inner\">\n<h4 class=\"single-featured-image\"><\/h4>\n<\/div>\n<\/div>\n<div class=\"entry-content entry clearfix\">\n<h4><strong>Esta es la Efem\u00e9rides del Deporte en el Chaco de un 4 de marzo del periodista Luis Dar\u00edo Molodezky.<\/strong><\/h4>\n<h4><\/h4>\n<\/div>\n<p><img loading=\"lazy\" decoding=\"async\" class=\"alignnone size-medium wp-image-16671\" src=\"https:\/\/www.sportchaco.com.ar\/wp-content\/uploads\/2025\/02\/Molodezky-Luis-11-05-24-1-300x225.jpg\" alt=\"\" width=\"300\" height=\"225\" srcset=\"https:\/\/www.sportchaco.com.ar\/wp-content\/uploads\/2025\/02\/Molodezky-Luis-11-05-24-1-300x225.jpg 300w, https:\/\/www.sportchaco.com.ar\/wp-content\/uploads\/2025\/02\/Molodezky-Luis-11-05-24-1-1024x768.jpg 1024w, https:\/\/www.sportchaco.com.ar\/wp-content\/uploads\/2025\/02\/Molodezky-Luis-11-05-24-1-768x576.jpg 768w, https:\/\/www.sportchaco.com.ar\/wp-content\/uploads\/2025\/02\/Molodezky-Luis-11-05-24-1-1536x1153.jpg 1536w, https:\/\/www.sportchaco.com.ar\/wp-content\/uploads\/2025\/02\/Molodezky-Luis-11-05-24-1.jpg 1599w\" sizes=\"auto, (max-width: 300px) 100vw, 300px\" \/><strong>Luis Dar\u00edo Molodezky<\/strong><\/p>\n<div class=\"entry-content entry clearfix\">\n<p><strong>1888 \/\u00a0<\/strong>Nace en M\u00f3dena, Italia, en 1888, Aldo Agazzani. Hac\u00eda diariamente 90 kil\u00f3metros en bicicleta a Bologna para visitar su novia. Su amor por las bicicletas lo llev\u00f3 a ser un deportista consagrado en Italia. El 29 de diciembre de 1909, lleg\u00f3 al pa\u00eds en el vapor Argentina con 21 a\u00f1os, cargado de sue\u00f1os. En 1911 lleg\u00f3 a Resistencia (10 mil habitantes), donde le dec\u00eda que se estaba gestando un nuevo centro industrial y comercial en donde todo estaba por hacer. Instala un rudimentario taller mec\u00e1nico. Arregla rev\u00f3lveres, ajusta y modifica escopetas, repara m\u00e1quinas de coser y ejecuta, en esa \u00f3rbita, distintos trabajos del ramo. Trae las tres primeras bicicletas, pero no logra venderlas. Resuelve, entonces alquilarlas, ense\u00f1ando a los j\u00f3venes y ni\u00f1os su manejo, y con ello echa las bases de las actividades ciclistas en el territorio. Fue el introductor del ciclismo. Luego, este taller deriv\u00f3 en la primera f\u00e1brica de bicicletas del Chaco, dedic\u00e1ndose al armado y producci\u00f3n de las mismas.<\/p>\n<p><strong>1937\u00a0<\/strong>\/ Nace en Rafaela, Santa Fe, Edison Omar Rodr\u00edguez (P). Radicado en S\u00e1enz Pe\u00f1a se vincul\u00f3 al diario La Acci\u00f3n y luego en La Humanidad de Resistencia. Estudio en la Escuela Benjam\u00edn Zorrilla y Colegio Nacional. Trabaj\u00f3 desde los 15 a\u00f1os en El Territorio como aspirante en Deportes, donde luego fue cronista, redactor, Jefe de Deportes, Secretario y Jefe de Redacci\u00f3n, terminando como subdirector hasta su cierre en 1989. Trabaj\u00f3 como informativista y los programas de deporte, adem\u00e1s de las transmisiones locales y nacional de LT 5 Radio Chaco. Fue corresponsal de El Gr\u00e1fico. Fue pionero en la TV, ya que llev\u00f3 a Canal 9 los primeros programas de deporte. A los 21 transmiti\u00f3 su primer Argentino de B\u00e1squetbol en Neuqu\u00e9n y a partir de all\u00ed viaj\u00f3 casi todos los a\u00f1os para cubrir ese evento nacional. A principios del 2000 public\u00f3 \u201cPinceladas Deportivas\u201d y tras el cierre de El Territorio colabor\u00f3 con notas especiales en Norte. El 7 de junio de 2005 con motivo del D\u00eda del Periodista recibi\u00f3 un homenaje de la C\u00e1mara de Diputados del Chaco. Falleci\u00f3 el 10 de enero de 2013.<\/p>\n<p><strong>2006\u00a0<\/strong>\/ El charatense Dar\u00edo Avallay ratifica su predominio en la zona, al adjudicarse el marat\u00f3n \u201c94\u00ba Aniversario de S\u00e1enz Pe\u00f1a\u201d, que se corri\u00f3 por las calles de esa ciudad. En pre-veteranos el triunfo fue para Ram\u00f3n Veronese de Tirol; entre los veteranos estuvo Edgardo Casales (Charata).<\/p>\n<\/div>\n<p>&nbsp;<\/p>\n<p><strong>Foto del frente de Bicicleter\u00eda Agazzani en L\u00f3pez y Planes 80<\/strong><\/p>\n<p>&nbsp;<\/p>\n<p style=\"text-align: center;\"><img loading=\"lazy\" decoding=\"async\" class=\"alignnone size-medium wp-image-16905\" src=\"https:\/\/www.sportchaco.com.ar\/wp-content\/uploads\/2025\/03\/Agazzani-519x470-1-300x272.jpg\" alt=\"\" width=\"300\" height=\"272\" srcset=\"https:\/\/www.sportchaco.com.ar\/wp-content\/uploads\/2025\/03\/Agazzani-519x470-1-300x272.jpg 300w, https:\/\/www.sportchaco.com.ar\/wp-content\/uploads\/2025\/03\/Agazzani-519x470-1.jpg 519w\" sizes=\"auto, (max-width: 300px) 100vw, 300px\" \/> <img loading=\"lazy\" decoding=\"async\" class=\"alignnone size-medium wp-image-16657\" src=\"https:\/\/www.sportchaco.com.ar\/wp-content\/uploads\/2025\/02\/gob-bombeo-2-240x300.jpg\" alt=\"\" width=\"240\" height=\"300\" srcset=\"https:\/\/www.sportchaco.com.ar\/wp-content\/uploads\/2025\/02\/gob-bombeo-2-240x300.jpg 240w, https:\/\/www.sportchaco.com.ar\/wp-content\/uploads\/2025\/02\/gob-bombeo-2-821x1024.jpg 821w, https:\/\/www.sportchaco.com.ar\/wp-content\/uploads\/2025\/02\/gob-bombeo-2-768x958.jpg 768w, https:\/\/www.sportchaco.com.ar\/wp-content\/uploads\/2025\/02\/gob-bombeo-2-1231x1536.jpg 1231w, https:\/\/www.sportchaco.com.ar\/wp-content\/uploads\/2025\/02\/gob-bombeo-2.jpg 1440w\" sizes=\"auto, (max-width: 240px) 100vw, 240px\" \/> <img loading=\"lazy\" decoding=\"async\" class=\"alignnone size-medium wp-image-16658\" src=\"https:\/\/www.sportchaco.com.ar\/wp-content\/uploads\/2025\/02\/gob-bombeo-240x300.jpg\" alt=\"\" width=\"240\" height=\"300\" srcset=\"https:\/\/www.sportchaco.com.ar\/wp-content\/uploads\/2025\/02\/gob-bombeo-240x300.jpg 240w, https:\/\/www.sportchaco.com.ar\/wp-content\/uploads\/2025\/02\/gob-bombeo.jpg 480w\" sizes=\"auto, (max-width: 240px) 100vw, 240px\" \/><\/p>\n","protected":false},"excerpt":{"rendered":"<p>Esta es la Efem\u00e9rides del Deporte en el Chaco de un 4 de marzo del periodista Luis Dar\u00edo Molodezky. Luis Dar\u00edo Molodezky 1888 \/\u00a0Nace en M\u00f3dena, Italia, en 1888, Aldo Agazzani. Hac\u00eda diariamente 90 kil\u00f3metros en bicicleta a Bologna para visitar su novia. Su amor por las bicicletas lo llev\u00f3 a ser un deportista consagrado &hellip;<\/p>\n","protected":false},"author":2,"featured_media":16905,"comment_status":"open","ping_status":"open","sticky":false,"template":"","format":"standard","meta":{"footnotes":""},"categories":[45,33],"tags":[],"class_list":["post-16904","post","type-post","status-publish","format-standard","has-post-thumbnail","hentry","category-efemerides-dia-por-dia","category-marzo"],"_links":{"self":[{"href":"https:\/\/www.sportchaco.com.ar\/index.php?rest_route=\/wp\/v2\/posts\/16904","targetHints":{"allow":["GET"]}}],"collection":[{"href":"https:\/\/www.sportchaco.com.ar\/index.php?rest_route=\/wp\/v2\/posts"}],"about":[{"href":"https:\/\/www.sportchaco.com.ar\/index.php?rest_route=\/wp\/v2\/types\/post"}],"author":[{"embeddable":true,"href":"https:\/\/www.sportchaco.com.ar\/index.php?rest_route=\/wp\/v2\/users\/2"}],"replies":[{"embeddable":true,"href":"https:\/\/www.sportchaco.com.ar\/index.php?rest_route=%2Fwp%2Fv2%2Fcomments&post=16904"}],"version-history":[{"count":2,"href":"https:\/\/www.sportchaco.com.ar\/index.php?rest_route=\/wp\/v2\/posts\/16904\/revisions"}],"predecessor-version":[{"id":16907,"href":"https:\/\/www.sportchaco.com.ar\/index.php?rest_route=\/wp\/v2\/posts\/16904\/revisions\/16907"}],"wp:featuredmedia":[{"embeddable":true,"href":"https:\/\/www.sportchaco.com.ar\/index.php?rest_route=\/wp\/v2\/media\/16905"}],"wp:attachment":[{"href":"https:\/\/www.sportchaco.com.ar\/index.php?rest_route=%2Fwp%2Fv2%2Fmedia&parent=16904"}],"wp:term":[{"taxonomy":"category","embeddable":true,"href":"https:\/\/www.sportchaco.com.ar\/index.php?rest_route=%2Fwp%2Fv2%2Fcategories&post=16904"},{"taxonomy":"post_tag","embeddable":true,"href":"https:\/\/www.sportchaco.com.ar\/index.php?rest_route=%2Fwp%2Fv2%2Ftags&post=16904"}],"curies":[{"name":"wp","href":"https:\/\/api.w.org\/{rel}","templated":true}]}}