{"id":16908,"date":"2025-03-03T11:28:30","date_gmt":"2025-03-03T14:28:30","guid":{"rendered":"https:\/\/www.sportchaco.com.ar\/?p=16908"},"modified":"2025-03-03T12:27:46","modified_gmt":"2025-03-03T15:27:46","slug":"milena-cattarozzi-fue-citada-a-la-seleccion-nacional-de-tkd","status":"publish","type":"post","link":"https:\/\/www.sportchaco.com.ar\/?p=16908","title":{"rendered":"Milena Cattarozzi fue citada a la Selecci\u00f3n Nacional de tkd"},"content":{"rendered":"<header>\n<h1><strong><span style=\"font-size: 16px;\">03-03-2025<\/span><\/strong><\/h1>\n<p><img loading=\"lazy\" decoding=\"async\" class=\" wp-image-11424 aligncenter\" src=\"https:\/\/www.sportchaco.com.ar\/wp-content\/uploads\/2024\/07\/gob-salud-fijo-marzo-300x50.jpg\" alt=\"\" width=\"342\" height=\"57\" srcset=\"https:\/\/www.sportchaco.com.ar\/wp-content\/uploads\/2024\/07\/gob-salud-fijo-marzo-300x50.jpg 300w, https:\/\/www.sportchaco.com.ar\/wp-content\/uploads\/2024\/07\/gob-salud-fijo-marzo-1024x171.jpg 1024w, https:\/\/www.sportchaco.com.ar\/wp-content\/uploads\/2024\/07\/gob-salud-fijo-marzo-768x128.jpg 768w, https:\/\/www.sportchaco.com.ar\/wp-content\/uploads\/2024\/07\/gob-salud-fijo-marzo.jpg 1200w\" sizes=\"auto, (max-width: 342px) 100vw, 342px\" \/><\/p>\n<p><span style=\"font-size: 16px; font-weight: 400;\">El taekondo ol\u00edmpico del Chaco celebr\u00f3 en las \u00faltimas horas la convocatoria de Milena Cattarozzi (27 a\u00f1os) a la Selecci\u00f3n Nacional en la especialidad combate. Es la primera vez que una exponente de nuestra provincia accede a una citaci\u00f3n de esta arte marcial en el mencionado estilo.<\/span><\/p>\n<\/header>\n<section class=\"body\">\n<section class=\"content\">\n<div class=\"main-text\">\n<p>Esta citaci\u00f3n no es casual porque en la temporada 2024 la atleta registr\u00f3 una buena performance con la obtenci\u00f3n del Nacional en la categor\u00eda hasta 57 kg.<\/p>\n<p>Est\u00e1 previsto que en el transcurso de los pr\u00f3ximos d\u00edas se sume a la concentraci\u00f3n programada en el Cenard con los dem\u00e1s citados que se pondr\u00e1n a punto de cara a los venideros compromisos internacionales que afrontar\u00e1 Argentina. Adem\u00e1s, se alista para ser de la partida en el Open de R\u00edo de Janeiro en mayo, que otorga puntos para el Ranking mundial.<\/p>\n<p>Milena Cattarozzi estuvo alejada de la disciplina por espacio de cinco a\u00f1os y retom\u00f3 las pr\u00e1cticas en 2023, sum\u00e1ndose a la Escuela Temple Taekwondo, entrenando diariamente en lo f\u00edsico y t\u00e9cnico-t\u00e1ctico, tambi\u00e9n contando con atenci\u00f3n nutricional y en psicolog\u00eda deportiva, lo que la llev\u00f3 a un gran nivel r\u00e1pidamente.<\/p>\n<p>Tuvo palabras de agradecimiento a los que respaldan su desarrollo deportivo, entre ellos, su familia, los compa\u00f1eros de entrenamiento y los profesionales que forman parte del equipo, Fundaci\u00f3n Temple por la gesti\u00f3n y apoyo, al Instituto del Deporte Chaque\u00f1o y al \u00e1rea de Sponsorizaci\u00f3n, y los sponsors Derka y Vargas, Star SA, Aguiar Resistencia, Casinos Gala, Zorz\u00f3n Supermercados.<\/p>\n<p><em><strong>Fuente: Diario Norte<\/strong><\/em><\/p>\n<\/div>\n<header>\n<div class=\"meta\"><time>\u00a0<\/time><\/div>\n<\/header>\n<section class=\"body\">\n<section class=\"content\">\n<div class=\"main-text\">\n<div class=\"social\">\n<div class=\"share\"><\/div>\n<\/div>\n<div class=\" large m_image\" style=\"text-align: center;\">\n<figure><figcaption><em>FOTO PORTADA: Milena Cattarozzi retom\u00f3 las pr\u00e1cticas en 2023 luego de estar alejada por espacio de cinco a\u00f1os.<br \/>\n<\/em><img loading=\"lazy\" decoding=\"async\" class=\"alignnone size-medium wp-image-16784\" src=\"https:\/\/www.sportchaco.com.ar\/wp-content\/uploads\/2025\/02\/aviso11-240x300.jpg\" alt=\"\" width=\"240\" height=\"300\" srcset=\"https:\/\/www.sportchaco.com.ar\/wp-content\/uploads\/2025\/02\/aviso11-240x300.jpg 240w, https:\/\/www.sportchaco.com.ar\/wp-content\/uploads\/2025\/02\/aviso11.jpg 480w\" sizes=\"auto, (max-width: 240px) 100vw, 240px\" \/> <img loading=\"lazy\" decoding=\"async\" class=\"alignnone size-medium wp-image-16785\" src=\"https:\/\/www.sportchaco.com.ar\/wp-content\/uploads\/2025\/02\/aviso-12-241x300.jpg\" alt=\"\" width=\"241\" height=\"300\" srcset=\"https:\/\/www.sportchaco.com.ar\/wp-content\/uploads\/2025\/02\/aviso-12-241x300.jpg 241w, https:\/\/www.sportchaco.com.ar\/wp-content\/uploads\/2025\/02\/aviso-12.jpg 481w\" sizes=\"auto, (max-width: 241px) 100vw, 241px\" \/><\/figcaption><\/figure>\n<\/div>\n<\/div>\n<\/section>\n<\/section>\n<\/section>\n<\/section>\n","protected":false},"excerpt":{"rendered":"<p>03-03-2025 El taekondo ol\u00edmpico del Chaco celebr\u00f3 en las \u00faltimas horas la convocatoria de Milena Cattarozzi (27 a\u00f1os) a la Selecci\u00f3n Nacional en la especialidad combate. Es la primera vez que una exponente de nuestra provincia accede a una citaci\u00f3n de esta arte marcial en el mencionado estilo. Esta citaci\u00f3n no es casual porque en &hellip;<\/p>\n","protected":false},"author":2,"featured_media":16909,"comment_status":"open","ping_status":"open","sticky":false,"template":"","format":"standard","meta":{"footnotes":""},"categories":[62],"tags":[],"class_list":["post-16908","post","type-post","status-publish","format-standard","has-post-thumbnail","hentry","category-artes-marciales"],"_links":{"self":[{"href":"https:\/\/www.sportchaco.com.ar\/index.php?rest_route=\/wp\/v2\/posts\/16908","targetHints":{"allow":["GET"]}}],"collection":[{"href":"https:\/\/www.sportchaco.com.ar\/index.php?rest_route=\/wp\/v2\/posts"}],"about":[{"href":"https:\/\/www.sportchaco.com.ar\/index.php?rest_route=\/wp\/v2\/types\/post"}],"author":[{"embeddable":true,"href":"https:\/\/www.sportchaco.com.ar\/index.php?rest_route=\/wp\/v2\/users\/2"}],"replies":[{"embeddable":true,"href":"https:\/\/www.sportchaco.com.ar\/index.php?rest_route=%2Fwp%2Fv2%2Fcomments&post=16908"}],"version-history":[{"count":4,"href":"https:\/\/www.sportchaco.com.ar\/index.php?rest_route=\/wp\/v2\/posts\/16908\/revisions"}],"predecessor-version":[{"id":16913,"href":"https:\/\/www.sportchaco.com.ar\/index.php?rest_route=\/wp\/v2\/posts\/16908\/revisions\/16913"}],"wp:featuredmedia":[{"embeddable":true,"href":"https:\/\/www.sportchaco.com.ar\/index.php?rest_route=\/wp\/v2\/media\/16909"}],"wp:attachment":[{"href":"https:\/\/www.sportchaco.com.ar\/index.php?rest_route=%2Fwp%2Fv2%2Fmedia&parent=16908"}],"wp:term":[{"taxonomy":"category","embeddable":true,"href":"https:\/\/www.sportchaco.com.ar\/index.php?rest_route=%2Fwp%2Fv2%2Fcategories&post=16908"},{"taxonomy":"post_tag","embeddable":true,"href":"https:\/\/www.sportchaco.com.ar\/index.php?rest_route=%2Fwp%2Fv2%2Ftags&post=16908"}],"curies":[{"name":"wp","href":"https:\/\/api.w.org\/{rel}","templated":true}]}}