{"id":16914,"date":"2025-03-03T12:45:51","date_gmt":"2025-03-03T15:45:51","guid":{"rendered":"https:\/\/www.sportchaco.com.ar\/?p=16914"},"modified":"2025-03-03T12:45:51","modified_gmt":"2025-03-03T15:45:51","slug":"el-federativo-se-pondra-en-marcha-en-el-mes-de-abril","status":"publish","type":"post","link":"https:\/\/www.sportchaco.com.ar\/?p=16914","title":{"rendered":"El Federativo se pondr\u00e1 en marcha en el mes de abril"},"content":{"rendered":"<p><strong>03-03-2025<\/strong><\/p>\n<p><img loading=\"lazy\" decoding=\"async\" class=\" wp-image-11990 aligncenter\" src=\"https:\/\/www.sportchaco.com.ar\/wp-content\/uploads\/2024\/07\/Copy-of-CHACO-JUEGA-BANNERS-1_1200X200-1-300x50.gif\" alt=\"\" width=\"342\" height=\"57\" srcset=\"https:\/\/www.sportchaco.com.ar\/wp-content\/uploads\/2024\/07\/Copy-of-CHACO-JUEGA-BANNERS-1_1200X200-1-300x50.gif 300w, https:\/\/www.sportchaco.com.ar\/wp-content\/uploads\/2024\/07\/Copy-of-CHACO-JUEGA-BANNERS-1_1200X200-1-1024x171.gif 1024w, https:\/\/www.sportchaco.com.ar\/wp-content\/uploads\/2024\/07\/Copy-of-CHACO-JUEGA-BANNERS-1_1200X200-1-768x128.gif 768w\" sizes=\"auto, (max-width: 342px) 100vw, 342px\" \/><\/p>\n<p>El 5 y 6 de abril comenzar\u00e1 el Torneo Federativo, de acuerdo con lo resuelto por la Federaci\u00f3n Chaque\u00f1a de F\u00fatbol en reuni\u00f3n mantenida en Las Garcitas. All\u00ed se abordaron distintos puntos relacionados con las competencias de las distintas categor\u00edas y arancel arbitral.<\/p>\n<p>El c\u00f3nclave fue encabezado por el conductor de la F.Ch.F., Rafael Canteros Valls; y tambi\u00e9n asistieron por la Liga Saenzpe\u00f1ense su titular, N\u00e9stor Omar Salto; y los presidentes de las ligas Regional, Ren\u00e9 Ben\u00edtez; Del Norte, Sergio Sosa; de Las Palmas, Roberto Rivas; y de AFOCH, Adil S\u00e1nchez.<\/p>\n<p>Fue el primer contacto mantenido por los representantes de las entidades vinculadas a la Federaci\u00f3n Chaque\u00f1a tras el di\u00e1logo mantenido el 17 de febrero pasado con el gobernador Leandro Zdero, a quien le expusieron la realidad institucional y econ\u00f3mica del f\u00fatbol amateur de la provincia, y le efectuaron un petitorio.<\/p>\n<p>Precisamente en Las Garcitas se analizaron los alcances de aquella reuni\u00f3n con el mandatario chaque\u00f1o, y se coincidi\u00f3 en insistir con las ayudas econ\u00f3micas en lo que se refiere a las tarifas el\u00e9ctricas de los clubes, adicional de polic\u00eda para los torneos de ligas y Torneo Federativo.<\/p>\n<p>En este punto, y tal como se hab\u00eda deslizado, el inicio del ya tradicional certamen de clubes fue estipulado para el s\u00e1bado 5 y domingo 6 de abril, con la participaci\u00f3n de 32 equipos, a raz\u00f3n de 4 por ligas y distribuidos en zonas Este y Oeste, como en las \u00faltimas temporadas. El Federativo femenino comenzar\u00e1 en mayo; y los torneos juveniles Sub 13 y Sub 15, en junio.<\/p>\n<p>En relaci\u00f3n con los aranceles de las ternas arbitrales, para el Federativo masculino ha sido estipulado en 100.000 pesos y el Federativo femenino en 70.000, con 20.000 pesos de vi\u00e1ticos para cada juez y 850 pesos el costo del kil\u00f3metro de traslado desde su liga de origen hasta la sede del partido.<\/p>\n<p><em><strong>Fuente: Eco Deportivo<\/strong><\/em><\/p>\n<p><img loading=\"lazy\" decoding=\"async\" class=\" wp-image-14093 aligncenter\" src=\"https:\/\/www.sportchaco.com.ar\/wp-content\/uploads\/2024\/10\/CHACO-JUEGA-BANNERS-1_250X250-1-1.gif\" alt=\"\" width=\"295\" height=\"295\" \/><\/p>\n","protected":false},"excerpt":{"rendered":"<p>03-03-2025 El 5 y 6 de abril comenzar\u00e1 el Torneo Federativo, de acuerdo con lo resuelto por la Federaci\u00f3n Chaque\u00f1a de F\u00fatbol en reuni\u00f3n mantenida en Las Garcitas. All\u00ed se abordaron distintos puntos relacionados con las competencias de las distintas categor\u00edas y arancel arbitral. El c\u00f3nclave fue encabezado por el conductor de la F.Ch.F., Rafael &hellip;<\/p>\n","protected":false},"author":3,"featured_media":16915,"comment_status":"open","ping_status":"open","sticky":false,"template":"","format":"standard","meta":{"footnotes":""},"categories":[5],"tags":[],"class_list":["post-16914","post","type-post","status-publish","format-standard","has-post-thumbnail","hentry","category-futbol"],"_links":{"self":[{"href":"https:\/\/www.sportchaco.com.ar\/index.php?rest_route=\/wp\/v2\/posts\/16914","targetHints":{"allow":["GET"]}}],"collection":[{"href":"https:\/\/www.sportchaco.com.ar\/index.php?rest_route=\/wp\/v2\/posts"}],"about":[{"href":"https:\/\/www.sportchaco.com.ar\/index.php?rest_route=\/wp\/v2\/types\/post"}],"author":[{"embeddable":true,"href":"https:\/\/www.sportchaco.com.ar\/index.php?rest_route=\/wp\/v2\/users\/3"}],"replies":[{"embeddable":true,"href":"https:\/\/www.sportchaco.com.ar\/index.php?rest_route=%2Fwp%2Fv2%2Fcomments&post=16914"}],"version-history":[{"count":1,"href":"https:\/\/www.sportchaco.com.ar\/index.php?rest_route=\/wp\/v2\/posts\/16914\/revisions"}],"predecessor-version":[{"id":16916,"href":"https:\/\/www.sportchaco.com.ar\/index.php?rest_route=\/wp\/v2\/posts\/16914\/revisions\/16916"}],"wp:featuredmedia":[{"embeddable":true,"href":"https:\/\/www.sportchaco.com.ar\/index.php?rest_route=\/wp\/v2\/media\/16915"}],"wp:attachment":[{"href":"https:\/\/www.sportchaco.com.ar\/index.php?rest_route=%2Fwp%2Fv2%2Fmedia&parent=16914"}],"wp:term":[{"taxonomy":"category","embeddable":true,"href":"https:\/\/www.sportchaco.com.ar\/index.php?rest_route=%2Fwp%2Fv2%2Fcategories&post=16914"},{"taxonomy":"post_tag","embeddable":true,"href":"https:\/\/www.sportchaco.com.ar\/index.php?rest_route=%2Fwp%2Fv2%2Ftags&post=16914"}],"curies":[{"name":"wp","href":"https:\/\/api.w.org\/{rel}","templated":true}]}}