{"id":16920,"date":"2025-03-04T08:17:51","date_gmt":"2025-03-04T11:17:51","guid":{"rendered":"https:\/\/www.sportchaco.com.ar\/?p=16920"},"modified":"2025-03-04T08:17:51","modified_gmt":"2025-03-04T11:17:51","slug":"la-academia-sportina-dejo-su-huella-en-el-chaco","status":"publish","type":"post","link":"https:\/\/www.sportchaco.com.ar\/?p=16920","title":{"rendered":"La Academia Sportina dej\u00f3 su huella en el Chaco"},"content":{"rendered":"<p><strong>04-03-2025<\/strong><\/p>\n<p><img loading=\"lazy\" decoding=\"async\" class=\" wp-image-9468 aligncenter\" src=\"https:\/\/www.sportchaco.com.ar\/wp-content\/uploads\/2024\/05\/Nachec-728x90-2-300x37.gif\" alt=\"\" width=\"357\" height=\"44\" \/><\/p>\n<p>D\u00edas atr\u00e1s, la agencia deportiva Sportina llev\u00f3 adelante una gran movida deportiva, que consisti\u00f3 en la llegada a la provincia del coordinador del Minib\u00e1squet de la Confederaci\u00f3n Argentina de B\u00e1squet (CAB) Juan Lofrano, quien expuso todos sus conocimientos a los ni\u00f1os y ni\u00f1as de los clubes AMBALAB de Las Bre\u00f1as, durante el jueves y viernes, y en San Fernando durante el s\u00e1bado y domingo.<\/p>\n<figure class=\"wp-block-image size-large\"><a href=\"https:\/\/baskettotal.com.ar\/wp-content\/uploads\/2025\/03\/campus-2.jpg\"><img loading=\"lazy\" decoding=\"async\" class=\"lazy wp-image-26494 lazy-loaded aligncenter\" src=\"https:\/\/baskettotal.com.ar\/wp-content\/uploads\/2025\/03\/campus-2-1024x643.jpg\" sizes=\"auto, (max-width: 1024px) 100vw, 1024px\" srcset=\"https:\/\/baskettotal.com.ar\/wp-content\/uploads\/2025\/03\/campus-2-1024x643.jpg 1024w, https:\/\/baskettotal.com.ar\/wp-content\/uploads\/2025\/03\/campus-2-300x188.jpg 300w, https:\/\/baskettotal.com.ar\/wp-content\/uploads\/2025\/03\/campus-2-768x482.jpg 768w, https:\/\/baskettotal.com.ar\/wp-content\/uploads\/2025\/03\/campus-2-95x60.jpg 95w, https:\/\/baskettotal.com.ar\/wp-content\/uploads\/2025\/03\/campus-2.jpg 1040w\" alt=\"\" width=\"1024\" height=\"643\" data-lazy-type=\"image\" data-lazy-src=\"https:\/\/baskettotal.com.ar\/wp-content\/uploads\/2025\/03\/campus-2-1024x643.jpg\" data-lazy-srcset=\"https:\/\/baskettotal.com.ar\/wp-content\/uploads\/2025\/03\/campus-2-1024x643.jpg 1024w, https:\/\/baskettotal.com.ar\/wp-content\/uploads\/2025\/03\/campus-2-300x188.jpg 300w, https:\/\/baskettotal.com.ar\/wp-content\/uploads\/2025\/03\/campus-2-768x482.jpg 768w, https:\/\/baskettotal.com.ar\/wp-content\/uploads\/2025\/03\/campus-2-95x60.jpg 95w, https:\/\/baskettotal.com.ar\/wp-content\/uploads\/2025\/03\/campus-2.jpg 1040w\" data-lazy-sizes=\"(max-width: 1024px) 100vw, 1024px\" \/><\/a><\/figure>\n<p>Con respecto a la modalidad del trabajo en este Campus para el Minib\u00e1squet, ambas sedes tuvieron lugar desde el 26 de febrero y hasta el 2 de marzo y los destinatarios fueron ni\u00f1os y ni\u00f1as de las categor\u00edas Pre \u2013 Mini (8\/9 a\u00f1os), Mini (10\/11 a\u00f1os) y U13 (12\/13 a\u00f1os). Por AMBALAB en Las Bre\u00f1as, Oscar Tolosa y equipo en la dirigencia, adem\u00e1s por San Fernando Manuel Abarca, Gustavo Tolosa y la colaboraci\u00f3n del experimentado entrenador Sergio Ruberto; coordinaron las jornadas deportivas.<\/p>\n<p>En Las Bre\u00f1as, el mi\u00e9rcoles 26 (un turno), jueves 27 (doble turno) y viernes 28 (un turno), Juan Lofrano desarroll\u00f3 su propuesta en la capital del inmigrante, acompa\u00f1ado por el equipo de entrenadores del club AMBALAB comandados por Alfredo Afranchi y entrenadores invitados de la zona (Emiliano Noir de General Pinedo y Luciano Mierez de For Ever).<\/p>\n<figure class=\"wp-block-image size-large\"><a href=\"https:\/\/baskettotal.com.ar\/wp-content\/uploads\/2025\/03\/campus-7.jpg\"><img loading=\"lazy\" decoding=\"async\" class=\"lazy wp-image-26490 lazy-loaded aligncenter\" src=\"https:\/\/baskettotal.com.ar\/wp-content\/uploads\/2025\/03\/campus-7-1024x667.jpg\" sizes=\"auto, (max-width: 1024px) 100vw, 1024px\" srcset=\"https:\/\/baskettotal.com.ar\/wp-content\/uploads\/2025\/03\/campus-7-1024x667.jpg 1024w, https:\/\/baskettotal.com.ar\/wp-content\/uploads\/2025\/03\/campus-7-300x195.jpg 300w, https:\/\/baskettotal.com.ar\/wp-content\/uploads\/2025\/03\/campus-7-768x500.jpg 768w, https:\/\/baskettotal.com.ar\/wp-content\/uploads\/2025\/03\/campus-7.jpg 1040w\" alt=\"\" width=\"1024\" height=\"667\" data-lazy-type=\"image\" data-lazy-src=\"https:\/\/baskettotal.com.ar\/wp-content\/uploads\/2025\/03\/campus-7-1024x667.jpg\" data-lazy-srcset=\"https:\/\/baskettotal.com.ar\/wp-content\/uploads\/2025\/03\/campus-7-1024x667.jpg 1024w, https:\/\/baskettotal.com.ar\/wp-content\/uploads\/2025\/03\/campus-7-300x195.jpg 300w, https:\/\/baskettotal.com.ar\/wp-content\/uploads\/2025\/03\/campus-7-768x500.jpg 768w, https:\/\/baskettotal.com.ar\/wp-content\/uploads\/2025\/03\/campus-7.jpg 1040w\" data-lazy-sizes=\"(max-width: 1024px) 100vw, 1024px\" \/><\/a><\/figure>\n<p>En tanto que en Resistencia el s\u00e1bado 1 y el domingo 2, en ambos d\u00edas en doble turno, Lofrano continu\u00f3 con el Campus y las clases, finalizando con una muy importante charla para padres y dirigentes. El Campus fue mixto y de car\u00e1cter abierto, donde ni\u00f1os y ni\u00f1as se sometieron a jornadas de aprendizaje y diversi\u00f3n.<\/p>\n<p><strong>El staff<br \/>\n<\/strong>Los profesores que acompa\u00f1aron a Lofrano en ambos d\u00edas en el club San Fernando fueron: Manuel Abarca, Sergio Ruberto, Luciano Mi\u00e9rez, como as\u00ed tambi\u00e9n el preparador f\u00edsico Ca\u00edn Orb\u00e1n y como colaborador estuvo Sergio Navarro.<\/p>\n<figure class=\"wp-block-image size-large\"><a href=\"https:\/\/baskettotal.com.ar\/wp-content\/uploads\/2025\/03\/fff.jpg\"><img loading=\"lazy\" decoding=\"async\" class=\"lazy wp-image-26487 lazy-loaded aligncenter\" src=\"https:\/\/baskettotal.com.ar\/wp-content\/uploads\/2025\/03\/fff-1024x732.jpg\" sizes=\"auto, (max-width: 1024px) 100vw, 1024px\" srcset=\"https:\/\/baskettotal.com.ar\/wp-content\/uploads\/2025\/03\/fff-1024x732.jpg 1024w, https:\/\/baskettotal.com.ar\/wp-content\/uploads\/2025\/03\/fff-300x214.jpg 300w, https:\/\/baskettotal.com.ar\/wp-content\/uploads\/2025\/03\/fff-768x549.jpg 768w, https:\/\/baskettotal.com.ar\/wp-content\/uploads\/2025\/03\/fff.jpg 1040w\" alt=\"\" width=\"1024\" height=\"732\" data-lazy-type=\"image\" data-lazy-src=\"https:\/\/baskettotal.com.ar\/wp-content\/uploads\/2025\/03\/fff-1024x732.jpg\" data-lazy-srcset=\"https:\/\/baskettotal.com.ar\/wp-content\/uploads\/2025\/03\/fff-1024x732.jpg 1024w, https:\/\/baskettotal.com.ar\/wp-content\/uploads\/2025\/03\/fff-300x214.jpg 300w, https:\/\/baskettotal.com.ar\/wp-content\/uploads\/2025\/03\/fff-768x549.jpg 768w, https:\/\/baskettotal.com.ar\/wp-content\/uploads\/2025\/03\/fff.jpg 1040w\" data-lazy-sizes=\"(max-width: 1024px) 100vw, 1024px\" \/><\/a><\/figure>\n<p><strong>Chances y opciones para la instituci\u00f3n<br \/>\n<\/strong>Al respecto, el presidente de la Subcomisi\u00f3n de B\u00e1squet de San Fernando, Gustavo Tolosa, resalt\u00f3 que \u201ctodos los a\u00f1os San Fernando se destaca por traer capacitadores en todas las \u00e1reas, como en este caso fue para el minib\u00e1squet\u00bb y agreg\u00f3 \u00bb para nuestros chicos esto es un proyecto a largo plazo y con los pies sobre la tierra para buscar las mejores chances y opciones para la instituci\u00f3n\u00bb.<\/p>\n<p><strong>Crecer y aprender<br \/>\n<\/strong>Por su parte, el coordinador Juan Lofrano, explic\u00f3 que \u201cdurante este s\u00e1bado y domingo hicimos un campamento para edades de iniciaci\u00f3n focalizado en la formaci\u00f3n y junto con mis colegas de los clubes AMBALAB y San Fernando recibimos a un grueso de chicos que forman parte del club y a chicos de otros clubes para tratar de encontrar el equilibrio entre divertirnos y pasarlas bien pero tambi\u00e9n crecer y aprender\u00bb.<\/p>\n<figure class=\"wp-block-image size-large\"><a href=\"https:\/\/baskettotal.com.ar\/wp-content\/uploads\/2025\/03\/campus-11.jpg\"><img loading=\"lazy\" decoding=\"async\" class=\"lazy wp-image-26488 lazy-loaded aligncenter\" src=\"https:\/\/baskettotal.com.ar\/wp-content\/uploads\/2025\/03\/campus-11-1024x628.jpg\" sizes=\"auto, (max-width: 1024px) 100vw, 1024px\" srcset=\"https:\/\/baskettotal.com.ar\/wp-content\/uploads\/2025\/03\/campus-11-1024x628.jpg 1024w, https:\/\/baskettotal.com.ar\/wp-content\/uploads\/2025\/03\/campus-11-300x184.jpg 300w, https:\/\/baskettotal.com.ar\/wp-content\/uploads\/2025\/03\/campus-11-768x471.jpg 768w, https:\/\/baskettotal.com.ar\/wp-content\/uploads\/2025\/03\/campus-11.jpg 1040w\" alt=\"\" width=\"1024\" height=\"628\" data-lazy-type=\"image\" data-lazy-src=\"https:\/\/baskettotal.com.ar\/wp-content\/uploads\/2025\/03\/campus-11-1024x628.jpg\" data-lazy-srcset=\"https:\/\/baskettotal.com.ar\/wp-content\/uploads\/2025\/03\/campus-11-1024x628.jpg 1024w, https:\/\/baskettotal.com.ar\/wp-content\/uploads\/2025\/03\/campus-11-300x184.jpg 300w, https:\/\/baskettotal.com.ar\/wp-content\/uploads\/2025\/03\/campus-11-768x471.jpg 768w, https:\/\/baskettotal.com.ar\/wp-content\/uploads\/2025\/03\/campus-11.jpg 1040w\" data-lazy-sizes=\"(max-width: 1024px) 100vw, 1024px\" \/><\/a><\/figure>\n<p><strong>Presentaci\u00f3n a la sociedad<br \/>\n<\/strong>Durante la tarde \u2013 noche del viernes 28, Juan Lofrano se present\u00f3 en conferencia de prensa ante los medios de comunicaci\u00f3n. El coordinador, en esa oportunidad, estuvo acompa\u00f1ado por el presidente del club San Fernando, Miguel \u00c1ngel \u201cChito\u201d Sol\u00eds; el presidente de la Subcomisi\u00f3n de B\u00e1squet, Gustavo Tolosa; el profesor Manuel \u201cPitu Abarca; y el presidente de la Asociaci\u00f3n de B\u00e1squet del Sudoeste Chaque\u00f1o, Oscar Tolosa.<\/p>\n<figure class=\"wp-block-image size-large\"><a href=\"https:\/\/baskettotal.com.ar\/wp-content\/uploads\/2025\/03\/gttgg.jpg\"><img loading=\"lazy\" decoding=\"async\" class=\"lazy wp-image-26489 lazy-loaded aligncenter\" src=\"https:\/\/baskettotal.com.ar\/wp-content\/uploads\/2025\/03\/gttgg-1024x533.jpg\" sizes=\"auto, (max-width: 1024px) 100vw, 1024px\" srcset=\"https:\/\/baskettotal.com.ar\/wp-content\/uploads\/2025\/03\/gttgg-1024x533.jpg 1024w, https:\/\/baskettotal.com.ar\/wp-content\/uploads\/2025\/03\/gttgg-300x156.jpg 300w, https:\/\/baskettotal.com.ar\/wp-content\/uploads\/2025\/03\/gttgg-768x400.jpg 768w, https:\/\/baskettotal.com.ar\/wp-content\/uploads\/2025\/03\/gttgg.jpg 1040w\" alt=\"\" width=\"1024\" height=\"533\" data-lazy-type=\"image\" data-lazy-src=\"https:\/\/baskettotal.com.ar\/wp-content\/uploads\/2025\/03\/gttgg-1024x533.jpg\" data-lazy-srcset=\"https:\/\/baskettotal.com.ar\/wp-content\/uploads\/2025\/03\/gttgg-1024x533.jpg 1024w, https:\/\/baskettotal.com.ar\/wp-content\/uploads\/2025\/03\/gttgg-300x156.jpg 300w, https:\/\/baskettotal.com.ar\/wp-content\/uploads\/2025\/03\/gttgg-768x400.jpg 768w, https:\/\/baskettotal.com.ar\/wp-content\/uploads\/2025\/03\/gttgg.jpg 1040w\" data-lazy-sizes=\"(max-width: 1024px) 100vw, 1024px\" \/><\/a><\/figure>\n<p><strong>Agradecimiento<br \/>\n<\/strong>Se hace extensivo el agradecimiento por el apoyo fundamental de empresas privadas como Genofeed, Diego Cabral Inmobiliaria, \u00abKineser\u00bb de la Licenciada Natalia Recio, Repuestos Requena de Barranqueras y Grupo Centenario. Adem\u00e1s, agradecimiento a los presidente Lucas Apud Masin y Fabio V\u00e1zquez, de Loter\u00eda Chaque\u00f1a e Instituto del Deporte Chaque\u00f1o, respectivamente.<\/p>\n<p><img loading=\"lazy\" decoding=\"async\" class=\" wp-image-9467 aligncenter\" src=\"https:\/\/www.sportchaco.com.ar\/wp-content\/uploads\/2024\/05\/Nachec1-300x250-1.gif\" alt=\"\" width=\"356\" height=\"297\" \/><\/p>\n","protected":false},"excerpt":{"rendered":"<p>04-03-2025 D\u00edas atr\u00e1s, la agencia deportiva Sportina llev\u00f3 adelante una gran movida deportiva, que consisti\u00f3 en la llegada a la provincia del coordinador del Minib\u00e1squet de la Confederaci\u00f3n Argentina de B\u00e1squet (CAB) Juan Lofrano, quien expuso todos sus conocimientos a los ni\u00f1os y ni\u00f1as de los clubes AMBALAB de Las Bre\u00f1as, durante el jueves y &hellip;<\/p>\n","protected":false},"author":3,"featured_media":16921,"comment_status":"open","ping_status":"open","sticky":false,"template":"","format":"standard","meta":{"footnotes":""},"categories":[3],"tags":[],"class_list":["post-16920","post","type-post","status-publish","format-standard","has-post-thumbnail","hentry","category-basquetbol"],"_links":{"self":[{"href":"https:\/\/www.sportchaco.com.ar\/index.php?rest_route=\/wp\/v2\/posts\/16920","targetHints":{"allow":["GET"]}}],"collection":[{"href":"https:\/\/www.sportchaco.com.ar\/index.php?rest_route=\/wp\/v2\/posts"}],"about":[{"href":"https:\/\/www.sportchaco.com.ar\/index.php?rest_route=\/wp\/v2\/types\/post"}],"author":[{"embeddable":true,"href":"https:\/\/www.sportchaco.com.ar\/index.php?rest_route=\/wp\/v2\/users\/3"}],"replies":[{"embeddable":true,"href":"https:\/\/www.sportchaco.com.ar\/index.php?rest_route=%2Fwp%2Fv2%2Fcomments&post=16920"}],"version-history":[{"count":1,"href":"https:\/\/www.sportchaco.com.ar\/index.php?rest_route=\/wp\/v2\/posts\/16920\/revisions"}],"predecessor-version":[{"id":16922,"href":"https:\/\/www.sportchaco.com.ar\/index.php?rest_route=\/wp\/v2\/posts\/16920\/revisions\/16922"}],"wp:featuredmedia":[{"embeddable":true,"href":"https:\/\/www.sportchaco.com.ar\/index.php?rest_route=\/wp\/v2\/media\/16921"}],"wp:attachment":[{"href":"https:\/\/www.sportchaco.com.ar\/index.php?rest_route=%2Fwp%2Fv2%2Fmedia&parent=16920"}],"wp:term":[{"taxonomy":"category","embeddable":true,"href":"https:\/\/www.sportchaco.com.ar\/index.php?rest_route=%2Fwp%2Fv2%2Fcategories&post=16920"},{"taxonomy":"post_tag","embeddable":true,"href":"https:\/\/www.sportchaco.com.ar\/index.php?rest_route=%2Fwp%2Fv2%2Ftags&post=16920"}],"curies":[{"name":"wp","href":"https:\/\/api.w.org\/{rel}","templated":true}]}}