{"id":16927,"date":"2025-03-04T18:11:26","date_gmt":"2025-03-04T21:11:26","guid":{"rendered":"https:\/\/www.sportchaco.com.ar\/?p=16927"},"modified":"2025-03-04T18:11:26","modified_gmt":"2025-03-04T21:11:26","slug":"hercules-prepara-su-debut-y-un-ano-de-desafios","status":"publish","type":"post","link":"https:\/\/www.sportchaco.com.ar\/?p=16927","title":{"rendered":"H\u00e9rcules prepara su debut y un a\u00f1o de desaf\u00edos"},"content":{"rendered":"<p><strong>04-03-2025<\/strong><\/p>\n<p><img loading=\"lazy\" decoding=\"async\" class=\" wp-image-6730 aligncenter\" src=\"https:\/\/www.sportchaco.com.ar\/wp-content\/uploads\/2024\/03\/aviso-colegios-acostado-1-300x50.jpg\" alt=\"\" width=\"318\" height=\"53\" srcset=\"https:\/\/www.sportchaco.com.ar\/wp-content\/uploads\/2024\/03\/aviso-colegios-acostado-1-300x50.jpg 300w, https:\/\/www.sportchaco.com.ar\/wp-content\/uploads\/2024\/03\/aviso-colegios-acostado-1-1024x171.jpg 1024w, https:\/\/www.sportchaco.com.ar\/wp-content\/uploads\/2024\/03\/aviso-colegios-acostado-1-768x128.jpg 768w, https:\/\/www.sportchaco.com.ar\/wp-content\/uploads\/2024\/03\/aviso-colegios-acostado-1.jpg 1200w\" sizes=\"auto, (max-width: 318px) 100vw, 318px\" \/><\/p>\n<p>Muchas expectativas en torno a este nuevo a\u00f1o, con un calendario que indica que el \u00abgriego\u00bb comienza su andar como local, pero tendr\u00e1 la obligaci\u00f3n de visitar suelo misionero y correntino a lo largo del mes de marzo.<\/p>\n<p>Entre las novedades de la confecci\u00f3n del plantel, se destacan la incorporaci\u00f3n de Gerez y Reynoso, que vuelven a casa para actuar desde la local\u00eda, acoplarse y reforzar a los jugadores que ya compitieron el a\u00f1o pasado y ahora estar\u00e1n bajo la direcci\u00f3n de Mauro Alexandrowicz, quien estrenar\u00e1 como t\u00e9cnico de la formaci\u00f3n \u00abrojiazul\u00bb.<\/p>\n<p>En todo este armado, queda en evidencia el compromiso de los directivos, auspiciantes, colaboradores y amigos del club, que puede decir presente gracias a todos los aportes, tanto econ\u00f3micos como de acompa\u00f1amiento y presencias para ayudar a que los jugadores sean portadores orgullosos de esta camiseta en lo que ser\u00e1 una gran Liga Federal 2025.<\/p>\n<p>\u00abSomos un equipo con ADN 100 % H\u00e9rcules\u00bb, defini\u00f3 d\u00edas pasados Gabriel Frencia, en referencia a la identidad y compromiso del equipo en esta nueva temporada.<\/p>\n<p><img loading=\"lazy\" decoding=\"async\" class=\" wp-image-16798 aligncenter\" src=\"https:\/\/www.sportchaco.com.ar\/wp-content\/uploads\/2025\/02\/aviso-12-1-241x300.jpg\" alt=\"\" width=\"259\" height=\"322\" srcset=\"https:\/\/www.sportchaco.com.ar\/wp-content\/uploads\/2025\/02\/aviso-12-1-241x300.jpg 241w, https:\/\/www.sportchaco.com.ar\/wp-content\/uploads\/2025\/02\/aviso-12-1.jpg 481w\" sizes=\"auto, (max-width: 259px) 100vw, 259px\" \/><\/p>\n","protected":false},"excerpt":{"rendered":"<p>04-03-2025 Muchas expectativas en torno a este nuevo a\u00f1o, con un calendario que indica que el \u00abgriego\u00bb comienza su andar como local, pero tendr\u00e1 la obligaci\u00f3n de visitar suelo misionero y correntino a lo largo del mes de marzo. Entre las novedades de la confecci\u00f3n del plantel, se destacan la incorporaci\u00f3n de Gerez y Reynoso, &hellip;<\/p>\n","protected":false},"author":3,"featured_media":16925,"comment_status":"open","ping_status":"open","sticky":false,"template":"","format":"standard","meta":{"footnotes":""},"categories":[3],"tags":[],"class_list":["post-16927","post","type-post","status-publish","format-standard","has-post-thumbnail","hentry","category-basquetbol"],"_links":{"self":[{"href":"https:\/\/www.sportchaco.com.ar\/index.php?rest_route=\/wp\/v2\/posts\/16927","targetHints":{"allow":["GET"]}}],"collection":[{"href":"https:\/\/www.sportchaco.com.ar\/index.php?rest_route=\/wp\/v2\/posts"}],"about":[{"href":"https:\/\/www.sportchaco.com.ar\/index.php?rest_route=\/wp\/v2\/types\/post"}],"author":[{"embeddable":true,"href":"https:\/\/www.sportchaco.com.ar\/index.php?rest_route=\/wp\/v2\/users\/3"}],"replies":[{"embeddable":true,"href":"https:\/\/www.sportchaco.com.ar\/index.php?rest_route=%2Fwp%2Fv2%2Fcomments&post=16927"}],"version-history":[{"count":1,"href":"https:\/\/www.sportchaco.com.ar\/index.php?rest_route=\/wp\/v2\/posts\/16927\/revisions"}],"predecessor-version":[{"id":16928,"href":"https:\/\/www.sportchaco.com.ar\/index.php?rest_route=\/wp\/v2\/posts\/16927\/revisions\/16928"}],"wp:featuredmedia":[{"embeddable":true,"href":"https:\/\/www.sportchaco.com.ar\/index.php?rest_route=\/wp\/v2\/media\/16925"}],"wp:attachment":[{"href":"https:\/\/www.sportchaco.com.ar\/index.php?rest_route=%2Fwp%2Fv2%2Fmedia&parent=16927"}],"wp:term":[{"taxonomy":"category","embeddable":true,"href":"https:\/\/www.sportchaco.com.ar\/index.php?rest_route=%2Fwp%2Fv2%2Fcategories&post=16927"},{"taxonomy":"post_tag","embeddable":true,"href":"https:\/\/www.sportchaco.com.ar\/index.php?rest_route=%2Fwp%2Fv2%2Ftags&post=16927"}],"curies":[{"name":"wp","href":"https:\/\/api.w.org\/{rel}","templated":true}]}}