{"id":16929,"date":"2025-03-04T18:28:01","date_gmt":"2025-03-04T21:28:01","guid":{"rendered":"https:\/\/www.sportchaco.com.ar\/?p=16929"},"modified":"2025-03-04T18:28:01","modified_gmt":"2025-03-04T21:28:01","slug":"cultural-tuvo-su-media-day","status":"publish","type":"post","link":"https:\/\/www.sportchaco.com.ar\/?p=16929","title":{"rendered":"Cultural tuvo su Media Day"},"content":{"rendered":"<p><strong>04-03-2025<\/strong><\/p>\n<p><img loading=\"lazy\" decoding=\"async\" class=\"size-medium wp-image-6744 aligncenter\" src=\"https:\/\/www.sportchaco.com.ar\/wp-content\/uploads\/2024\/02\/aVISO-2-300x50.jpeg\" alt=\"\" width=\"300\" height=\"50\" srcset=\"https:\/\/www.sportchaco.com.ar\/wp-content\/uploads\/2024\/02\/aVISO-2-300x50.jpeg 300w, https:\/\/www.sportchaco.com.ar\/wp-content\/uploads\/2024\/02\/aVISO-2-1024x171.jpeg 1024w, https:\/\/www.sportchaco.com.ar\/wp-content\/uploads\/2024\/02\/aVISO-2-768x128.jpeg 768w, https:\/\/www.sportchaco.com.ar\/wp-content\/uploads\/2024\/02\/aVISO-2.jpeg 1200w\" sizes=\"auto, (max-width: 300px) 100vw, 300px\" \/><\/p>\n<p>El conjunto de Cultural de Santa Sylvina realiz\u00f3 la Media Day en la jornada de este lunes 3 de marzo, donde present\u00f3 el plantel que afrontar\u00e1 la temporada 2025 de La Liga Federal de B\u00e1squet.<\/p>\n<p>Los dirigidos por Fabio Vi\u00f1etta, ya conocen el rival con quien debutar\u00e1n este domingo 9, jugar\u00e1n en condici\u00f3n de local ante Mitre de Posadas.<\/p>\n<p>El cuerpo t\u00e9cnico trabajar\u00e1 los d\u00edas que resta para el salto inicial, con la idea de llegar con la mejor versi\u00f3n posible al comienzo del certamen.<\/p>\n<p>En cuanto al plantel se encuentra en \u00f3ptimas condiciones, esperando ansiosos el comienzo de la competencia.<\/p>\n<p>El p\u00fablico amante del basquetbol de Santa Sylvina y la zona tienen nuevamente la posibilidad de vivir y disfrutar de la tercera categor\u00eda a nivel nacional.<\/p>\n<p><strong>AGRADECIMIENTO<br \/>\n<\/strong>Para esta temporada, Cultural de Santa Sylvina logr\u00f3 conformar un equipo que sin dudas promete mucho, fruto del gran esfuerzo y compromiso con la instituci\u00f3n de la comisi\u00f3n directiva, empresas colaboradoras, el Gobierno provincial a trav\u00e9s de sus distintos entes y la Municipalidad de Santa Sylvina conducida por su intendente Susana Maggio; entre todos aportaron un granito de arena para que la instituci\u00f3n sylvinense pueda decir presente en el certamen m\u00e1s Federal de todos.<\/p>\n<p><img loading=\"lazy\" decoding=\"async\" class=\" wp-image-16799 aligncenter\" src=\"https:\/\/www.sportchaco.com.ar\/wp-content\/uploads\/2025\/02\/aviso11-1-240x300.jpg\" alt=\"\" width=\"255\" height=\"319\" srcset=\"https:\/\/www.sportchaco.com.ar\/wp-content\/uploads\/2025\/02\/aviso11-1-240x300.jpg 240w, https:\/\/www.sportchaco.com.ar\/wp-content\/uploads\/2025\/02\/aviso11-1.jpg 480w\" sizes=\"auto, (max-width: 255px) 100vw, 255px\" \/><\/p>\n","protected":false},"excerpt":{"rendered":"<p>04-03-2025 El conjunto de Cultural de Santa Sylvina realiz\u00f3 la Media Day en la jornada de este lunes 3 de marzo, donde present\u00f3 el plantel que afrontar\u00e1 la temporada 2025 de La Liga Federal de B\u00e1squet. Los dirigidos por Fabio Vi\u00f1etta, ya conocen el rival con quien debutar\u00e1n este domingo 9, jugar\u00e1n en condici\u00f3n de &hellip;<\/p>\n","protected":false},"author":3,"featured_media":16926,"comment_status":"open","ping_status":"open","sticky":false,"template":"","format":"standard","meta":{"footnotes":""},"categories":[3],"tags":[],"class_list":["post-16929","post","type-post","status-publish","format-standard","has-post-thumbnail","hentry","category-basquetbol"],"_links":{"self":[{"href":"https:\/\/www.sportchaco.com.ar\/index.php?rest_route=\/wp\/v2\/posts\/16929","targetHints":{"allow":["GET"]}}],"collection":[{"href":"https:\/\/www.sportchaco.com.ar\/index.php?rest_route=\/wp\/v2\/posts"}],"about":[{"href":"https:\/\/www.sportchaco.com.ar\/index.php?rest_route=\/wp\/v2\/types\/post"}],"author":[{"embeddable":true,"href":"https:\/\/www.sportchaco.com.ar\/index.php?rest_route=\/wp\/v2\/users\/3"}],"replies":[{"embeddable":true,"href":"https:\/\/www.sportchaco.com.ar\/index.php?rest_route=%2Fwp%2Fv2%2Fcomments&post=16929"}],"version-history":[{"count":1,"href":"https:\/\/www.sportchaco.com.ar\/index.php?rest_route=\/wp\/v2\/posts\/16929\/revisions"}],"predecessor-version":[{"id":16931,"href":"https:\/\/www.sportchaco.com.ar\/index.php?rest_route=\/wp\/v2\/posts\/16929\/revisions\/16931"}],"wp:featuredmedia":[{"embeddable":true,"href":"https:\/\/www.sportchaco.com.ar\/index.php?rest_route=\/wp\/v2\/media\/16926"}],"wp:attachment":[{"href":"https:\/\/www.sportchaco.com.ar\/index.php?rest_route=%2Fwp%2Fv2%2Fmedia&parent=16929"}],"wp:term":[{"taxonomy":"category","embeddable":true,"href":"https:\/\/www.sportchaco.com.ar\/index.php?rest_route=%2Fwp%2Fv2%2Fcategories&post=16929"},{"taxonomy":"post_tag","embeddable":true,"href":"https:\/\/www.sportchaco.com.ar\/index.php?rest_route=%2Fwp%2Fv2%2Ftags&post=16929"}],"curies":[{"name":"wp","href":"https:\/\/api.w.org\/{rel}","templated":true}]}}