{"id":16962,"date":"2025-03-05T19:22:41","date_gmt":"2025-03-05T22:22:41","guid":{"rendered":"https:\/\/www.sportchaco.com.ar\/?p=16962"},"modified":"2025-03-05T19:22:41","modified_gmt":"2025-03-05T22:22:41","slug":"for-ever-con-la-mirada-en-mitre-y-con-nuevo-jugador","status":"publish","type":"post","link":"https:\/\/www.sportchaco.com.ar\/?p=16962","title":{"rendered":"For Ever con la mirada en Mitre y con nuevo jugador"},"content":{"rendered":"<p><strong>05-03-2025<\/strong><\/p>\n<p><img loading=\"lazy\" decoding=\"async\" class=\" wp-image-7248 aligncenter\" src=\"https:\/\/www.sportchaco.com.ar\/wp-content\/uploads\/2024\/03\/aVISO-2-2-300x50.jpeg\" alt=\"\" width=\"372\" height=\"62\" srcset=\"https:\/\/www.sportchaco.com.ar\/wp-content\/uploads\/2024\/03\/aVISO-2-2-300x50.jpeg 300w, https:\/\/www.sportchaco.com.ar\/wp-content\/uploads\/2024\/03\/aVISO-2-2-1024x171.jpeg 1024w, https:\/\/www.sportchaco.com.ar\/wp-content\/uploads\/2024\/03\/aVISO-2-2-768x128.jpeg 768w, https:\/\/www.sportchaco.com.ar\/wp-content\/uploads\/2024\/03\/aVISO-2-2.jpeg 1200w\" sizes=\"auto, (max-width: 372px) 100vw, 372px\" \/><\/p>\n<p>El plantel de For Ever retorn\u00f3 a los entrenamientos de cara al juego del s\u00e1bado por la noche cuando reciba a Mitre de Santiago del Estero, en compromiso de la 5\u00aa fecha de la zona B de la Primera Nacional de f\u00fatbol que se disputar\u00e1 en el estadio Juan Alberto Garc\u00eda. El cotejo en principio estaba pautado para las 20, pero la dirigencia del \u00abNegro\u00bb decidi\u00f3 modificarlo y comenzar\u00e1 a las 21.<\/p>\n<p>En cuanto al equipo, Ricardo Pancaldo tendr\u00e1 que realizar una variante obligada ya que en la derrota ante Col\u00f3n en Santa Fe (2-1) vio la roja el primer zaguero central, Gino Barbieri. El cordob\u00e9s, adem\u00e1s, termin\u00f3 con molestias en la rodilla y en el isquiotibial, por lo que hoy se realizar\u00e1 estudios que determinar\u00e1n el grado de su lesi\u00f3n.<\/p>\n<p>Es muy probable que por Barbieri ingrese David Valdez, que ya viene sumando minutos ingresando desde el banco de suplentes en los \u00faltimos tres cotejos.<\/p>\n<p>Teniendo en cuenta el buen rendimiento del equipo, a pesar de la derrota en la capital santafesina, es probable que el DT mantenga a los otros diez futbolistas que saltaron a la cancha en el \u00abCementerio de los Elefantes\u00bb. Si esto ocurre, el 11 para recibir a los santiague\u00f1os ser\u00e1: Gast\u00f3n Canuto; Mauricio Rosales, David Valdez, Mathias Silvera y Alan Luque; Maximiliano Romero; Leonardo Marinucci, Juan Manuel Carrizo, Brandon Obreg\u00f3n y Franco Perinciolo; Mat\u00edas Romero.<\/p>\n<p>Durante toda la semana el cuerpo t\u00e9cnico seguir\u00e1 la evoluci\u00f3n del volante central Santiago \u00dabeda, que arrastra una contractura. En principio la idea es preservarlo para el juego de la 6\u00aa fecha ante Nueva Chicago (s\u00e1bado 15, a las 20), que tambi\u00e9n se jugar\u00e1 en Resistencia ya que For Ever tiene dos partidos seguidos como local.<\/p>\n<p>El que tambi\u00e9n sigue su recuperaci\u00f3n es el volante chaque\u00f1o Santiago Valenzuela, que sufri\u00f3 un desgarro en la 3\u00aa jornada ante Temperley. Y el que evoluciona bien es el delantero Imanol Enr\u00edquez, que se desgarr\u00f3 en la 1\u00aa fecha ante Estudiantes de Caseros.<\/p>\n<p>Adem\u00e1s el \u00abnegro\u00bb sum\u00f3 una cara nueva a su plantel, se trata del mediocampista, ex Mitre de Santiago del Estero, Mat\u00edas Ferrari. El volante central es reemplazo del lesionado Agust\u00edn Zabaleta.<\/p>\n<h2>EL RIVAL LLEGA MAL<\/h2>\n<p>Mitre de Santiago del Estero llega con problemas ya que perdi\u00f3 los cuatro partidos que disput\u00f3 en el torneo. M\u00e1s all\u00e1 de esto, el presidente del club santiague\u00f1o, Guillermo Raed, se\u00f1al\u00f3 que no piensa en despedir al DT Mario Sciacqua.<\/p>\n<p>\u00abEl cuerpo t\u00e9cnico tiene el total respaldo nuestro. El torneo reci\u00e9n empieza, van cuatro partidos. No hay que olvidarse que Sciacqua es el t\u00e9cnico que m\u00e1s puntos sac\u00f3 en la historia del club. Adem\u00e1s, nos est\u00e1 faltando un poco de suerte. Tenemos a nuestro mejor jugador lesionado (Santiago Rosales) y otros que tambi\u00e9n sufrieron lesiones\u00bb, explic\u00f3 Raed.<\/p>\n<p>Mitre viene de caer por 1 a 0 como local ante Nueva Chicago en Santiago del Estero. Anteriormente tuvo derrotas en la primera fecha ante Defensores Unidos de Z\u00e1rate en el \u00abDoctores Jos\u00e9 y Antonio Castiglione\u00bb (1-0), ante Temperley de visitante (2-0) y ante Col\u00f3n en tierras santiague\u00f1as (1-0).<\/p>\n<p><em><strong>Fuente: Diario NORTE<\/strong><\/em><\/p>\n<p><img loading=\"lazy\" decoding=\"async\" class=\" wp-image-9064 aligncenter\" src=\"https:\/\/www.sportchaco.com.ar\/wp-content\/uploads\/2024\/05\/Zedero-vacunate-300x300.jpeg\" alt=\"\" width=\"334\" height=\"334\" srcset=\"https:\/\/www.sportchaco.com.ar\/wp-content\/uploads\/2024\/05\/Zedero-vacunate-300x300.jpeg 300w, https:\/\/www.sportchaco.com.ar\/wp-content\/uploads\/2024\/05\/Zedero-vacunate-1024x1024.jpeg 1024w, https:\/\/www.sportchaco.com.ar\/wp-content\/uploads\/2024\/05\/Zedero-vacunate-150x150.jpeg 150w, https:\/\/www.sportchaco.com.ar\/wp-content\/uploads\/2024\/05\/Zedero-vacunate-768x768.jpeg 768w, https:\/\/www.sportchaco.com.ar\/wp-content\/uploads\/2024\/05\/Zedero-vacunate.jpeg 1080w\" sizes=\"auto, (max-width: 334px) 100vw, 334px\" \/><\/p>\n","protected":false},"excerpt":{"rendered":"<p>05-03-2025 El plantel de For Ever retorn\u00f3 a los entrenamientos de cara al juego del s\u00e1bado por la noche cuando reciba a Mitre de Santiago del Estero, en compromiso de la 5\u00aa fecha de la zona B de la Primera Nacional de f\u00fatbol que se disputar\u00e1 en el estadio Juan Alberto Garc\u00eda. El cotejo en &hellip;<\/p>\n","protected":false},"author":3,"featured_media":16963,"comment_status":"open","ping_status":"open","sticky":false,"template":"","format":"standard","meta":{"footnotes":""},"categories":[5],"tags":[],"class_list":["post-16962","post","type-post","status-publish","format-standard","has-post-thumbnail","hentry","category-futbol"],"_links":{"self":[{"href":"https:\/\/www.sportchaco.com.ar\/index.php?rest_route=\/wp\/v2\/posts\/16962","targetHints":{"allow":["GET"]}}],"collection":[{"href":"https:\/\/www.sportchaco.com.ar\/index.php?rest_route=\/wp\/v2\/posts"}],"about":[{"href":"https:\/\/www.sportchaco.com.ar\/index.php?rest_route=\/wp\/v2\/types\/post"}],"author":[{"embeddable":true,"href":"https:\/\/www.sportchaco.com.ar\/index.php?rest_route=\/wp\/v2\/users\/3"}],"replies":[{"embeddable":true,"href":"https:\/\/www.sportchaco.com.ar\/index.php?rest_route=%2Fwp%2Fv2%2Fcomments&post=16962"}],"version-history":[{"count":1,"href":"https:\/\/www.sportchaco.com.ar\/index.php?rest_route=\/wp\/v2\/posts\/16962\/revisions"}],"predecessor-version":[{"id":16964,"href":"https:\/\/www.sportchaco.com.ar\/index.php?rest_route=\/wp\/v2\/posts\/16962\/revisions\/16964"}],"wp:featuredmedia":[{"embeddable":true,"href":"https:\/\/www.sportchaco.com.ar\/index.php?rest_route=\/wp\/v2\/media\/16963"}],"wp:attachment":[{"href":"https:\/\/www.sportchaco.com.ar\/index.php?rest_route=%2Fwp%2Fv2%2Fmedia&parent=16962"}],"wp:term":[{"taxonomy":"category","embeddable":true,"href":"https:\/\/www.sportchaco.com.ar\/index.php?rest_route=%2Fwp%2Fv2%2Fcategories&post=16962"},{"taxonomy":"post_tag","embeddable":true,"href":"https:\/\/www.sportchaco.com.ar\/index.php?rest_route=%2Fwp%2Fv2%2Ftags&post=16962"}],"curies":[{"name":"wp","href":"https:\/\/api.w.org\/{rel}","templated":true}]}}