{"id":16966,"date":"2025-03-06T07:02:00","date_gmt":"2025-03-06T10:02:00","guid":{"rendered":"https:\/\/www.sportchaco.com.ar\/?p=16966"},"modified":"2025-03-06T07:02:00","modified_gmt":"2025-03-06T10:02:00","slug":"la-seleccion-argentina-de-cestoball-masculina-concentrara-en-saenz-pena","status":"publish","type":"post","link":"https:\/\/www.sportchaco.com.ar\/?p=16966","title":{"rendered":"La Selecci\u00f3n Argentina de Cestoball Masculina concentrar\u00e1 en S\u00e1enz Pe\u00f1a"},"content":{"rendered":"<p><strong>06-03-2025<\/strong><\/p>\n<p><img loading=\"lazy\" decoding=\"async\" class=\" wp-image-9468 aligncenter\" src=\"https:\/\/www.sportchaco.com.ar\/wp-content\/uploads\/2024\/05\/Nachec-728x90-2-300x37.gif\" alt=\"\" width=\"365\" height=\"45\" \/><\/p>\n<p>Cuatro jornada a pleno vivir\u00e1 la selecci\u00f3n argentina de cestoball masculino en Presidencia Roque S\u00e1enz Pe\u00f1a, donde realizar\u00e1 su concentraci\u00f3n nacional entre el 13 y 16 de este mes. Desde la\u00a0Secretar\u00eda de Desarrollo Humano y Deportes del municipio ofrecieron detalles organizativos de la intensa la agenda de preparaci\u00f3n.<\/p>\n<p>Mediante conferencia de prensa realizada en el Club Social, funcionarios del \u00e1rea deportiva se mostraron entusiasmados y admitieron que seguir\u00e1n generando este tipo de eventos de trascendencia. El secretario Germ\u00e1n Rearte estuvo acompa\u00f1ado por los subsecretarios Mariano Cardozo y Rub\u00e9n Arce, y el profesor Daniel Vega.<\/p>\n<p>\u201cVenimos acompa\u00f1ado eventos importantes, como en su momento fue la visita de las Panteritas (el seleccionado juvenil de v\u00f3ley), el pasado fin de semana alojamos a la selecci\u00f3n chaque\u00f1a de v\u00f3ley Sub 16 y Sub 18 en Sokol, selecciones infantiles de f\u00fatbol y ahora le toca al cestoball\u201d, explic\u00f3 Rearte.<\/p>\n<p>Al respecto valor\u00f3 la apuesta que desde la secretar\u00eda que conduce realiza al cestoball, que tiene al Polideportivo de S\u00e1enz Pe\u00f1a como tricampe\u00f3n provincial. Esta cuesti\u00f3n abri\u00f3 las puertas para que el seleccionado argentino, que a su vez es campe\u00f3n mundial, pueda recalar en la ciudad para concretar una concentraci\u00f3n nacional.<\/p>\n<p>Mientras destac\u00f3 el trabajo que se realiza en Quitilipi, tanto a nivel de competencia como institucional con la Asociaci\u00f3n Chaque\u00f1a, Germ\u00e1n Rearte adelant\u00f3 que \u201cestar\u00e1n 28 de los mejores jugadores de Argentina, haciendo actividades recreativas y visitando lugares sociales\u201d.<\/p>\n<p><strong>Cuatro d\u00edas a pleno entrenamiento<br \/>\n<\/strong>A su turno el profesor Daniel Vega brind\u00f3 mayores precisiones sobre la actividad puntual, y asegur\u00f3 que \u201ccomo saenzpe\u00f1enses es un orgullo recibir a una selecci\u00f3n nacional\u201d. Dijo que el jueves 13 arribar\u00e1n a la ciudad permanecer\u00e1n alojados en el Club Acci\u00f3n, donde tambi\u00e9n entrenar\u00e1n, y por la tarde lo har\u00e1n en Sokol. Para las 18 est\u00e1 previsto una charla abierta e informativa para los interesados.<\/p>\n<p>El viernes 14 proseguir\u00e1n los entrenamientos en Acci\u00f3n (por la ma\u00f1ana) y en Morava (por la tarde), mientras que en horas de la noche visitar\u00e1n el CIC del barrio San Cayetano para compartir con quienes concurren a ese lugar. La jornada cerrar\u00e1 con un partido amistoso en Quitilipi.<\/p>\n<p>El s\u00e1bado 15 fortalecer\u00e1n los entrenamientos y en horario nocturno concretar\u00e1n un nuevo encuentro amistoso, esta vez en el Club Acci\u00f3n con entrada libre y gratuita. El domingo, en la \u00faltima jornada, tendr\u00e1n actividades de esparcimiento y luego retornar\u00e1n a sus respectivos lugares.<\/p>\n<p><em><strong>Fuente: Eco Deportivo<\/strong><\/em><\/p>\n<p><img loading=\"lazy\" decoding=\"async\" class=\" wp-image-16547 aligncenter\" src=\"https:\/\/www.sportchaco.com.ar\/wp-content\/uploads\/2025\/02\/BANNER-WEB-Qdenga-250x250-1-300x300.gif\" alt=\"\" width=\"334\" height=\"334\" srcset=\"https:\/\/www.sportchaco.com.ar\/wp-content\/uploads\/2025\/02\/BANNER-WEB-Qdenga-250x250-1-300x300.gif 300w, https:\/\/www.sportchaco.com.ar\/wp-content\/uploads\/2025\/02\/BANNER-WEB-Qdenga-250x250-1-150x150.gif 150w\" sizes=\"auto, (max-width: 334px) 100vw, 334px\" \/><\/p>\n","protected":false},"excerpt":{"rendered":"<p>06-03-2025 Cuatro jornada a pleno vivir\u00e1 la selecci\u00f3n argentina de cestoball masculino en Presidencia Roque S\u00e1enz Pe\u00f1a, donde realizar\u00e1 su concentraci\u00f3n nacional entre el 13 y 16 de este mes. Desde la\u00a0Secretar\u00eda de Desarrollo Humano y Deportes del municipio ofrecieron detalles organizativos de la intensa la agenda de preparaci\u00f3n. Mediante conferencia de prensa realizada en &hellip;<\/p>\n","protected":false},"author":3,"featured_media":16967,"comment_status":"open","ping_status":"open","sticky":false,"template":"","format":"standard","meta":{"footnotes":""},"categories":[76],"tags":[],"class_list":["post-16966","post","type-post","status-publish","format-standard","has-post-thumbnail","hentry","category-cestoball"],"_links":{"self":[{"href":"https:\/\/www.sportchaco.com.ar\/index.php?rest_route=\/wp\/v2\/posts\/16966","targetHints":{"allow":["GET"]}}],"collection":[{"href":"https:\/\/www.sportchaco.com.ar\/index.php?rest_route=\/wp\/v2\/posts"}],"about":[{"href":"https:\/\/www.sportchaco.com.ar\/index.php?rest_route=\/wp\/v2\/types\/post"}],"author":[{"embeddable":true,"href":"https:\/\/www.sportchaco.com.ar\/index.php?rest_route=\/wp\/v2\/users\/3"}],"replies":[{"embeddable":true,"href":"https:\/\/www.sportchaco.com.ar\/index.php?rest_route=%2Fwp%2Fv2%2Fcomments&post=16966"}],"version-history":[{"count":1,"href":"https:\/\/www.sportchaco.com.ar\/index.php?rest_route=\/wp\/v2\/posts\/16966\/revisions"}],"predecessor-version":[{"id":16968,"href":"https:\/\/www.sportchaco.com.ar\/index.php?rest_route=\/wp\/v2\/posts\/16966\/revisions\/16968"}],"wp:featuredmedia":[{"embeddable":true,"href":"https:\/\/www.sportchaco.com.ar\/index.php?rest_route=\/wp\/v2\/media\/16967"}],"wp:attachment":[{"href":"https:\/\/www.sportchaco.com.ar\/index.php?rest_route=%2Fwp%2Fv2%2Fmedia&parent=16966"}],"wp:term":[{"taxonomy":"category","embeddable":true,"href":"https:\/\/www.sportchaco.com.ar\/index.php?rest_route=%2Fwp%2Fv2%2Fcategories&post=16966"},{"taxonomy":"post_tag","embeddable":true,"href":"https:\/\/www.sportchaco.com.ar\/index.php?rest_route=%2Fwp%2Fv2%2Ftags&post=16966"}],"curies":[{"name":"wp","href":"https:\/\/api.w.org\/{rel}","templated":true}]}}