{"id":16978,"date":"2025-03-06T08:17:38","date_gmt":"2025-03-06T11:17:38","guid":{"rendered":"https:\/\/www.sportchaco.com.ar\/?p=16978"},"modified":"2025-03-06T08:18:40","modified_gmt":"2025-03-06T11:18:40","slug":"la-liga-chaquena-tuvo-su-asamblea","status":"publish","type":"post","link":"https:\/\/www.sportchaco.com.ar\/?p=16978","title":{"rendered":"La Liga Chaque\u00f1a tuvo su asamblea"},"content":{"rendered":"<p><strong>06-03-2025<\/strong><\/p>\n<p><img loading=\"lazy\" decoding=\"async\" class=\"aligncenter wp-image-7249 size-large\" src=\"https:\/\/www.sportchaco.com.ar\/wp-content\/uploads\/2024\/03\/aviso-Impulsamos-turismo-1-1024x106.jpg\" alt=\"\" width=\"1024\" height=\"106\" srcset=\"https:\/\/www.sportchaco.com.ar\/wp-content\/uploads\/2024\/03\/aviso-Impulsamos-turismo-1-1024x106.jpg 1024w, https:\/\/www.sportchaco.com.ar\/wp-content\/uploads\/2024\/03\/aviso-Impulsamos-turismo-1-300x31.jpg 300w, https:\/\/www.sportchaco.com.ar\/wp-content\/uploads\/2024\/03\/aviso-Impulsamos-turismo-1-768x79.jpg 768w, https:\/\/www.sportchaco.com.ar\/wp-content\/uploads\/2024\/03\/aviso-Impulsamos-turismo-1.jpg 1366w\" sizes=\"auto, (max-width: 1024px) 100vw, 1024px\" \/><\/p>\n<p>La Liga Chaque\u00f1a de F\u00fatbol llev\u00f3 a cabo este mi\u00e9rcoles su asamblea anual donde se brind\u00f3 un apoyo un\u00e1nime para el primer a\u00f1o de gesti\u00f3n de Ra\u00fal Mosqueda. La misma se realiz\u00f3 en la sede de For Ever.<\/p>\n<p>A su vez se aprovech\u00f3 la reuni\u00f3n de presidentes para ratificar la fecha de inicio de sus campeonatos, siendo para la Primera y Segunda Divisi\u00f3n el fin de semana del 15 y 16 de marzo. Este jueves habr\u00e1 reuni\u00f3n con los \u00e1rbitros para establecer los aranceles de los mismos y el sorteo del fixture se realizar\u00e1 el viernes en la sede liguista.<\/p>\n<p>En cuanto a descensos y ascensos qued\u00f3 establecido que la temporada 2025 contar\u00e1 con un ascenso directo a Primera, un descenso a la B y habr\u00e1 tres Promociones.<\/p>\n<p><img loading=\"lazy\" decoding=\"async\" class=\"aligncenter wp-image-16732 size-large\" src=\"https:\/\/www.sportchaco.com.ar\/wp-content\/uploads\/2025\/02\/gob-viviendas-819x1024.jpg\" alt=\"\" width=\"819\" height=\"1024\" srcset=\"https:\/\/www.sportchaco.com.ar\/wp-content\/uploads\/2025\/02\/gob-viviendas-819x1024.jpg 819w, https:\/\/www.sportchaco.com.ar\/wp-content\/uploads\/2025\/02\/gob-viviendas-240x300.jpg 240w, https:\/\/www.sportchaco.com.ar\/wp-content\/uploads\/2025\/02\/gob-viviendas-768x960.jpg 768w, https:\/\/www.sportchaco.com.ar\/wp-content\/uploads\/2025\/02\/gob-viviendas-1229x1536.jpg 1229w, https:\/\/www.sportchaco.com.ar\/wp-content\/uploads\/2025\/02\/gob-viviendas.jpg 1440w\" sizes=\"auto, (max-width: 819px) 100vw, 819px\" \/><\/p>\n","protected":false},"excerpt":{"rendered":"<p>06-03-2025 La Liga Chaque\u00f1a de F\u00fatbol llev\u00f3 a cabo este mi\u00e9rcoles su asamblea anual donde se brind\u00f3 un apoyo un\u00e1nime para el primer a\u00f1o de gesti\u00f3n de Ra\u00fal Mosqueda. La misma se realiz\u00f3 en la sede de For Ever. A su vez se aprovech\u00f3 la reuni\u00f3n de presidentes para ratificar la fecha de inicio de &hellip;<\/p>\n","protected":false},"author":3,"featured_media":6906,"comment_status":"open","ping_status":"open","sticky":false,"template":"","format":"standard","meta":{"footnotes":""},"categories":[5],"tags":[],"class_list":["post-16978","post","type-post","status-publish","format-standard","has-post-thumbnail","hentry","category-futbol"],"_links":{"self":[{"href":"https:\/\/www.sportchaco.com.ar\/index.php?rest_route=\/wp\/v2\/posts\/16978","targetHints":{"allow":["GET"]}}],"collection":[{"href":"https:\/\/www.sportchaco.com.ar\/index.php?rest_route=\/wp\/v2\/posts"}],"about":[{"href":"https:\/\/www.sportchaco.com.ar\/index.php?rest_route=\/wp\/v2\/types\/post"}],"author":[{"embeddable":true,"href":"https:\/\/www.sportchaco.com.ar\/index.php?rest_route=\/wp\/v2\/users\/3"}],"replies":[{"embeddable":true,"href":"https:\/\/www.sportchaco.com.ar\/index.php?rest_route=%2Fwp%2Fv2%2Fcomments&post=16978"}],"version-history":[{"count":1,"href":"https:\/\/www.sportchaco.com.ar\/index.php?rest_route=\/wp\/v2\/posts\/16978\/revisions"}],"predecessor-version":[{"id":16979,"href":"https:\/\/www.sportchaco.com.ar\/index.php?rest_route=\/wp\/v2\/posts\/16978\/revisions\/16979"}],"wp:featuredmedia":[{"embeddable":true,"href":"https:\/\/www.sportchaco.com.ar\/index.php?rest_route=\/wp\/v2\/media\/6906"}],"wp:attachment":[{"href":"https:\/\/www.sportchaco.com.ar\/index.php?rest_route=%2Fwp%2Fv2%2Fmedia&parent=16978"}],"wp:term":[{"taxonomy":"category","embeddable":true,"href":"https:\/\/www.sportchaco.com.ar\/index.php?rest_route=%2Fwp%2Fv2%2Fcategories&post=16978"},{"taxonomy":"post_tag","embeddable":true,"href":"https:\/\/www.sportchaco.com.ar\/index.php?rest_route=%2Fwp%2Fv2%2Ftags&post=16978"}],"curies":[{"name":"wp","href":"https:\/\/api.w.org\/{rel}","templated":true}]}}