{"id":17035,"date":"2025-03-09T23:00:55","date_gmt":"2025-03-10T02:00:55","guid":{"rendered":"https:\/\/www.sportchaco.com.ar\/?p=17035"},"modified":"2025-03-09T23:12:55","modified_gmt":"2025-03-10T02:12:55","slug":"efemerides-del-10-de-marzo","status":"publish","type":"post","link":"https:\/\/www.sportchaco.com.ar\/?p=17035","title":{"rendered":"Efem\u00e9rides del 10 de marzo"},"content":{"rendered":"<div class=\"container fullwidth-entry-title-wrapper\">\n<div class=\"container-wrapper fullwidth-entry-title\">\n<header class=\"entry-header-outer\">\n<div class=\"entry-header\">\n<h1 class=\"post-title entry-title\"><\/h1>\n<h4 class=\"single-post-meta post-meta clearfix\"><\/h4>\n<\/div>\n<\/header>\n<\/div>\n<\/div>\n<div id=\"content\" class=\"site-content container\">\n<div id=\"main-content-row\" class=\"tie-row main-content-row\">\n<div class=\"main-content tie-col-md-8 tie-col-xs-12\" role=\"main\">\n<article id=\"the-post\" class=\"container-wrapper post-content tie-standard\">\n<div class=\"featured-area-inner\"><\/div>\n<div class=\"share-links icons-text share-pill\"><\/div>\n<div class=\"entry-content entry clearfix\">\n<h4><strong>Esta es la Efem\u00e9rides del Deporte en el Chaco de un 10 de marzo del periodista Luis Dar\u00edo Molodezky.<\/strong><\/h4>\n<h4><\/h4>\n<p><img loading=\"lazy\" decoding=\"async\" class=\"alignnone size-medium wp-image-6636\" src=\"https:\/\/www.sportchaco.com.ar\/wp-content\/uploads\/2024\/03\/Luis-Molodezky-210x300.jpg\" sizes=\"auto, (max-width: 210px) 100vw, 210px\" srcset=\"https:\/\/www.sportchaco.com.ar\/wp-content\/uploads\/2024\/03\/Luis-Molodezky-210x300.jpg 210w, https:\/\/www.sportchaco.com.ar\/wp-content\/uploads\/2024\/03\/Luis-Molodezky.jpg 275w\" alt=\"\" width=\"210\" height=\"300\" \/>\u00a0<strong>Luis Dar\u00edo Molodezky<\/strong><\/p>\n<p>&nbsp;<\/p>\n<p><strong>1947\u00a0<\/strong>\/ Se funda el Club Sportivo Argentino de Hermoso Campo, cuyo domicilio es avenida Belgrano 118.<\/p>\n<p><strong>1950\u00a0<\/strong>\/ El equipo representativo de Chaco, \u201cMiguel Magone\u201d de Resistencia, luego de una consagratoria actuaci\u00f3n, se clasifica tercero en el Campeonato Argentino Infantil de F\u00fatbol \u201cEvita\u201d. Derrota al campe\u00f3n de Santa Fe por 2 a 0.<\/p>\n<p><strong>1968 \/<\/strong>\u00a0Ingresa como personal de planta en la secci\u00f3n deportes del diario El Territorio Manuel Edgardo Bord\u00f3n, nacido en Selvas del R\u00edo de Oro en 1950. En 1971 ingres\u00f3 en la direcci\u00f3n de Prensa de gobierno provincial por concurso, luego de trabajar en publicidad como redactor.\u00a0 En 1974 ingreso a diario Norte y en 1976 con el proceso militar estuvo \u201cexiliado\u201d en el interior dedic\u00e1ndose a la fotograf\u00eda. En 198e vuelve como director de prensa de la C\u00e1mara de Diputados convocado por Ra\u00fal Bittel.\u00a0 El 1 de mayo de 1989 inaugur\u00f3 Radio Libertad y en el 1 de enero de 2001 lleg\u00f3 Radio Morena. Falleci\u00f3 el\u00a08\u00a0de julio de 2014 mientras dirig\u00eda Radio Argentina.<\/p>\n<p><strong>1980\u00a0<\/strong>\/ Luis Alberto\u00a0<em>Mojarrita\u00a0<\/em>Ag\u00fcero, supera su propio r\u00e9cord nadando en pileta, atado de pies y manos, con una marca de 57 horas y 21 minutos. Lo hizo en la d\u00e1rsena de Paran\u00e1, Entre R\u00edos.<\/p>\n<p><strong>1986\u00a0<\/strong>\/ Resistencia se consagra campe\u00f3n provincial de Bochas, con el equipo integrado por Domingo Sona, Adalberto Sol\u00eds, Juan Carlos Su\u00e1rez y Ram\u00f3n Ojeda, con Antonio Zampa como DT. En la final supera al anfitri\u00f3n, Villa \u00c1ngela, por 18 a 8.<\/p>\n<p><strong>2014 \/<\/strong> Fallece el periodista Manuel Edgardo Bord\u00f3n mientras dirig\u00eda la FM Radio Argentina. Ingres\u00f3 como personal de planta en la secci\u00f3n deportes del diario El Territorio quien hab\u00eda nacido un 24 de abril de 1950, en Selvas del R\u00edo de Oro. En 1971 lleg\u00f3 a la direcci\u00f3n de Prensa de gobierno provincial por concurso, luego de trabajar en publicidad como redactor.\u00a0 En 1974 se incorpor\u00f3 a diario Norte y en 1976 con el proceso militar estuvo \u201cexiliado\u201d en el interior dedic\u00e1ndose a la fotograf\u00eda. El automovilismo lo tuvo como uno de los mejores fot\u00f3grafos y periodistas en el zonal y competencias nacionales. En 1983 vuelve como director de prensa de la C\u00e1mara de Diputados convocado por Ra\u00fal Bittel.\u00a0 Fue presidente del Consejo de Fot\u00f3grafos profesionales del Chaco en 1986 y el 6 de enero del 87 inauguraba su casa propia en Julio A. Roca 119, planta alta, y que lleva su nombre. El 1 de mayo de 1989 inaugur\u00f3 Radio Libertad y en el 1 de enero de 2001 lleg\u00f3 Radio Morena.<\/p>\n<p>Foto de Manolo Bord\u00f3n<\/p>\n<\/div>\n<p style=\"text-align: center;\"><img loading=\"lazy\" decoding=\"async\" class=\"alignnone size-medium wp-image-16974\" src=\"https:\/\/www.sportchaco.com.ar\/wp-content\/uploads\/2025\/03\/gob-produccion-240x300.jpg\" alt=\"\" width=\"240\" height=\"300\" srcset=\"https:\/\/www.sportchaco.com.ar\/wp-content\/uploads\/2025\/03\/gob-produccion-240x300.jpg 240w, https:\/\/www.sportchaco.com.ar\/wp-content\/uploads\/2025\/03\/gob-produccion-821x1024.jpg 821w, https:\/\/www.sportchaco.com.ar\/wp-content\/uploads\/2025\/03\/gob-produccion-768x958.jpg 768w, https:\/\/www.sportchaco.com.ar\/wp-content\/uploads\/2025\/03\/gob-produccion-1231x1536.jpg 1231w, https:\/\/www.sportchaco.com.ar\/wp-content\/uploads\/2025\/03\/gob-produccion.jpg 1440w\" sizes=\"auto, (max-width: 240px) 100vw, 240px\" \/> <img loading=\"lazy\" decoding=\"async\" class=\"alignnone size-medium wp-image-16973\" src=\"https:\/\/www.sportchaco.com.ar\/wp-content\/uploads\/2025\/03\/gob-produccion-1-240x300.jpg\" alt=\"\" width=\"240\" height=\"300\" srcset=\"https:\/\/www.sportchaco.com.ar\/wp-content\/uploads\/2025\/03\/gob-produccion-1-240x300.jpg 240w, https:\/\/www.sportchaco.com.ar\/wp-content\/uploads\/2025\/03\/gob-produccion-1-821x1024.jpg 821w, https:\/\/www.sportchaco.com.ar\/wp-content\/uploads\/2025\/03\/gob-produccion-1-768x958.jpg 768w, https:\/\/www.sportchaco.com.ar\/wp-content\/uploads\/2025\/03\/gob-produccion-1-1231x1536.jpg 1231w, https:\/\/www.sportchaco.com.ar\/wp-content\/uploads\/2025\/03\/gob-produccion-1.jpg 1440w\" sizes=\"auto, (max-width: 240px) 100vw, 240px\" \/><\/p>\n<\/article>\n<\/div>\n<\/div>\n<\/div>\n","protected":false},"excerpt":{"rendered":"<p>Esta es la Efem\u00e9rides del Deporte en el Chaco de un 10 de marzo del periodista Luis Dar\u00edo Molodezky. \u00a0Luis Dar\u00edo Molodezky &nbsp; 1947\u00a0\/ Se funda el Club Sportivo Argentino de Hermoso Campo, cuyo domicilio es avenida Belgrano 118. 1950\u00a0\/ El equipo representativo de Chaco, \u201cMiguel Magone\u201d de Resistencia, luego de una consagratoria actuaci\u00f3n, se &hellip;<\/p>\n","protected":false},"author":2,"featured_media":17036,"comment_status":"open","ping_status":"open","sticky":false,"template":"","format":"standard","meta":{"footnotes":""},"categories":[45,33],"tags":[],"class_list":["post-17035","post","type-post","status-publish","format-standard","has-post-thumbnail","hentry","category-efemerides-dia-por-dia","category-marzo"],"_links":{"self":[{"href":"https:\/\/www.sportchaco.com.ar\/index.php?rest_route=\/wp\/v2\/posts\/17035","targetHints":{"allow":["GET"]}}],"collection":[{"href":"https:\/\/www.sportchaco.com.ar\/index.php?rest_route=\/wp\/v2\/posts"}],"about":[{"href":"https:\/\/www.sportchaco.com.ar\/index.php?rest_route=\/wp\/v2\/types\/post"}],"author":[{"embeddable":true,"href":"https:\/\/www.sportchaco.com.ar\/index.php?rest_route=\/wp\/v2\/users\/2"}],"replies":[{"embeddable":true,"href":"https:\/\/www.sportchaco.com.ar\/index.php?rest_route=%2Fwp%2Fv2%2Fcomments&post=17035"}],"version-history":[{"count":1,"href":"https:\/\/www.sportchaco.com.ar\/index.php?rest_route=\/wp\/v2\/posts\/17035\/revisions"}],"predecessor-version":[{"id":17037,"href":"https:\/\/www.sportchaco.com.ar\/index.php?rest_route=\/wp\/v2\/posts\/17035\/revisions\/17037"}],"wp:featuredmedia":[{"embeddable":true,"href":"https:\/\/www.sportchaco.com.ar\/index.php?rest_route=\/wp\/v2\/media\/17036"}],"wp:attachment":[{"href":"https:\/\/www.sportchaco.com.ar\/index.php?rest_route=%2Fwp%2Fv2%2Fmedia&parent=17035"}],"wp:term":[{"taxonomy":"category","embeddable":true,"href":"https:\/\/www.sportchaco.com.ar\/index.php?rest_route=%2Fwp%2Fv2%2Fcategories&post=17035"},{"taxonomy":"post_tag","embeddable":true,"href":"https:\/\/www.sportchaco.com.ar\/index.php?rest_route=%2Fwp%2Fv2%2Ftags&post=17035"}],"curies":[{"name":"wp","href":"https:\/\/api.w.org\/{rel}","templated":true}]}}