{"id":1706,"date":"2023-10-13T11:01:27","date_gmt":"2023-10-13T14:01:27","guid":{"rendered":"https:\/\/www.sportchaco.com.ar\/?p=1706"},"modified":"2023-10-13T11:01:27","modified_gmt":"2023-10-13T14:01:27","slug":"bochini-seria-feliz-por-riquelme-si-boca-gana-la-libertadores","status":"publish","type":"post","link":"https:\/\/www.sportchaco.com.ar\/?p=1706","title":{"rendered":"Bochini: Ser\u00eda feliz por Riquelme, si Boca gana la Libertadores"},"content":{"rendered":"<div id=\"div_cuerpo\" class=\"content cable-content\">El ex futbolista Ricardo Enrique Bochini, m\u00e1ximo \u00eddolo de Independiente de Avellaneda, admiti\u00f3 hoy que lo pondr\u00eda \u00abfeliz por Riquelme\u00bb que \u00abBoca gane su s\u00e9ptima Libertadores\u00bb, aunque tambi\u00e9n dijo que desea que su club siga siendo el \u00abRey de Copas\u00bb y en ese sentido apuesta por Fluminense, de Brasil, en la final.<\/p>\n<p>\u00abMe pondr\u00eda feliz por Riquelme que Boca gane la s\u00e9ptima, si ganan la Libertadores tambi\u00e9n me gustar\u00eda por \u00e9l\u00bb, expres\u00f3 Bochini en di\u00e1logo con el programa radial S\u00faper Mitre Deportivo.<\/p>\n<p>El \u00abBocha\u00bb, nacido en Z\u00e1rate hace 69 a\u00f1os, gener\u00f3 pol\u00e9mica hace un par de d\u00edas cuando declar\u00f3 que, en la final de la Libertadores a jugarse en el estadio de Maracan\u00e1, en R\u00edo de Janeiro, el pr\u00f3ximo 4 de noviembre, iba a hinchar por Fluminense.<\/p>\n<p>Esas declaraciones del ex futbolista apoyando a los brasile\u00f1os cosecharon cr\u00edticas de hinchas de Boca en las redes sociales, que recordaron que se trat\u00f3 del primer invitado por Riquelme a su palco cuando asumi\u00f3 como vicepresidente de la entidad de la Ribera, en un cl\u00e1sico con Independiente que termin\u00f3 empatado sin goles en enero de 2020.<\/p>\n<p>\u00abQuiero que Independiente siga siendo el Rey de Copas, \u00fanicamente por eso quiero que pierda Boca. Si bien no me gusta como juega Boca, no me identifico con su juego, tampoco lo superaron\u00bb, a\u00f1adi\u00f3 el \u00abBocha\u00bb.<\/p>\n<p>Independiente acumula siete t\u00edtulos en Copa Libertadores (1964, 1965, 1972, 1973, 1974, 1975, 1984), mientras que Boca re\u00fane seis (1977, 1978, 2000, 2001, 2003, 2007), y la posibilidad de que lo alcance es lo que preocupa a Bochini, y as\u00ed lo dej\u00f3 claro.<\/p>\n<p>En otro orden, Bochini se refiri\u00f3 al actual momento de Independiente, que pas\u00f3 de sufrir con la posibilidad de irse al descenso a disfrutar de una serie de siete partidos sin derrotas en la Copa de la Liga, y el segundo puesto en la Zona A, detr\u00e1s de River.<\/p>\n<p>La mejor\u00eda se produjo tras el despido del DT Ricardo Zielinski y la llegada de un \u00eddolo de Boca como Carlos Tevez, quien revirti\u00f3 la situaci\u00f3n.<\/p>\n<p>\u00abMe sorprendi\u00f3 Carlitos Tevez, mejor\u00f3 mucho al equipo. Le agradezco a Tevez por este presente de Independiente\u00bb, subray\u00f3 Bochini, quien hace un par de meses estaba preocupado por la posibilidad concreta de que el club de Avellaneda pierda nuevamente la categor\u00eda, como le sucedi\u00f3 en 2013, exactamente dos a\u00f1os despu\u00e9s de que se fuera al descenso River Plate.<\/p><\/div>\n<div><\/div>\n<div><strong>Foto de Ricardo Bochini y Rom\u00e1n Riquelme tir\u00e1ndose con flores.<\/strong><\/div>\n","protected":false},"excerpt":{"rendered":"<p>El ex futbolista Ricardo Enrique Bochini, m\u00e1ximo \u00eddolo de Independiente de Avellaneda, admiti\u00f3 hoy que lo pondr\u00eda \u00abfeliz por Riquelme\u00bb que \u00abBoca gane su s\u00e9ptima Libertadores\u00bb, aunque tambi\u00e9n dijo que desea que su club siga siendo el \u00abRey de Copas\u00bb y en ese sentido apuesta por Fluminense, de Brasil, en la final. \u00abMe pondr\u00eda feliz &hellip;<\/p>\n","protected":false},"author":2,"featured_media":1707,"comment_status":"open","ping_status":"open","sticky":false,"template":"","format":"standard","meta":{"footnotes":""},"categories":[5,47],"tags":[],"class_list":["post-1706","post","type-post","status-publish","format-standard","has-post-thumbnail","hentry","category-futbol","category-nacionales"],"_links":{"self":[{"href":"https:\/\/www.sportchaco.com.ar\/index.php?rest_route=\/wp\/v2\/posts\/1706","targetHints":{"allow":["GET"]}}],"collection":[{"href":"https:\/\/www.sportchaco.com.ar\/index.php?rest_route=\/wp\/v2\/posts"}],"about":[{"href":"https:\/\/www.sportchaco.com.ar\/index.php?rest_route=\/wp\/v2\/types\/post"}],"author":[{"embeddable":true,"href":"https:\/\/www.sportchaco.com.ar\/index.php?rest_route=\/wp\/v2\/users\/2"}],"replies":[{"embeddable":true,"href":"https:\/\/www.sportchaco.com.ar\/index.php?rest_route=%2Fwp%2Fv2%2Fcomments&post=1706"}],"version-history":[{"count":1,"href":"https:\/\/www.sportchaco.com.ar\/index.php?rest_route=\/wp\/v2\/posts\/1706\/revisions"}],"predecessor-version":[{"id":1708,"href":"https:\/\/www.sportchaco.com.ar\/index.php?rest_route=\/wp\/v2\/posts\/1706\/revisions\/1708"}],"wp:featuredmedia":[{"embeddable":true,"href":"https:\/\/www.sportchaco.com.ar\/index.php?rest_route=\/wp\/v2\/media\/1707"}],"wp:attachment":[{"href":"https:\/\/www.sportchaco.com.ar\/index.php?rest_route=%2Fwp%2Fv2%2Fmedia&parent=1706"}],"wp:term":[{"taxonomy":"category","embeddable":true,"href":"https:\/\/www.sportchaco.com.ar\/index.php?rest_route=%2Fwp%2Fv2%2Fcategories&post=1706"},{"taxonomy":"post_tag","embeddable":true,"href":"https:\/\/www.sportchaco.com.ar\/index.php?rest_route=%2Fwp%2Fv2%2Ftags&post=1706"}],"curies":[{"name":"wp","href":"https:\/\/api.w.org\/{rel}","templated":true}]}}