{"id":17121,"date":"2025-03-13T23:00:32","date_gmt":"2025-03-14T02:00:32","guid":{"rendered":"https:\/\/www.sportchaco.com.ar\/?p=17121"},"modified":"2025-03-13T23:02:34","modified_gmt":"2025-03-14T02:02:34","slug":"efemerides-del-14-de-marzo-2","status":"publish","type":"post","link":"https:\/\/www.sportchaco.com.ar\/?p=17121","title":{"rendered":"Efem\u00e9rides del 14 de marzo"},"content":{"rendered":"<div class=\"container fullwidth-entry-title-wrapper\">\n<div class=\"container-wrapper fullwidth-entry-title\">\n<header class=\"entry-header-outer\">\n<div class=\"entry-header\">\n<h1 class=\"post-title entry-title\"><\/h1>\n<\/div>\n<\/header>\n<\/div>\n<\/div>\n<div id=\"content\" class=\"site-content container\">\n<div id=\"main-content-row\" class=\"tie-row main-content-row\">\n<div class=\"main-content tie-col-md-8 tie-col-xs-12\" role=\"main\">\n<article id=\"the-post\" class=\"container-wrapper post-content tie-standard\">\n<div class=\"featured-area\">\n<div class=\"featured-area-inner\">\n<h4 class=\"single-featured-image\"><\/h4>\n<\/div>\n<\/div>\n<div class=\"entry-content entry clearfix\">\n<h4><strong>Esta es la Efem\u00e9rides del Deporte en el Chaco de un 14 de marzo del periodista Luis Dar\u00edo Molodezky.<\/strong><\/h4>\n<\/div>\n<p>&nbsp;<\/p>\n<p><img loading=\"lazy\" decoding=\"async\" class=\"alignnone size-medium wp-image-16986\" src=\"https:\/\/www.sportchaco.com.ar\/wp-content\/uploads\/2025\/03\/Molodezky-Luis-300x199.jpg\" alt=\"\" width=\"300\" height=\"199\" srcset=\"https:\/\/www.sportchaco.com.ar\/wp-content\/uploads\/2025\/03\/Molodezky-Luis-300x199.jpg 300w, https:\/\/www.sportchaco.com.ar\/wp-content\/uploads\/2025\/03\/Molodezky-Luis-768x508.jpg 768w, https:\/\/www.sportchaco.com.ar\/wp-content\/uploads\/2025\/03\/Molodezky-Luis.jpg 772w\" sizes=\"auto, (max-width: 300px) 100vw, 300px\" \/><\/p>\n<div class=\"entry-content entry clearfix\">\n<p>&nbsp;<\/p>\n<p><strong>1969 \/<\/strong>\u00a0Carlos Monz\u00f3n le gana por KO3 en el estadio<br \/>\nde Sportivo de S\u00e1enz Pe\u00f1a a Mario Taborda.<\/p>\n<p><strong>2006 \/<\/strong>\u00a0Eduardo Gauna Rey, se impune en la<br \/>\nMarat\u00f3n Inauguraci\u00f3n del Acueducto Barranqueras-S\u00e1enz Pe\u00f1a,<br \/>\ndisputada en las calles de la ciudad Termal. 2) Juan A. Zacar\u00edas, 3)<br \/>\nRomualdo Parra (todos de Resistencia), 4) Atilio Centuri\u00f3n (S\u00e1enz<br \/>\nPe\u00f1a), 5) Humberto M\u00e9ndez (Machagai), 6) Daniel B\u00e1ez (S. Pe\u00f1a),<br \/>\n7) Domingo Ferreira (S. Pe\u00f1a), 8) Antonio Ponce (Fontana), 9)<br \/>\nGerardo Ortiz (Fontana) y 10) Enrique Toncheff (S. Pe\u00f1a).<\/p>\n<p><strong>2007 \/<\/strong>\u00a0Ricardo Siri, presidente de la Federaci\u00f3n<br \/>\nChaque\u00f1a de B\u00e1squetbol, es designado vicepresidente segundo de<br \/>\nla CABB, tras la propuesta de Horacio Muratore.<\/p>\n<p>&nbsp;<\/p>\n<p>&nbsp;<\/p>\n<p><strong>Foto de Ricardo Siri en la CABB con Tolcachier a la izquierda<\/strong><\/p>\n<\/div>\n<p><img loading=\"lazy\" decoding=\"async\" class=\"size-medium wp-image-17122 aligncenter\" src=\"https:\/\/www.sportchaco.com.ar\/wp-content\/uploads\/2025\/03\/gob-va-13-02-24-300x169.jpg\" alt=\"\" width=\"300\" height=\"169\" srcset=\"https:\/\/www.sportchaco.com.ar\/wp-content\/uploads\/2025\/03\/gob-va-13-02-24-300x169.jpg 300w, https:\/\/www.sportchaco.com.ar\/wp-content\/uploads\/2025\/03\/gob-va-13-02-24-1024x576.jpg 1024w, https:\/\/www.sportchaco.com.ar\/wp-content\/uploads\/2025\/03\/gob-va-13-02-24-768x432.jpg 768w, https:\/\/www.sportchaco.com.ar\/wp-content\/uploads\/2025\/03\/gob-va-13-02-24-390x220.jpg 390w, https:\/\/www.sportchaco.com.ar\/wp-content\/uploads\/2025\/03\/gob-va-13-02-24.jpg 1440w\" sizes=\"auto, (max-width: 300px) 100vw, 300px\" \/><\/p>\n<div class=\"entry-content entry clearfix\">\n<div class=\"post-bottom-meta post-bottom-edit\">\n<div class=\"post-bottom-meta-title\"><\/div>\n<\/div>\n<\/div>\n<\/article>\n<\/div>\n<\/div>\n<\/div>\n","protected":false},"excerpt":{"rendered":"<p>Esta es la Efem\u00e9rides del Deporte en el Chaco de un 14 de marzo del periodista Luis Dar\u00edo Molodezky. &nbsp; &nbsp; 1969 \/\u00a0Carlos Monz\u00f3n le gana por KO3 en el estadio de Sportivo de S\u00e1enz Pe\u00f1a a Mario Taborda. 2006 \/\u00a0Eduardo Gauna Rey, se impune en la Marat\u00f3n Inauguraci\u00f3n del Acueducto Barranqueras-S\u00e1enz Pe\u00f1a, disputada en &hellip;<\/p>\n","protected":false},"author":2,"featured_media":17123,"comment_status":"open","ping_status":"open","sticky":false,"template":"","format":"standard","meta":{"footnotes":""},"categories":[45,33],"tags":[],"class_list":["post-17121","post","type-post","status-publish","format-standard","has-post-thumbnail","hentry","category-efemerides-dia-por-dia","category-marzo"],"_links":{"self":[{"href":"https:\/\/www.sportchaco.com.ar\/index.php?rest_route=\/wp\/v2\/posts\/17121","targetHints":{"allow":["GET"]}}],"collection":[{"href":"https:\/\/www.sportchaco.com.ar\/index.php?rest_route=\/wp\/v2\/posts"}],"about":[{"href":"https:\/\/www.sportchaco.com.ar\/index.php?rest_route=\/wp\/v2\/types\/post"}],"author":[{"embeddable":true,"href":"https:\/\/www.sportchaco.com.ar\/index.php?rest_route=\/wp\/v2\/users\/2"}],"replies":[{"embeddable":true,"href":"https:\/\/www.sportchaco.com.ar\/index.php?rest_route=%2Fwp%2Fv2%2Fcomments&post=17121"}],"version-history":[{"count":2,"href":"https:\/\/www.sportchaco.com.ar\/index.php?rest_route=\/wp\/v2\/posts\/17121\/revisions"}],"predecessor-version":[{"id":17125,"href":"https:\/\/www.sportchaco.com.ar\/index.php?rest_route=\/wp\/v2\/posts\/17121\/revisions\/17125"}],"wp:featuredmedia":[{"embeddable":true,"href":"https:\/\/www.sportchaco.com.ar\/index.php?rest_route=\/wp\/v2\/media\/17123"}],"wp:attachment":[{"href":"https:\/\/www.sportchaco.com.ar\/index.php?rest_route=%2Fwp%2Fv2%2Fmedia&parent=17121"}],"wp:term":[{"taxonomy":"category","embeddable":true,"href":"https:\/\/www.sportchaco.com.ar\/index.php?rest_route=%2Fwp%2Fv2%2Fcategories&post=17121"},{"taxonomy":"post_tag","embeddable":true,"href":"https:\/\/www.sportchaco.com.ar\/index.php?rest_route=%2Fwp%2Fv2%2Ftags&post=17121"}],"curies":[{"name":"wp","href":"https:\/\/api.w.org\/{rel}","templated":true}]}}