{"id":1713,"date":"2023-10-13T11:47:08","date_gmt":"2023-10-13T14:47:08","guid":{"rendered":"https:\/\/www.sportchaco.com.ar\/?p=1713"},"modified":"2023-10-13T11:48:02","modified_gmt":"2023-10-13T14:48:02","slug":"ludmila-gerzel-estara-en-los-panamericanos","status":"publish","type":"post","link":"https:\/\/www.sportchaco.com.ar\/?p=1713","title":{"rendered":"Ludmila Gerzel estar\u00e1 en los Panamericanos"},"content":{"rendered":"<p>La atleta chaque\u00f1a Ludmila Gerzel firmar\u00e1 parte del equipo nacional que representar\u00e1 a la Argentina en los Juegos Deportivos Panamericanos que se disputar\u00e1 entre el 20 al 25 de octubre en la Ciudad de Santiago de Chile<\/p>\n<p>La Federaci\u00f3n Argentina de Pesas convoc\u00f3 a Ludmila Gerzel Atleta de la Escuela de Levantamiento Ol\u00edmpico de Pesas del Club Atl\u00e9tico Sarmiento de Resistencia Chaco para formar parte de la delegaci\u00f3n Nacional que nos representar\u00e1 en estos Juegos Deportivos Panamericanos.<br \/>\n.<br \/>\nEs un orgullo para para los chaque\u00f1os y con mucha alegr\u00eda que una Atleta Chaque\u00f1a de la Escuela de Levantamiento Ol\u00edmpico de Pesas del Club Atl\u00e9tico Sarmiento sea por segunda vez convocada para representar al Pa\u00eds en dos Juegos Deportivos Panamericanos el Primero fue Juvenil 2021 (Colombia) y ahora en adulto (Chile).<br \/>\n.<br \/>\nSin dejar de mencionar que tambi\u00e9n fue parte de la delegaci\u00f3n Nacional en los Juegos Sudamericanos ODESUR 2022 (Asunci\u00f3n Paraguay).<br \/>\n.<br \/>\nDesde la Escuela de Levantamiento Ol\u00edmpico de Pesas del Club Atl\u00e9tico Sarmiento hicieron llegar sus mejores deseos<\/p>\n<figure id=\"attachment_1714\" aria-describedby=\"caption-attachment-1714\" style=\"width: 300px\" class=\"wp-caption alignnone\"><img loading=\"lazy\" decoding=\"async\" class=\"size-medium wp-image-1714\" src=\"https:\/\/www.sportchaco.com.ar\/wp-content\/uploads\/2023\/10\/Ludmila-Gerzel-pesas-300x219.jpg\" alt=\"\" width=\"300\" height=\"219\" srcset=\"https:\/\/www.sportchaco.com.ar\/wp-content\/uploads\/2023\/10\/Ludmila-Gerzel-pesas-300x219.jpg 300w, https:\/\/www.sportchaco.com.ar\/wp-content\/uploads\/2023\/10\/Ludmila-Gerzel-pesas.jpg 580w\" sizes=\"auto, (max-width: 300px) 100vw, 300px\" \/><figcaption id=\"caption-attachment-1714\" class=\"wp-caption-text\">La atleta chaque\u00f1a representar\u00e1 la Chaco y el pa\u00eds en los Panamericanos de Chile<\/figcaption><\/figure>\n<p><img loading=\"lazy\" decoding=\"async\" class=\"alignnone size-medium wp-image-1715\" src=\"https:\/\/www.sportchaco.com.ar\/wp-content\/uploads\/2023\/10\/Ludmila-pesas-300x300.jpg\" alt=\"\" width=\"300\" height=\"300\" srcset=\"https:\/\/www.sportchaco.com.ar\/wp-content\/uploads\/2023\/10\/Ludmila-pesas-300x300.jpg 300w, https:\/\/www.sportchaco.com.ar\/wp-content\/uploads\/2023\/10\/Ludmila-pesas-150x150.jpg 150w, https:\/\/www.sportchaco.com.ar\/wp-content\/uploads\/2023\/10\/Ludmila-pesas.jpg 600w\" sizes=\"auto, (max-width: 300px) 100vw, 300px\" \/> \u00a0mejores deseos<\/p>\n","protected":false},"excerpt":{"rendered":"<p>La atleta chaque\u00f1a Ludmila Gerzel firmar\u00e1 parte del equipo nacional que representar\u00e1 a la Argentina en los Juegos Deportivos Panamericanos que se disputar\u00e1 entre el 20 al 25 de octubre en la Ciudad de Santiago de Chile La Federaci\u00f3n Argentina de Pesas convoc\u00f3 a Ludmila Gerzel Atleta de la Escuela de Levantamiento Ol\u00edmpico de Pesas &hellip;<\/p>\n","protected":false},"author":2,"featured_media":1716,"comment_status":"open","ping_status":"open","sticky":false,"template":"","format":"standard","meta":{"footnotes":""},"categories":[6,52],"tags":[],"class_list":["post-1713","post","type-post","status-publish","format-standard","has-post-thumbnail","hentry","category-internacionales","category-pesas"],"_links":{"self":[{"href":"https:\/\/www.sportchaco.com.ar\/index.php?rest_route=\/wp\/v2\/posts\/1713","targetHints":{"allow":["GET"]}}],"collection":[{"href":"https:\/\/www.sportchaco.com.ar\/index.php?rest_route=\/wp\/v2\/posts"}],"about":[{"href":"https:\/\/www.sportchaco.com.ar\/index.php?rest_route=\/wp\/v2\/types\/post"}],"author":[{"embeddable":true,"href":"https:\/\/www.sportchaco.com.ar\/index.php?rest_route=\/wp\/v2\/users\/2"}],"replies":[{"embeddable":true,"href":"https:\/\/www.sportchaco.com.ar\/index.php?rest_route=%2Fwp%2Fv2%2Fcomments&post=1713"}],"version-history":[{"count":1,"href":"https:\/\/www.sportchaco.com.ar\/index.php?rest_route=\/wp\/v2\/posts\/1713\/revisions"}],"predecessor-version":[{"id":1717,"href":"https:\/\/www.sportchaco.com.ar\/index.php?rest_route=\/wp\/v2\/posts\/1713\/revisions\/1717"}],"wp:featuredmedia":[{"embeddable":true,"href":"https:\/\/www.sportchaco.com.ar\/index.php?rest_route=\/wp\/v2\/media\/1716"}],"wp:attachment":[{"href":"https:\/\/www.sportchaco.com.ar\/index.php?rest_route=%2Fwp%2Fv2%2Fmedia&parent=1713"}],"wp:term":[{"taxonomy":"category","embeddable":true,"href":"https:\/\/www.sportchaco.com.ar\/index.php?rest_route=%2Fwp%2Fv2%2Fcategories&post=1713"},{"taxonomy":"post_tag","embeddable":true,"href":"https:\/\/www.sportchaco.com.ar\/index.php?rest_route=%2Fwp%2Fv2%2Ftags&post=1713"}],"curies":[{"name":"wp","href":"https:\/\/api.w.org\/{rel}","templated":true}]}}