{"id":17157,"date":"2025-03-14T23:07:18","date_gmt":"2025-03-15T02:07:18","guid":{"rendered":"https:\/\/www.sportchaco.com.ar\/?p=17157"},"modified":"2025-03-14T23:07:18","modified_gmt":"2025-03-15T02:07:18","slug":"efemerides-del-15-de-marzo","status":"publish","type":"post","link":"https:\/\/www.sportchaco.com.ar\/?p=17157","title":{"rendered":"Efem\u00e9rides del 15 de marzo"},"content":{"rendered":"<div class=\"container fullwidth-entry-title-wrapper\">\n<div class=\"container-wrapper fullwidth-entry-title\">\n<header class=\"entry-header-outer\">\n<div class=\"entry-header\">\n<h1 class=\"post-title entry-title\">Efem\u00e9rides del 15 de marzo<\/h1>\n<\/div>\n<\/header>\n<\/div>\n<\/div>\n<div id=\"content\" class=\"site-content container\">\n<div id=\"main-content-row\" class=\"tie-row main-content-row\">\n<div class=\"main-content tie-col-md-8 tie-col-xs-12\" role=\"main\">\n<article id=\"the-post\" class=\"container-wrapper post-content tie-standard\">\n<div class=\"featured-area\">\n<div class=\"featured-area-inner\">\n<figure class=\"single-featured-image\"><\/figure>\n<\/div>\n<\/div>\n<div id=\"share-buttons-top\" class=\"share-buttons share-buttons-top\">\n<h3 class=\"share-links  icons-text share-pill\"><\/h3>\n<\/div>\n<div class=\"entry-content entry clearfix\">\n<h3><strong>Esta es la Efem\u00e9rides del Deporte en el Chaco de un 15 de marzo del periodista Luis Dar\u00edo Molodezky.<\/strong><\/h3>\n<\/div>\n<p>&nbsp;<\/p>\n<div class=\"entry-content entry clearfix\">\n<p><img loading=\"lazy\" decoding=\"async\" class=\"alignnone size-medium wp-image-17158\" src=\"https:\/\/www.sportchaco.com.ar\/wp-content\/uploads\/2025\/03\/Luis-2025-marzo-300x209.jpg\" alt=\"\" width=\"300\" height=\"209\" srcset=\"https:\/\/www.sportchaco.com.ar\/wp-content\/uploads\/2025\/03\/Luis-2025-marzo-300x209.jpg 300w, https:\/\/www.sportchaco.com.ar\/wp-content\/uploads\/2025\/03\/Luis-2025-marzo.jpg 715w\" sizes=\"auto, (max-width: 300px) 100vw, 300px\" \/><\/p>\n<p>&nbsp;<\/p>\n<p><strong>1962 \/<\/strong>\u00a0Se inauguran las torres de iluminaci\u00f3n de Sarmiento. Para la ocasi\u00f3n, disput\u00f3 un encuentro amistoso con Talleres, el campe\u00f3n correntino, que ten\u00eda el premio \u201cTiendas Rodr\u00edguez Barro\u201d para el conjunto ganador. El match lo gan\u00f3 el equipo de Corrientes por 3 a 2.<\/p>\n<p><strong>1981 \/\u00a0<\/strong>Rub\u00e9n Rolando Borda de Hind\u00fa Club se impone en la Corrientes \u2013 Barranqueras de nataci\u00f3n por el Campeonato de Aguas Abiertas, que ya fuera ganado por Marcos Ca\u00f1ete. Segundo se ubic\u00f3 Gerardo Maximino.<\/p>\n<p><strong>1985\u00a0<\/strong>\/ Regatas corona a los campeones de Aguas Abiertas. General: 1) Eduardo Sisti, 2) Eduardo S\u00e1ez, 3) Mauro Melli. Promocional varones: 1) Juan Franco, 2) Leonardo Anabia y 3) Claudio Aguilar. Damas: 1) Alejandra Aguilar, 2) Mar\u00eda Rapizarda. Infantil: 1) Mauro Melli, 2) Hugo Fern\u00e1ndez, 3) Marcelo Fern\u00e1ndez. Damas mayores: Marcela Saidman y 2) Claudia Flores.<\/p>\n<p><strong>2007\u00a0<\/strong>\/ El equipo del Sindicato de Trabajadores Municipales se clasifica Campe\u00f3n Provincial de Tr\u00edos de Bochas, con el equipo integrado por Omar y Jos\u00e9 Luna, Jos\u00e9 Barrientos y Jos\u00e9 Flores. El campe\u00f3n individual result\u00f3 Jorge Su\u00e1rez, de Don Bosco.<\/p>\n<p><strong>2011 \/<\/strong>\u00a0A los 67 a\u00f1os fallece Carlos \u201cMona\u201d Lobera, destacado basquetbolista y luego pol\u00edtico de la ciudad de Villa \u00c1ngela. Como deportista brill\u00f3 en el equipo Uni\u00f3n Progresista, del que fue capit\u00e1n y con el que logr\u00f3 numerosos t\u00edtulos a nivel provincial y nacional. Integr\u00f3 la Selecci\u00f3n Chaque\u00f1a. Como pol\u00edtico, en representaci\u00f3n de la Uni\u00f3n C\u00edvica Radical, fue intendente municipal de Villa Antela en dos per\u00edodos: 1995-1999 y 1999-2003. Luego en 2005 -2009 fue diputado provincial. Sus restos fueron velados en estadio de b\u00e1squet de Uni\u00f3n Progresista en Villa \u00c1ngela.<\/p>\n<p>&nbsp;<\/p>\n<h5>Foto de Carlos Lobera levantando la copa de campe\u00f3n provincial con Uni\u00f3n Progresista.<\/h5>\n<div class=\"post-bottom-meta-title\" style=\"text-align: center;\">\u00a0<img loading=\"lazy\" decoding=\"async\" class=\"alignnone size-medium wp-image-17160\" src=\"https:\/\/www.sportchaco.com.ar\/wp-content\/uploads\/2025\/03\/gob-makalle-240x300.jpg\" alt=\"\" width=\"240\" height=\"300\" srcset=\"https:\/\/www.sportchaco.com.ar\/wp-content\/uploads\/2025\/03\/gob-makalle-240x300.jpg 240w, https:\/\/www.sportchaco.com.ar\/wp-content\/uploads\/2025\/03\/gob-makalle-821x1024.jpg 821w, https:\/\/www.sportchaco.com.ar\/wp-content\/uploads\/2025\/03\/gob-makalle-768x958.jpg 768w, https:\/\/www.sportchaco.com.ar\/wp-content\/uploads\/2025\/03\/gob-makalle-1231x1536.jpg 1231w, https:\/\/www.sportchaco.com.ar\/wp-content\/uploads\/2025\/03\/gob-makalle.jpg 1440w\" sizes=\"auto, (max-width: 240px) 100vw, 240px\" \/><\/div>\n<\/div>\n<\/article>\n<\/div>\n<\/div>\n<\/div>\n","protected":false},"excerpt":{"rendered":"<p>Efem\u00e9rides del 15 de marzo Esta es la Efem\u00e9rides del Deporte en el Chaco de un 15 de marzo del periodista Luis Dar\u00edo Molodezky. &nbsp; &nbsp; 1962 \/\u00a0Se inauguran las torres de iluminaci\u00f3n de Sarmiento. Para la ocasi\u00f3n, disput\u00f3 un encuentro amistoso con Talleres, el campe\u00f3n correntino, que ten\u00eda el premio \u201cTiendas Rodr\u00edguez Barro\u201d para &hellip;<\/p>\n","protected":false},"author":2,"featured_media":17159,"comment_status":"open","ping_status":"open","sticky":false,"template":"","format":"standard","meta":{"footnotes":""},"categories":[45,33],"tags":[],"class_list":["post-17157","post","type-post","status-publish","format-standard","has-post-thumbnail","hentry","category-efemerides-dia-por-dia","category-marzo"],"_links":{"self":[{"href":"https:\/\/www.sportchaco.com.ar\/index.php?rest_route=\/wp\/v2\/posts\/17157","targetHints":{"allow":["GET"]}}],"collection":[{"href":"https:\/\/www.sportchaco.com.ar\/index.php?rest_route=\/wp\/v2\/posts"}],"about":[{"href":"https:\/\/www.sportchaco.com.ar\/index.php?rest_route=\/wp\/v2\/types\/post"}],"author":[{"embeddable":true,"href":"https:\/\/www.sportchaco.com.ar\/index.php?rest_route=\/wp\/v2\/users\/2"}],"replies":[{"embeddable":true,"href":"https:\/\/www.sportchaco.com.ar\/index.php?rest_route=%2Fwp%2Fv2%2Fcomments&post=17157"}],"version-history":[{"count":1,"href":"https:\/\/www.sportchaco.com.ar\/index.php?rest_route=\/wp\/v2\/posts\/17157\/revisions"}],"predecessor-version":[{"id":17161,"href":"https:\/\/www.sportchaco.com.ar\/index.php?rest_route=\/wp\/v2\/posts\/17157\/revisions\/17161"}],"wp:featuredmedia":[{"embeddable":true,"href":"https:\/\/www.sportchaco.com.ar\/index.php?rest_route=\/wp\/v2\/media\/17159"}],"wp:attachment":[{"href":"https:\/\/www.sportchaco.com.ar\/index.php?rest_route=%2Fwp%2Fv2%2Fmedia&parent=17157"}],"wp:term":[{"taxonomy":"category","embeddable":true,"href":"https:\/\/www.sportchaco.com.ar\/index.php?rest_route=%2Fwp%2Fv2%2Fcategories&post=17157"},{"taxonomy":"post_tag","embeddable":true,"href":"https:\/\/www.sportchaco.com.ar\/index.php?rest_route=%2Fwp%2Fv2%2Ftags&post=17157"}],"curies":[{"name":"wp","href":"https:\/\/api.w.org\/{rel}","templated":true}]}}