{"id":17165,"date":"2025-03-15T23:00:53","date_gmt":"2025-03-16T02:00:53","guid":{"rendered":"https:\/\/www.sportchaco.com.ar\/?p=17165"},"modified":"2025-03-15T23:11:07","modified_gmt":"2025-03-16T02:11:07","slug":"efemerides-del-16-de-marzo-2","status":"publish","type":"post","link":"https:\/\/www.sportchaco.com.ar\/?p=17165","title":{"rendered":"Efem\u00e9rides del 16 de marzo"},"content":{"rendered":"<div class=\"container fullwidth-entry-title-wrapper\">\n<div class=\"container-wrapper fullwidth-entry-title\">\n<header class=\"entry-header-outer\">\n<div class=\"entry-header\"><\/div>\n<\/header>\n<\/div>\n<\/div>\n<div id=\"content\" class=\"site-content container\">\n<div id=\"main-content-row\" class=\"tie-row main-content-row\">\n<div class=\"main-content tie-col-md-8 tie-col-xs-12\" role=\"main\">\n<article id=\"the-post\" class=\"container-wrapper post-content tie-standard\">\n<div id=\"share-buttons-top\" class=\"share-buttons share-buttons-top\">\n<h4 class=\"share-links icons-text share-pill\"><\/h4>\n<\/div>\n<div class=\"entry-content entry clearfix\">\n<h4><strong>Esta es la Efem\u00e9rides del Deporte en el Chaco de un 16 de marzo del periodista Luis Dar\u00edo Molodezky.<\/strong><\/h4>\n<p>&nbsp;<\/p>\n<p><img loading=\"lazy\" decoding=\"async\" class=\"alignnone size-medium wp-image-17158\" src=\"https:\/\/www.sportchaco.com.ar\/wp-content\/uploads\/2025\/03\/Luis-2025-marzo-300x209.jpg\" alt=\"\" width=\"300\" height=\"209\" srcset=\"https:\/\/www.sportchaco.com.ar\/wp-content\/uploads\/2025\/03\/Luis-2025-marzo-300x209.jpg 300w, https:\/\/www.sportchaco.com.ar\/wp-content\/uploads\/2025\/03\/Luis-2025-marzo.jpg 715w\" sizes=\"auto, (max-width: 300px) 100vw, 300px\" \/><\/p>\n<p><strong>1940 \/\u00a0<\/strong>Nace el empresario y publicista Armando Sosa Mena. Cuando era estudiante de Medicina ten\u00eda una audici\u00f3n en LT 5 Junto a otros compa\u00f1eros que se llamaba \u201cSala de Guardia\u201d. Fue entonces cuando el gerente comercial de la radio le propuso vender avisos para la emisora. Fue as\u00ed como estuvo durante muchos a\u00f1os ligado a los medios de comunicaci\u00f3n y tras abandonar Medicina cre\u00f3 una agencia de publicidad y se lig\u00f3 las transmisiones deportivas. Fue productor de las transmisiones de f\u00fatbol desde la d\u00e9cada del 70. Fue pionero en las agencias de publicidad inici\u00e1ndose en Organizaci\u00f3n Publicitaria y creando luego Sosa Mena &amp; Asociados y finalmente Asesores Publicitarios S.A.. Tambi\u00e9n fue pionero en la televisi\u00f3n por cable creando y dirigiendo Cable Color, el Canal de la Casita. Fue presidente de la C\u00e1mara de Comercio, Industria y Producci\u00f3n en dos per\u00edodos 1986-88 y 1997-99 y particip\u00f3 de numerosas instituciones solidarias y de bien p\u00fablico de Resistencia. El deporte ocup\u00f3 un rol central en su desarrollo publicitario, organizando grandes transmisiones deportivas locales, regionales, nacionales y hasta internacionales.<\/p>\n<p><strong>1952\u00a0<\/strong>\/ Un grupo de vecinos conforman el Club 4 de Junio, con el objetivo de nuclear a los j\u00f3venes del barrio que adem\u00e1s \u00a0\u00a0a la\u00a0 \u00a0Escuela N\u00ba 26. Teniendo en cuenta los or\u00edgenes\u00a0en 1 954 se le cambia el nombre por el de Defensores de Escuela\u00a026.<\/p>\n<p><strong>1963 \/<\/strong>\u00a0Se inaugura Motovel\u00f3dromo de Villa Barber\u00e1n por parte de la ACHAMO, bajo la presidencia de Conrado Giuliano,\u00a012 a\u00f1os despu\u00e9s de su fundaci\u00f3n, un 15 de agosto de 1951.\u00a0Su primer titular fue Edgardo Valdez.\u00a0\u00a0Entre los circuitos utilizados hasta entonces estaban el del Parque 2 de Febrero, el Tri\u00e1ngulo en 25 de mayo al fondo y los del interior del Chaco.<\/p>\n<p><strong>2008\u00a0<\/strong>\/ En el campeonato argentino de Bochas de segunda categor\u00eda, el representante de Chaco Sebasti\u00e1n\u00a0<em>Pitufo\u00a0<\/em>Saucedo, se corona campe\u00f3n individual. El evento se desarrolla en\u00a0Gualeguaych\u00fa. El campe\u00f3n con 22 a\u00f1os, representa al Club Don\u00a0Bosco de Resistencia.<\/p>\n<\/div>\n<\/article>\n<p><strong>Foto de Armando Sosa Mena<\/strong><\/p>\n<\/div>\n<p><img loading=\"lazy\" decoding=\"async\" class=\"alignnone size-medium wp-image-17171 aligncenter\" src=\"https:\/\/www.sportchaco.com.ar\/wp-content\/uploads\/2025\/03\/200x200-300x300.gif\" alt=\"\" width=\"300\" height=\"300\" srcset=\"https:\/\/www.sportchaco.com.ar\/wp-content\/uploads\/2025\/03\/200x200-300x300.gif 300w, https:\/\/www.sportchaco.com.ar\/wp-content\/uploads\/2025\/03\/200x200-150x150.gif 150w, https:\/\/www.sportchaco.com.ar\/wp-content\/uploads\/2025\/03\/200x200-768x769.gif 768w\" sizes=\"auto, (max-width: 300px) 100vw, 300px\" \/><img loading=\"lazy\" decoding=\"async\" class=\"alignnone size-medium wp-image-17173\" src=\"https:\/\/www.sportchaco.com.ar\/wp-content\/uploads\/2025\/03\/BANNER-WEB-IMPULSAR_120x200-180x300.gif\" alt=\"\" width=\"180\" height=\"300\" \/><\/p>\n<\/div>\n<\/div>\n","protected":false},"excerpt":{"rendered":"<p>Esta es la Efem\u00e9rides del Deporte en el Chaco de un 16 de marzo del periodista Luis Dar\u00edo Molodezky. &nbsp; 1940 \/\u00a0Nace el empresario y publicista Armando Sosa Mena. Cuando era estudiante de Medicina ten\u00eda una audici\u00f3n en LT 5 Junto a otros compa\u00f1eros que se llamaba \u201cSala de Guardia\u201d. Fue entonces cuando el gerente &hellip;<\/p>\n","protected":false},"author":2,"featured_media":17167,"comment_status":"open","ping_status":"open","sticky":false,"template":"","format":"standard","meta":{"footnotes":""},"categories":[45,33],"tags":[],"class_list":["post-17165","post","type-post","status-publish","format-standard","has-post-thumbnail","hentry","category-efemerides-dia-por-dia","category-marzo"],"_links":{"self":[{"href":"https:\/\/www.sportchaco.com.ar\/index.php?rest_route=\/wp\/v2\/posts\/17165","targetHints":{"allow":["GET"]}}],"collection":[{"href":"https:\/\/www.sportchaco.com.ar\/index.php?rest_route=\/wp\/v2\/posts"}],"about":[{"href":"https:\/\/www.sportchaco.com.ar\/index.php?rest_route=\/wp\/v2\/types\/post"}],"author":[{"embeddable":true,"href":"https:\/\/www.sportchaco.com.ar\/index.php?rest_route=\/wp\/v2\/users\/2"}],"replies":[{"embeddable":true,"href":"https:\/\/www.sportchaco.com.ar\/index.php?rest_route=%2Fwp%2Fv2%2Fcomments&post=17165"}],"version-history":[{"count":3,"href":"https:\/\/www.sportchaco.com.ar\/index.php?rest_route=\/wp\/v2\/posts\/17165\/revisions"}],"predecessor-version":[{"id":17174,"href":"https:\/\/www.sportchaco.com.ar\/index.php?rest_route=\/wp\/v2\/posts\/17165\/revisions\/17174"}],"wp:featuredmedia":[{"embeddable":true,"href":"https:\/\/www.sportchaco.com.ar\/index.php?rest_route=\/wp\/v2\/media\/17167"}],"wp:attachment":[{"href":"https:\/\/www.sportchaco.com.ar\/index.php?rest_route=%2Fwp%2Fv2%2Fmedia&parent=17165"}],"wp:term":[{"taxonomy":"category","embeddable":true,"href":"https:\/\/www.sportchaco.com.ar\/index.php?rest_route=%2Fwp%2Fv2%2Fcategories&post=17165"},{"taxonomy":"post_tag","embeddable":true,"href":"https:\/\/www.sportchaco.com.ar\/index.php?rest_route=%2Fwp%2Fv2%2Ftags&post=17165"}],"curies":[{"name":"wp","href":"https:\/\/api.w.org\/{rel}","templated":true}]}}