{"id":17216,"date":"2025-03-17T23:00:18","date_gmt":"2025-03-18T02:00:18","guid":{"rendered":"https:\/\/www.sportchaco.com.ar\/?p=17216"},"modified":"2025-03-17T23:11:50","modified_gmt":"2025-03-18T02:11:50","slug":"efemerides-del-18-de-marzo-2","status":"publish","type":"post","link":"https:\/\/www.sportchaco.com.ar\/?p=17216","title":{"rendered":"Efem\u00e9rides del 18 de marzo"},"content":{"rendered":"<div class=\"container fullwidth-entry-title-wrapper\">\n<div class=\"container-wrapper fullwidth-entry-title\">\n<header class=\"entry-header-outer\">\n<div class=\"entry-header\"><\/div>\n<\/header>\n<\/div>\n<\/div>\n<div id=\"content\" class=\"site-content container\">\n<div id=\"main-content-row\" class=\"tie-row main-content-row\">\n<div class=\"main-content tie-col-md-8 tie-col-xs-12\" role=\"main\">\n<article id=\"the-post\" class=\"container-wrapper post-content tie-standard\">\n<div id=\"share-buttons-top\" class=\"share-buttons share-buttons-top\">\n<h3 class=\"share-links icons-text share-pill\"><\/h3>\n<\/div>\n<div class=\"entry-content entry clearfix\">\n<h3><strong>Esta es la Efem\u00e9rides del Deporte en el Chaco de un 18 de marzo del periodista Luis Dar\u00edo Molodezky.<\/strong><\/h3>\n<p>&nbsp;<\/p>\n<\/div>\n<\/article>\n<\/div>\n<p><img loading=\"lazy\" decoding=\"async\" class=\"alignnone size-medium wp-image-17158\" src=\"https:\/\/www.sportchaco.com.ar\/wp-content\/uploads\/2025\/03\/Luis-2025-marzo-300x209.jpg\" alt=\"\" width=\"300\" height=\"209\" srcset=\"https:\/\/www.sportchaco.com.ar\/wp-content\/uploads\/2025\/03\/Luis-2025-marzo-300x209.jpg 300w, https:\/\/www.sportchaco.com.ar\/wp-content\/uploads\/2025\/03\/Luis-2025-marzo.jpg 715w\" sizes=\"auto, (max-width: 300px) 100vw, 300px\" \/><\/p>\n<p>&nbsp;<\/p>\n<div class=\"main-content tie-col-md-8 tie-col-xs-12\" role=\"main\">\n<article id=\"the-post\" class=\"container-wrapper post-content tie-standard\">\n<div class=\"entry-content entry clearfix\">\n<p><strong>1956 \/\u00a0<\/strong>Nace en Santa Fe H\u00e9ctor \u201cQueto\u201d Cedr\u00e1n, fue una destacada figura del tenis del Chaco representando a Regatas Resistencia. Comparti\u00f3 cancha con Silvio y Luis Varrone, Daniel Haedo, Mario Peredo (hijo), \u00c1ngel Puga (hijo), Rub\u00e9n Re, Carlitos Romagnoli, Carlos Bisordi y muchos m\u00e1s. Hizo la primaria en la Escuela 26 de Rivadavia y Pueyrred\u00f3n, la secundario en El nacional y se recibi\u00f3 de Ingeniero en V\u00edas de Comunicaciones. Con el prop\u00f3sito de crecer competitivamente en otras zonas del pa\u00eds, represent\u00f3 a Uni\u00f3n de Santa Fe, ltap\u00faa Tenis Club de la ciudad de Posadas, Misiones y compet\u00eda con clubes de Brasil como Rio Branco de Uruguayana. Uno de sus m\u00e1ximos logros lo consigui\u00f3 a los 17 a\u00f1os cuando en la ciudad de Posadas, junto a Rogelio Rafaelli, (Corrientes) salieron Campeones del Nordeste Argentino en Doble Caballeros de primera, compitiendo con raquetas de diferentes provincias del pa\u00eds.<\/p>\n<p><strong>1973\u00a0<\/strong>\/ Eduardo Andr\u00e9s Maglioni, centro delantero de Independiente, que jug\u00f3 en Sarmiento y la Liga Chaque\u00f1a, deja un registro \u00fanico para el f\u00fatbol argentino y mundial. Convierte tres goles en 1m 51s para Independiente, en el partido que el rojo le gana 4 a 0 a Gimnasia La Plata. Maglioni jug\u00f3 en Independiente 135 partidos y marc\u00f3 58 goles. All\u00ed gan\u00f3 seis t\u00edtulos: los Metropolitanos 70 y 71, las Copas Libertadores 72 y 73 y la Interamericana e Intercontinental 73.<\/p>\n<p>&nbsp;<\/p>\n<p><strong>1984\u00a0<\/strong>\/ Julio Sisti, con 13 a\u00f1os, se impone en la competencia de aguas abiertas entre Corrientes-Barranqueras, sobre un recorrido de 14.000 metros. El nadador de Regatas cubri\u00f3 el recorrido en 1h, 35\u201944\u201d. Segundo result\u00f3 Manuel Gonz\u00e1lez y tercero Sergio Agazzani. Clasifica campe\u00f3n del petit torneo Manolo Gonz\u00e1lez.<\/p>\n<p>&nbsp;<\/p>\n<p><strong>2006\u00a0<\/strong>\/ En el Primer Torneo Ant\u00e1rtico Argentino de Ajedrez, disputado en la Base Esperanza, los bre\u00f1enses se llevan todo: Gabriel Onocko logra el t\u00edtulo, seguido por Gerardo Jara Labre\u00f1uk, tercero su hermano Dennis, todos de Las Bre\u00f1as, y dirigidos por el profesor Juan Carlos Tosutti.<\/p>\n<p>&nbsp;<\/p>\n<p><strong>Foto de Eduardo Maglioni en Independiente<\/strong><\/p>\n<\/div>\n<p><img loading=\"lazy\" decoding=\"async\" class=\"alignnone size-medium wp-image-17201 aligncenter\" src=\"https:\/\/www.sportchaco.com.ar\/wp-content\/uploads\/2025\/03\/BANNER-WEB-IMPULSAR_300x600-150x300.gif\" alt=\"\" width=\"150\" height=\"300\" srcset=\"https:\/\/www.sportchaco.com.ar\/wp-content\/uploads\/2025\/03\/BANNER-WEB-IMPULSAR_300x600-150x300.gif 150w, https:\/\/www.sportchaco.com.ar\/wp-content\/uploads\/2025\/03\/BANNER-WEB-IMPULSAR_300x600-512x1024.gif 512w\" sizes=\"auto, (max-width: 150px) 100vw, 150px\" \/><\/p>\n<\/article>\n<\/div>\n<\/div>\n<\/div>\n","protected":false},"excerpt":{"rendered":"<p>Esta es la Efem\u00e9rides del Deporte en el Chaco de un 18 de marzo del periodista Luis Dar\u00edo Molodezky. &nbsp; &nbsp; 1956 \/\u00a0Nace en Santa Fe H\u00e9ctor \u201cQueto\u201d Cedr\u00e1n, fue una destacada figura del tenis del Chaco representando a Regatas Resistencia. Comparti\u00f3 cancha con Silvio y Luis Varrone, Daniel Haedo, Mario Peredo (hijo), \u00c1ngel Puga &hellip;<\/p>\n","protected":false},"author":2,"featured_media":17217,"comment_status":"open","ping_status":"open","sticky":false,"template":"","format":"standard","meta":{"footnotes":""},"categories":[45,33],"tags":[],"class_list":["post-17216","post","type-post","status-publish","format-standard","has-post-thumbnail","hentry","category-efemerides-dia-por-dia","category-marzo"],"_links":{"self":[{"href":"https:\/\/www.sportchaco.com.ar\/index.php?rest_route=\/wp\/v2\/posts\/17216","targetHints":{"allow":["GET"]}}],"collection":[{"href":"https:\/\/www.sportchaco.com.ar\/index.php?rest_route=\/wp\/v2\/posts"}],"about":[{"href":"https:\/\/www.sportchaco.com.ar\/index.php?rest_route=\/wp\/v2\/types\/post"}],"author":[{"embeddable":true,"href":"https:\/\/www.sportchaco.com.ar\/index.php?rest_route=\/wp\/v2\/users\/2"}],"replies":[{"embeddable":true,"href":"https:\/\/www.sportchaco.com.ar\/index.php?rest_route=%2Fwp%2Fv2%2Fcomments&post=17216"}],"version-history":[{"count":1,"href":"https:\/\/www.sportchaco.com.ar\/index.php?rest_route=\/wp\/v2\/posts\/17216\/revisions"}],"predecessor-version":[{"id":17218,"href":"https:\/\/www.sportchaco.com.ar\/index.php?rest_route=\/wp\/v2\/posts\/17216\/revisions\/17218"}],"wp:featuredmedia":[{"embeddable":true,"href":"https:\/\/www.sportchaco.com.ar\/index.php?rest_route=\/wp\/v2\/media\/17217"}],"wp:attachment":[{"href":"https:\/\/www.sportchaco.com.ar\/index.php?rest_route=%2Fwp%2Fv2%2Fmedia&parent=17216"}],"wp:term":[{"taxonomy":"category","embeddable":true,"href":"https:\/\/www.sportchaco.com.ar\/index.php?rest_route=%2Fwp%2Fv2%2Fcategories&post=17216"},{"taxonomy":"post_tag","embeddable":true,"href":"https:\/\/www.sportchaco.com.ar\/index.php?rest_route=%2Fwp%2Fv2%2Ftags&post=17216"}],"curies":[{"name":"wp","href":"https:\/\/api.w.org\/{rel}","templated":true}]}}