{"id":17245,"date":"2025-03-17T12:13:19","date_gmt":"2025-03-17T15:13:19","guid":{"rendered":"https:\/\/www.sportchaco.com.ar\/?p=17245"},"modified":"2025-03-17T12:50:10","modified_gmt":"2025-03-17T15:50:10","slug":"el-chaco-sera-sede-de-un-nacional-de-gimnasia-ritmica-por-primera-vez","status":"publish","type":"post","link":"https:\/\/www.sportchaco.com.ar\/?p=17245","title":{"rendered":"El Chaco ser\u00e1 sede de un Nacional de Gimnasia R\u00edtmica por primera vez"},"content":{"rendered":"<nav id=\"breadcrumb\" class=\"breadcrumbs is-full-width breadcrumbs-a\"><\/nav>\n<div class=\"main ts-contain cf right-sidebar\" data-title=\"El Chaco ser\u00e1 sede de un Nacional de Gimnasia R\u00edtmica por primera vez - Diario La Voz del Chaco\" data-url=\"https:\/\/www.diariolavozdelchaco.com\/2025\/03\/17\/el-chaco-sera-sede-de-un-nacional-de-gimnasia-ritmica-por-primera-vez\/\">\n<div class=\"ts-row has-head-below\">\n<div class=\"col-8 main-content s-post-contain\">\n<div class=\"the-post-header s-head-modern s-head-modern-a s-head-modern-below\">\n<div class=\"post-meta post-meta-a post-meta-left post-meta-single has-below\">\n<p><strong>17-03-2025<\/strong><\/p>\n<p><img loading=\"lazy\" decoding=\"async\" class=\"aligncenter wp-image-17180 size-large\" src=\"https:\/\/www.sportchaco.com.ar\/wp-content\/uploads\/2025\/03\/BANNER-WEB-IMPULSAR_320x50-1024x160.gif\" alt=\"\" width=\"1024\" height=\"160\" srcset=\"https:\/\/www.sportchaco.com.ar\/wp-content\/uploads\/2025\/03\/BANNER-WEB-IMPULSAR_320x50-1024x160.gif 1024w, https:\/\/www.sportchaco.com.ar\/wp-content\/uploads\/2025\/03\/BANNER-WEB-IMPULSAR_320x50-300x47.gif 300w, https:\/\/www.sportchaco.com.ar\/wp-content\/uploads\/2025\/03\/BANNER-WEB-IMPULSAR_320x50-768x120.gif 768w\" sizes=\"auto, (max-width: 1024px) 100vw, 1024px\" \/><\/p>\n<\/div>\n<\/div>\n<\/div>\n<\/div>\n<\/div>\n<p>En di\u00e1logo con N9, Rosalinda Navas, instructora de la disciplina, manifest\u00f3 su entusiasmo: \u00abNunca se hab\u00eda dado un nacional de gimnasia r\u00edtmica en el Chaco. Nos animamos a solicitarlo porque han visto el rendimiento de nuestras gimnastas y el trabajo que hemos hecho con ellas\u00bb.<\/p>\n<p>La organizaci\u00f3n del evento representa un desaf\u00edo importante, pero tambi\u00e9n una oportunidad para dar a conocer la gimnasia r\u00edtmica en la regi\u00f3n.<\/p>\n<p>Nieves Sansonetti, jueza internacional y parte de la organizaci\u00f3n, resalt\u00f3 la importancia de esta competencia: \u00abPrimero, es una forma de mostrar el nivel de la gimnasia r\u00edtmica en la provincia y, segundo, es fundamental ofrecer un evento bien organizado para que las delegaciones se lleven una buena impresi\u00f3n\u00bb.<\/p>\n<p>Desde la llegada de Navas y Sansonetti al Chaco, el crecimiento de la disciplina ha sido notable. \u00abCuando empec\u00e9, la gimnasia r\u00edtmica era muy poco conocida aqu\u00ed. Ahora ya hemos conseguido medallas y logramos que nos otorguen este torneo\u00bb, indic\u00f3 Navas.<\/p>\n<p>Asimismo, Sansonetti, quien tiene una amplia trayectoria en la gimnasia venezolana, destac\u00f3: \u00abLas ni\u00f1as de Chaco tienen condiciones excepcionales. No s\u00e9 si ser\u00e1 por el clima, pero veo un potencial impresionante. Con trabajo, pueden llegar muy lejos\u00bb.<\/p>\n<p>La preparaci\u00f3n de las gimnastas es un proceso exigente que requiere constancia. \u00abPara obtener resultados, hacen falta al menos cuatro a\u00f1os de trabajo. No es algo inmediato, pero con disciplina y competencias constantes, las chicas pueden mejorar\u00bb, explic\u00f3.<\/p>\n<p>En ese sentido, mencion\u00f3 la diferencia con otras provincias: \u00abEn Buenos Aires hay alrededor de 20 clubes y varias competencias al a\u00f1o. Ac\u00e1 estamos construyendo un camino\u00bb.<\/p>\n<p>El torneo de agosto es un paso fundamental en ese camino. \u00abYo le dec\u00eda a Nieves: \u2018No s\u00e9 si fue inteligencia, suerte o todo junto, pero aqu\u00ed estamos\u2019. Hace cuatro a\u00f1os la gimnasia r\u00edtmica casi no exist\u00eda en Chaco, y hoy estamos organizando un nacional\u00bb, expres\u00f3 Navas.<\/p>\n<p>El evento ser\u00e1 una oportunidad para que el p\u00fablico local conozca y valore esta disciplina. \u00abQuiero invitar a todos a que vengan, vean y se enamoren de la gimnasia r\u00edtmica\u00bb, concluy\u00f3 la instructora.<\/p>\n<div class=\"main ts-contain cf right-sidebar\" data-title=\"El Chaco ser\u00e1 sede de un Nacional de Gimnasia R\u00edtmica por primera vez - Diario La Voz del Chaco\" data-url=\"https:\/\/www.diariolavozdelchaco.com\/2025\/03\/17\/el-chaco-sera-sede-de-un-nacional-de-gimnasia-ritmica-por-primera-vez\/\">\n<div class=\"ts-row has-head-below\">\n<div class=\"col-8 main-content s-post-contain\">\n<div class=\"the-post s-post-modern-below\">\n<article id=\"post-257654\" class=\"post-257654 post type-post status-publish format-standard has-post-thumbnail category-deportes\">\n<div class=\"post-content-wrap has-share-float\">\n<div class=\"post-content cf entry-content content-spacious\">\n<div class=\"a-wrap a-wrap-base a-wrap-6 a-wrap-bg show-lg\">\n<div id=\"MobileRectangle_1\"><img loading=\"lazy\" decoding=\"async\" class=\"aligncenter wp-image-17201 size-large\" src=\"https:\/\/www.sportchaco.com.ar\/wp-content\/uploads\/2025\/03\/BANNER-WEB-IMPULSAR_300x600-512x1024.gif\" alt=\"\" width=\"512\" height=\"1024\" srcset=\"https:\/\/www.sportchaco.com.ar\/wp-content\/uploads\/2025\/03\/BANNER-WEB-IMPULSAR_300x600-512x1024.gif 512w, https:\/\/www.sportchaco.com.ar\/wp-content\/uploads\/2025\/03\/BANNER-WEB-IMPULSAR_300x600-150x300.gif 150w\" sizes=\"auto, (max-width: 512px) 100vw, 512px\" \/><\/div>\n<\/div>\n<\/div>\n<\/div>\n<\/article>\n<div class=\"post-share-bot\"><\/div>\n<\/div>\n<\/div>\n<\/div>\n<\/div>\n","protected":false},"excerpt":{"rendered":"<p>17-03-2025 En di\u00e1logo con N9, Rosalinda Navas, instructora de la disciplina, manifest\u00f3 su entusiasmo: \u00abNunca se hab\u00eda dado un nacional de gimnasia r\u00edtmica en el Chaco. Nos animamos a solicitarlo porque han visto el rendimiento de nuestras gimnastas y el trabajo que hemos hecho con ellas\u00bb. La organizaci\u00f3n del evento representa un desaf\u00edo importante, pero &hellip;<\/p>\n","protected":false},"author":5,"featured_media":17246,"comment_status":"open","ping_status":"open","sticky":false,"template":"","format":"standard","meta":{"footnotes":""},"categories":[75],"tags":[],"class_list":["post-17245","post","type-post","status-publish","format-standard","has-post-thumbnail","hentry","category-gimnasia-artistica"],"_links":{"self":[{"href":"https:\/\/www.sportchaco.com.ar\/index.php?rest_route=\/wp\/v2\/posts\/17245","targetHints":{"allow":["GET"]}}],"collection":[{"href":"https:\/\/www.sportchaco.com.ar\/index.php?rest_route=\/wp\/v2\/posts"}],"about":[{"href":"https:\/\/www.sportchaco.com.ar\/index.php?rest_route=\/wp\/v2\/types\/post"}],"author":[{"embeddable":true,"href":"https:\/\/www.sportchaco.com.ar\/index.php?rest_route=\/wp\/v2\/users\/5"}],"replies":[{"embeddable":true,"href":"https:\/\/www.sportchaco.com.ar\/index.php?rest_route=%2Fwp%2Fv2%2Fcomments&post=17245"}],"version-history":[{"count":5,"href":"https:\/\/www.sportchaco.com.ar\/index.php?rest_route=\/wp\/v2\/posts\/17245\/revisions"}],"predecessor-version":[{"id":17253,"href":"https:\/\/www.sportchaco.com.ar\/index.php?rest_route=\/wp\/v2\/posts\/17245\/revisions\/17253"}],"wp:featuredmedia":[{"embeddable":true,"href":"https:\/\/www.sportchaco.com.ar\/index.php?rest_route=\/wp\/v2\/media\/17246"}],"wp:attachment":[{"href":"https:\/\/www.sportchaco.com.ar\/index.php?rest_route=%2Fwp%2Fv2%2Fmedia&parent=17245"}],"wp:term":[{"taxonomy":"category","embeddable":true,"href":"https:\/\/www.sportchaco.com.ar\/index.php?rest_route=%2Fwp%2Fv2%2Fcategories&post=17245"},{"taxonomy":"post_tag","embeddable":true,"href":"https:\/\/www.sportchaco.com.ar\/index.php?rest_route=%2Fwp%2Fv2%2Ftags&post=17245"}],"curies":[{"name":"wp","href":"https:\/\/api.w.org\/{rel}","templated":true}]}}