{"id":17262,"date":"2025-03-18T23:03:03","date_gmt":"2025-03-19T02:03:03","guid":{"rendered":"https:\/\/www.sportchaco.com.ar\/?p=17262"},"modified":"2025-03-18T23:14:25","modified_gmt":"2025-03-19T02:14:25","slug":"efemerides-del-19-de-marzo-2","status":"publish","type":"post","link":"https:\/\/www.sportchaco.com.ar\/?p=17262","title":{"rendered":"Efem\u00e9rides del 19 de marzo"},"content":{"rendered":"<div class=\"container fullwidth-entry-title-wrapper\">\n<div class=\"container-wrapper fullwidth-entry-title\">\n<header class=\"entry-header-outer\">\n<div class=\"entry-header\"><\/div>\n<\/header>\n<\/div>\n<\/div>\n<div id=\"content\" class=\"site-content container\">\n<div id=\"main-content-row\" class=\"tie-row main-content-row\">\n<div class=\"main-content tie-col-md-8 tie-col-xs-12\" role=\"main\">\n<article id=\"the-post\" class=\"container-wrapper post-content tie-standard\">\n<div id=\"share-buttons-top\" class=\"share-buttons share-buttons-top\">\n<h4 class=\"share-links icons-text share-pill\"><\/h4>\n<\/div>\n<div class=\"entry-content entry clearfix\">\n<h4><strong>Esta es la Efem\u00e9rides del Deporte en el Chaco de un 19 de marzo del periodista Luis Dar\u00edo Molodezky.<\/strong><\/h4>\n<h4><img loading=\"lazy\" decoding=\"async\" class=\"alignnone size-medium wp-image-17180 aligncenter\" src=\"https:\/\/www.sportchaco.com.ar\/wp-content\/uploads\/2025\/03\/BANNER-WEB-IMPULSAR_320x50-300x47.gif\" alt=\"\" width=\"300\" height=\"47\" srcset=\"https:\/\/www.sportchaco.com.ar\/wp-content\/uploads\/2025\/03\/BANNER-WEB-IMPULSAR_320x50-300x47.gif 300w, https:\/\/www.sportchaco.com.ar\/wp-content\/uploads\/2025\/03\/BANNER-WEB-IMPULSAR_320x50-1024x160.gif 1024w, https:\/\/www.sportchaco.com.ar\/wp-content\/uploads\/2025\/03\/BANNER-WEB-IMPULSAR_320x50-768x120.gif 768w\" sizes=\"auto, (max-width: 300px) 100vw, 300px\" \/><\/h4>\n<p>&nbsp;<\/p>\n<p>&nbsp;<\/p>\n<\/div>\n<p>&nbsp;<\/p>\n<p><img loading=\"lazy\" decoding=\"async\" class=\"alignnone size-medium wp-image-17158\" src=\"https:\/\/www.sportchaco.com.ar\/wp-content\/uploads\/2025\/03\/Luis-2025-marzo-300x209.jpg\" alt=\"\" width=\"300\" height=\"209\" srcset=\"https:\/\/www.sportchaco.com.ar\/wp-content\/uploads\/2025\/03\/Luis-2025-marzo-300x209.jpg 300w, https:\/\/www.sportchaco.com.ar\/wp-content\/uploads\/2025\/03\/Luis-2025-marzo.jpg 715w\" sizes=\"auto, (max-width: 300px) 100vw, 300px\" \/><\/p>\n<div class=\"entry-content entry clearfix\">\n<p>&nbsp;<\/p>\n<p><strong>1986\u00a0<\/strong>\/ El dirigente chaque\u00f1o Rub\u00e9n Mart\u00ednez, presidente de la Federaci\u00f3n Chaque\u00f1a de V\u00f3leibol, preside la delegaci\u00f3n argentina que participa del Sudamericano de Lima, Per\u00fa.<\/p>\n<p>&nbsp;<\/p>\n<p><strong>1983\u00a0<\/strong>\/ Llega a Resistencia el legendario jugador de River y la selecci\u00f3n nacional \u00c1ngel Labruna, dirigiendo a Argentinos Juniors. Realiza una charla en los salones de Cosecha. Fue recibido en el Aeropuerto Internacional por el presidente de For Ever Abraham Rabinovich y otros directivos.<\/p>\n<h4>Foto de portada de Angel Labruna<\/h4>\n<\/div>\n<p style=\"text-align: center;\"><img loading=\"lazy\" decoding=\"async\" class=\"alignnone size-medium wp-image-17201\" src=\"https:\/\/www.sportchaco.com.ar\/wp-content\/uploads\/2025\/03\/BANNER-WEB-IMPULSAR_300x600-150x300.gif\" alt=\"\" width=\"150\" height=\"300\" srcset=\"https:\/\/www.sportchaco.com.ar\/wp-content\/uploads\/2025\/03\/BANNER-WEB-IMPULSAR_300x600-150x300.gif 150w, https:\/\/www.sportchaco.com.ar\/wp-content\/uploads\/2025\/03\/BANNER-WEB-IMPULSAR_300x600-512x1024.gif 512w\" sizes=\"auto, (max-width: 150px) 100vw, 150px\" \/><\/p>\n<p>&nbsp;<\/p>\n<\/article>\n<\/div>\n<\/div>\n<\/div>\n","protected":false},"excerpt":{"rendered":"<p>Esta es la Efem\u00e9rides del Deporte en el Chaco de un 19 de marzo del periodista Luis Dar\u00edo Molodezky. &nbsp; &nbsp; &nbsp; &nbsp; 1986\u00a0\/ El dirigente chaque\u00f1o Rub\u00e9n Mart\u00ednez, presidente de la Federaci\u00f3n Chaque\u00f1a de V\u00f3leibol, preside la delegaci\u00f3n argentina que participa del Sudamericano de Lima, Per\u00fa. &nbsp; 1983\u00a0\/ Llega a Resistencia el legendario jugador &hellip;<\/p>\n","protected":false},"author":2,"featured_media":17263,"comment_status":"open","ping_status":"open","sticky":false,"template":"","format":"standard","meta":{"footnotes":""},"categories":[45,33],"tags":[],"class_list":["post-17262","post","type-post","status-publish","format-standard","has-post-thumbnail","hentry","category-efemerides-dia-por-dia","category-marzo"],"_links":{"self":[{"href":"https:\/\/www.sportchaco.com.ar\/index.php?rest_route=\/wp\/v2\/posts\/17262","targetHints":{"allow":["GET"]}}],"collection":[{"href":"https:\/\/www.sportchaco.com.ar\/index.php?rest_route=\/wp\/v2\/posts"}],"about":[{"href":"https:\/\/www.sportchaco.com.ar\/index.php?rest_route=\/wp\/v2\/types\/post"}],"author":[{"embeddable":true,"href":"https:\/\/www.sportchaco.com.ar\/index.php?rest_route=\/wp\/v2\/users\/2"}],"replies":[{"embeddable":true,"href":"https:\/\/www.sportchaco.com.ar\/index.php?rest_route=%2Fwp%2Fv2%2Fcomments&post=17262"}],"version-history":[{"count":1,"href":"https:\/\/www.sportchaco.com.ar\/index.php?rest_route=\/wp\/v2\/posts\/17262\/revisions"}],"predecessor-version":[{"id":17264,"href":"https:\/\/www.sportchaco.com.ar\/index.php?rest_route=\/wp\/v2\/posts\/17262\/revisions\/17264"}],"wp:featuredmedia":[{"embeddable":true,"href":"https:\/\/www.sportchaco.com.ar\/index.php?rest_route=\/wp\/v2\/media\/17263"}],"wp:attachment":[{"href":"https:\/\/www.sportchaco.com.ar\/index.php?rest_route=%2Fwp%2Fv2%2Fmedia&parent=17262"}],"wp:term":[{"taxonomy":"category","embeddable":true,"href":"https:\/\/www.sportchaco.com.ar\/index.php?rest_route=%2Fwp%2Fv2%2Fcategories&post=17262"},{"taxonomy":"post_tag","embeddable":true,"href":"https:\/\/www.sportchaco.com.ar\/index.php?rest_route=%2Fwp%2Fv2%2Ftags&post=17262"}],"curies":[{"name":"wp","href":"https:\/\/api.w.org\/{rel}","templated":true}]}}