{"id":17307,"date":"2025-03-21T02:15:13","date_gmt":"2025-03-21T05:15:13","guid":{"rendered":"https:\/\/www.sportchaco.com.ar\/?p=17307"},"modified":"2025-03-23T14:19:13","modified_gmt":"2025-03-23T17:19:13","slug":"el-apertura-comenzara-con-un-super-sabado","status":"publish","type":"post","link":"https:\/\/www.sportchaco.com.ar\/?p=17307","title":{"rendered":"El Apertura comenzar\u00e1 con un s\u00faper s\u00e1bado"},"content":{"rendered":"<p><strong>21-03-2025<\/strong><\/p>\n<p><img loading=\"lazy\" decoding=\"async\" class=\"aligncenter wp-image-17180 size-large\" src=\"https:\/\/www.sportchaco.com.ar\/wp-content\/uploads\/2025\/03\/BANNER-WEB-IMPULSAR_320x50-1024x160.gif\" sizes=\"auto, (max-width: 1024px) 100vw, 1024px\" srcset=\"https:\/\/www.sportchaco.com.ar\/wp-content\/uploads\/2025\/03\/BANNER-WEB-IMPULSAR_320x50-1024x160.gif 1024w, https:\/\/www.sportchaco.com.ar\/wp-content\/uploads\/2025\/03\/BANNER-WEB-IMPULSAR_320x50-300x47.gif 300w, https:\/\/www.sportchaco.com.ar\/wp-content\/uploads\/2025\/03\/BANNER-WEB-IMPULSAR_320x50-768x120.gif 768w\" alt=\"\" width=\"1024\" height=\"160\" \/><\/p>\n<p>La Liga Chaque\u00f1a de F\u00fatbol dar\u00e1 inicio a su torneo Apertura este s\u00e1bado en una fecha que se jugar\u00e1 de manera \u00edntegra.<\/p>\n<p>Los once encuentros iniciales ir\u00e1n este 22 de marzo. De todos ellos, nueve ir\u00e1n a las 17 horas, mientras que a las 19 jugar\u00e1n en Colonia Ben\u00edtez, el local, Central Ben\u00edtez con Sarmiento y cerrar\u00e1n la fecha Central Norte y Regional con el cl\u00e1sico de las v\u00edas que se jugar\u00e1 en la cancha del \u00abferroviario\u00bb desde las 20:30.<\/p>\n<p><strong>TORNEO APERTURA \u00abAM\u00c9RICO MAZZAFERRO\u00bb<br \/>\nTODA LA 1\u00aa FECHA<br \/>\nS\u00e1bado 22-03<\/strong><br \/>\nA las 17, Policiales \u2013 Indepte. Tirol, en V\u00e9lez<br \/>\nA las 17, Dep. Luj\u00e1n \u2013 Tiro FC<br \/>\nA las 17, San Mart\u00edn (MB) \u2013 Rcia. Central<br \/>\nA las 17, Don Orione \u2013 Dep. Itat\u00ed<br \/>\nA las 17, Bancarios \u2013 Municipal (MB)<br \/>\nA las 17, Juventud \u2013 Fontana<br \/>\nA las 17, Villa Alvear \u2013 For Ever<br \/>\nA las 17, Defensores \u2013 Estudiantes<br \/>\nA las 17, CUNE \u2013 El Nacional, en Estudiantes<br \/>\nA las 19, Central Ben\u00edtez \u2013 Sarmiento<br \/>\nA las 20:30, Central Norte \u2013 Regional<\/p>\n<p><img loading=\"lazy\" decoding=\"async\" class=\"aligncenter wp-image-17160 size-large\" src=\"https:\/\/www.sportchaco.com.ar\/wp-content\/uploads\/2025\/03\/gob-makalle-821x1024.jpg\" sizes=\"auto, (max-width: 821px) 100vw, 821px\" srcset=\"https:\/\/www.sportchaco.com.ar\/wp-content\/uploads\/2025\/03\/gob-makalle-821x1024.jpg 821w, https:\/\/www.sportchaco.com.ar\/wp-content\/uploads\/2025\/03\/gob-makalle-240x300.jpg 240w, https:\/\/www.sportchaco.com.ar\/wp-content\/uploads\/2025\/03\/gob-makalle-768x958.jpg 768w, https:\/\/www.sportchaco.com.ar\/wp-content\/uploads\/2025\/03\/gob-makalle-1231x1536.jpg 1231w, https:\/\/www.sportchaco.com.ar\/wp-content\/uploads\/2025\/03\/gob-makalle.jpg 1440w\" alt=\"\" width=\"821\" height=\"1024\" \/><\/p>\n","protected":false},"excerpt":{"rendered":"<p>21-03-2025 La Liga Chaque\u00f1a de F\u00fatbol dar\u00e1 inicio a su torneo Apertura este s\u00e1bado en una fecha que se jugar\u00e1 de manera \u00edntegra. Los once encuentros iniciales ir\u00e1n este 22 de marzo. De todos ellos, nueve ir\u00e1n a las 17 horas, mientras que a las 19 jugar\u00e1n en Colonia Ben\u00edtez, el local, Central Ben\u00edtez con &hellip;<\/p>\n","protected":false},"author":3,"featured_media":13075,"comment_status":"open","ping_status":"open","sticky":false,"template":"","format":"standard","meta":{"footnotes":""},"categories":[5],"tags":[],"class_list":["post-17307","post","type-post","status-publish","format-standard","has-post-thumbnail","hentry","category-futbol"],"_links":{"self":[{"href":"https:\/\/www.sportchaco.com.ar\/index.php?rest_route=\/wp\/v2\/posts\/17307","targetHints":{"allow":["GET"]}}],"collection":[{"href":"https:\/\/www.sportchaco.com.ar\/index.php?rest_route=\/wp\/v2\/posts"}],"about":[{"href":"https:\/\/www.sportchaco.com.ar\/index.php?rest_route=\/wp\/v2\/types\/post"}],"author":[{"embeddable":true,"href":"https:\/\/www.sportchaco.com.ar\/index.php?rest_route=\/wp\/v2\/users\/3"}],"replies":[{"embeddable":true,"href":"https:\/\/www.sportchaco.com.ar\/index.php?rest_route=%2Fwp%2Fv2%2Fcomments&post=17307"}],"version-history":[{"count":2,"href":"https:\/\/www.sportchaco.com.ar\/index.php?rest_route=\/wp\/v2\/posts\/17307\/revisions"}],"predecessor-version":[{"id":17349,"href":"https:\/\/www.sportchaco.com.ar\/index.php?rest_route=\/wp\/v2\/posts\/17307\/revisions\/17349"}],"wp:featuredmedia":[{"embeddable":true,"href":"https:\/\/www.sportchaco.com.ar\/index.php?rest_route=\/wp\/v2\/media\/13075"}],"wp:attachment":[{"href":"https:\/\/www.sportchaco.com.ar\/index.php?rest_route=%2Fwp%2Fv2%2Fmedia&parent=17307"}],"wp:term":[{"taxonomy":"category","embeddable":true,"href":"https:\/\/www.sportchaco.com.ar\/index.php?rest_route=%2Fwp%2Fv2%2Fcategories&post=17307"},{"taxonomy":"post_tag","embeddable":true,"href":"https:\/\/www.sportchaco.com.ar\/index.php?rest_route=%2Fwp%2Fv2%2Ftags&post=17307"}],"curies":[{"name":"wp","href":"https:\/\/api.w.org\/{rel}","templated":true}]}}