{"id":1732,"date":"2023-10-13T19:27:13","date_gmt":"2023-10-13T22:27:13","guid":{"rendered":"https:\/\/www.sportchaco.com.ar\/?p=1732"},"modified":"2023-10-13T19:27:13","modified_gmt":"2023-10-13T22:27:13","slug":"boca-hay-plantel-para-enfrentar-a-talleres","status":"publish","type":"post","link":"https:\/\/www.sportchaco.com.ar\/?p=1732","title":{"rendered":"Boca: Hay plantel para enfrentar a Talleres"},"content":{"rendered":"<p>&nbsp;<\/p>\n<h2>Los convocados de Boca para enfrentar a Talleres<\/h2>\n<p><b><u>Arqueros<\/u><\/b><\/p>\n<ul>\n<li>Sergio Romero<\/li>\n<li>Javier Garc\u00eda<\/li>\n<\/ul>\n<p><b><u>Defensores<\/u><\/b><\/p>\n<ul>\n<li>Marcelo Weigandt<\/li>\n<li>Lucas Blondel<\/li>\n<li>Marcos Rojo<\/li>\n<li>Nicol\u00e1s Valentini<\/li>\n<li>Facundo Roncaglia<\/li>\n<li>Bruno Valdez<\/li>\n<li>Nicol\u00e1s Figal<\/li>\n<li>Marcelo Saracchi<\/li>\n<\/ul>\n<p><b><u>Volantes<br \/>\n<\/u><\/b><\/p>\n<ul>\n<li>Jorman Campuzano<\/li>\n<li>Cristian Medina<\/li>\n<li>Ezequiel Fern\u00e1ndez<\/li>\n<li>Guillermo Fern\u00e1ndez<\/li>\n<li>Ezequiel Bullaude<\/li>\n<li>Vicente Taborda<\/li>\n<li>Valent\u00edn Barco<\/li>\n<li>Juan Ram\u00edrez<\/li>\n<\/ul>\n<p><b><u>Delanteros<\/u><\/b><\/p>\n<ul>\n<li>Lucas Janson<\/li>\n<li>Miguel Merentiel<\/li>\n<li>Dar\u00edo Benedetto<\/li>\n<li>Edinson Cavani<\/li>\n<\/ul>\n<p><strong>Foto de Miguel Merentiel, atravesando un buen momento en Boca.<\/strong><\/p>\n","protected":false},"excerpt":{"rendered":"<p>&nbsp; Los convocados de Boca para enfrentar a Talleres Arqueros Sergio Romero Javier Garc\u00eda Defensores Marcelo Weigandt Lucas Blondel Marcos Rojo Nicol\u00e1s Valentini Facundo Roncaglia Bruno Valdez Nicol\u00e1s Figal Marcelo Saracchi Volantes Jorman Campuzano Cristian Medina Ezequiel Fern\u00e1ndez Guillermo Fern\u00e1ndez Ezequiel Bullaude Vicente Taborda Valent\u00edn Barco Juan Ram\u00edrez Delanteros Lucas Janson Miguel Merentiel Dar\u00edo Benedetto &hellip;<\/p>\n","protected":false},"author":2,"featured_media":1733,"comment_status":"open","ping_status":"open","sticky":false,"template":"","format":"standard","meta":{"footnotes":""},"categories":[6,47],"tags":[],"class_list":["post-1732","post","type-post","status-publish","format-standard","has-post-thumbnail","hentry","category-internacionales","category-nacionales"],"_links":{"self":[{"href":"https:\/\/www.sportchaco.com.ar\/index.php?rest_route=\/wp\/v2\/posts\/1732","targetHints":{"allow":["GET"]}}],"collection":[{"href":"https:\/\/www.sportchaco.com.ar\/index.php?rest_route=\/wp\/v2\/posts"}],"about":[{"href":"https:\/\/www.sportchaco.com.ar\/index.php?rest_route=\/wp\/v2\/types\/post"}],"author":[{"embeddable":true,"href":"https:\/\/www.sportchaco.com.ar\/index.php?rest_route=\/wp\/v2\/users\/2"}],"replies":[{"embeddable":true,"href":"https:\/\/www.sportchaco.com.ar\/index.php?rest_route=%2Fwp%2Fv2%2Fcomments&post=1732"}],"version-history":[{"count":1,"href":"https:\/\/www.sportchaco.com.ar\/index.php?rest_route=\/wp\/v2\/posts\/1732\/revisions"}],"predecessor-version":[{"id":1734,"href":"https:\/\/www.sportchaco.com.ar\/index.php?rest_route=\/wp\/v2\/posts\/1732\/revisions\/1734"}],"wp:featuredmedia":[{"embeddable":true,"href":"https:\/\/www.sportchaco.com.ar\/index.php?rest_route=\/wp\/v2\/media\/1733"}],"wp:attachment":[{"href":"https:\/\/www.sportchaco.com.ar\/index.php?rest_route=%2Fwp%2Fv2%2Fmedia&parent=1732"}],"wp:term":[{"taxonomy":"category","embeddable":true,"href":"https:\/\/www.sportchaco.com.ar\/index.php?rest_route=%2Fwp%2Fv2%2Fcategories&post=1732"},{"taxonomy":"post_tag","embeddable":true,"href":"https:\/\/www.sportchaco.com.ar\/index.php?rest_route=%2Fwp%2Fv2%2Ftags&post=1732"}],"curies":[{"name":"wp","href":"https:\/\/api.w.org\/{rel}","templated":true}]}}