{"id":17367,"date":"2025-03-23T21:42:07","date_gmt":"2025-03-24T00:42:07","guid":{"rendered":"https:\/\/www.sportchaco.com.ar\/?p=17367"},"modified":"2025-03-23T21:42:07","modified_gmt":"2025-03-24T00:42:07","slug":"el-martes-y-jueves-se-inscribe-para-la-tecnicatura-superior-en-periodismo-deportivo","status":"publish","type":"post","link":"https:\/\/www.sportchaco.com.ar\/?p=17367","title":{"rendered":"El martes y jueves se inscribe para la Tecnicatura Superior en Periodismo Deportivo"},"content":{"rendered":"<p><strong>23-03-2025<\/strong><\/p>\n<p><img loading=\"lazy\" decoding=\"async\" class=\"aligncenter wp-image-9639 size-full\" src=\"https:\/\/www.sportchaco.com.ar\/wp-content\/uploads\/2024\/05\/gob-salud-apaisado-marzo.gif\" alt=\"\" width=\"728\" height=\"90\" \/><\/p>\n<p>Este martes 25 y jueves 27 de marzo se realizar\u00e1 la inscripci\u00f3n de la Tecnicatura Superior en Periodismo Deportivo en la sede social del C\u00edrculo de Periodistas Deportivos del Chaco, ubicada en avenida Italia 1146, en el horario de 9:30 a 12 horas.<\/p>\n<p>Cabe recordar que la entidad que nuclea a los trabajadores de prensa rubric\u00f3 un convenio marco en 2023 con la Fundaci\u00f3n Foro Social del NEA, propietaria de la Unidad Educativa de Gesti\u00f3n Privada N\u00b0 157, responsable del dictado de la carrera que tiene una duraci\u00f3n de tres a\u00f1os con la modalidad mixto de cursado<\/p>\n<p>En diciembre pasado se inici\u00f3 la etapa de preinscripci\u00f3n con un buen n\u00famero de interesados que ya confirmaron su compromiso para profesionalizar su pasi\u00f3n.<\/p>\n<p>El a\u00f1o 2024 tuvo m\u00e1s de 20 alumnos completando el primer a\u00f1o de estudio y en este 2025 se espera sumar a m\u00e1s alumnos para que se preparen y formen parte de las nuevas generaciones de periodistas deportivos.<br \/>\nEl inicio del ciclo lectivo se concretar\u00e1 despu\u00e9s del 7 de abril y la clase inaugural tendr\u00e1 lugar en las instalaciones del C\u00edrculo de Periodistas Deportivos.<\/p>\n<p><strong>Requisitos para inscripci\u00f3n<\/strong><br \/>\nLos estudiantes deber\u00e1n presentar: Dos copias de partida nacimiento y original actualizado. Dos copias del documento nacional de identidad y el original actualizado. Una copia y original del t\u00edtulo secundario o constancia del t\u00edtulo en tr\u00e1mite. Dos fotos 4&#215;4 o foto carnet (para legajo y libreta). Toda la documentaci\u00f3n deber\u00e1 presentarse en un folio tama\u00f1o oficio.<\/p>\n<p><img loading=\"lazy\" decoding=\"async\" class=\"aligncenter wp-image-16657 size-large\" src=\"https:\/\/www.sportchaco.com.ar\/wp-content\/uploads\/2025\/02\/gob-bombeo-2-821x1024.jpg\" alt=\"\" width=\"821\" height=\"1024\" srcset=\"https:\/\/www.sportchaco.com.ar\/wp-content\/uploads\/2025\/02\/gob-bombeo-2-821x1024.jpg 821w, https:\/\/www.sportchaco.com.ar\/wp-content\/uploads\/2025\/02\/gob-bombeo-2-240x300.jpg 240w, https:\/\/www.sportchaco.com.ar\/wp-content\/uploads\/2025\/02\/gob-bombeo-2-768x958.jpg 768w, https:\/\/www.sportchaco.com.ar\/wp-content\/uploads\/2025\/02\/gob-bombeo-2-1231x1536.jpg 1231w, https:\/\/www.sportchaco.com.ar\/wp-content\/uploads\/2025\/02\/gob-bombeo-2.jpg 1440w\" sizes=\"auto, (max-width: 821px) 100vw, 821px\" \/><\/p>\n","protected":false},"excerpt":{"rendered":"<p>23-03-2025 Este martes 25 y jueves 27 de marzo se realizar\u00e1 la inscripci\u00f3n de la Tecnicatura Superior en Periodismo Deportivo en la sede social del C\u00edrculo de Periodistas Deportivos del Chaco, ubicada en avenida Italia 1146, en el horario de 9:30 a 12 horas. Cabe recordar que la entidad que nuclea a los trabajadores de &hellip;<\/p>\n","protected":false},"author":3,"featured_media":14944,"comment_status":"open","ping_status":"open","sticky":false,"template":"","format":"standard","meta":{"footnotes":""},"categories":[44],"tags":[],"class_list":["post-17367","post","type-post","status-publish","format-standard","has-post-thumbnail","hentry","category-varios"],"_links":{"self":[{"href":"https:\/\/www.sportchaco.com.ar\/index.php?rest_route=\/wp\/v2\/posts\/17367","targetHints":{"allow":["GET"]}}],"collection":[{"href":"https:\/\/www.sportchaco.com.ar\/index.php?rest_route=\/wp\/v2\/posts"}],"about":[{"href":"https:\/\/www.sportchaco.com.ar\/index.php?rest_route=\/wp\/v2\/types\/post"}],"author":[{"embeddable":true,"href":"https:\/\/www.sportchaco.com.ar\/index.php?rest_route=\/wp\/v2\/users\/3"}],"replies":[{"embeddable":true,"href":"https:\/\/www.sportchaco.com.ar\/index.php?rest_route=%2Fwp%2Fv2%2Fcomments&post=17367"}],"version-history":[{"count":1,"href":"https:\/\/www.sportchaco.com.ar\/index.php?rest_route=\/wp\/v2\/posts\/17367\/revisions"}],"predecessor-version":[{"id":17368,"href":"https:\/\/www.sportchaco.com.ar\/index.php?rest_route=\/wp\/v2\/posts\/17367\/revisions\/17368"}],"wp:featuredmedia":[{"embeddable":true,"href":"https:\/\/www.sportchaco.com.ar\/index.php?rest_route=\/wp\/v2\/media\/14944"}],"wp:attachment":[{"href":"https:\/\/www.sportchaco.com.ar\/index.php?rest_route=%2Fwp%2Fv2%2Fmedia&parent=17367"}],"wp:term":[{"taxonomy":"category","embeddable":true,"href":"https:\/\/www.sportchaco.com.ar\/index.php?rest_route=%2Fwp%2Fv2%2Fcategories&post=17367"},{"taxonomy":"post_tag","embeddable":true,"href":"https:\/\/www.sportchaco.com.ar\/index.php?rest_route=%2Fwp%2Fv2%2Ftags&post=17367"}],"curies":[{"name":"wp","href":"https:\/\/api.w.org\/{rel}","templated":true}]}}