{"id":17386,"date":"2025-03-24T11:17:33","date_gmt":"2025-03-24T14:17:33","guid":{"rendered":"https:\/\/www.sportchaco.com.ar\/?p=17386"},"modified":"2025-03-24T13:28:23","modified_gmt":"2025-03-24T16:28:23","slug":"de-la-mano-del-ghidini-cultural-vencio-a-hindu","status":"publish","type":"post","link":"https:\/\/www.sportchaco.com.ar\/?p=17386","title":{"rendered":"De la mano del Ghidini, Cultural venci\u00f3 a Hind\u00fa"},"content":{"rendered":"<p><strong>24-03-2025<\/strong><\/p>\n<p><img loading=\"lazy\" decoding=\"async\" class=\"aligncenter wp-image-11424 size-large\" src=\"https:\/\/www.sportchaco.com.ar\/wp-content\/uploads\/2024\/07\/gob-salud-fijo-marzo-1024x171.jpg\" alt=\"\" width=\"1024\" height=\"171\" srcset=\"https:\/\/www.sportchaco.com.ar\/wp-content\/uploads\/2024\/07\/gob-salud-fijo-marzo-1024x171.jpg 1024w, https:\/\/www.sportchaco.com.ar\/wp-content\/uploads\/2024\/07\/gob-salud-fijo-marzo-300x50.jpg 300w, https:\/\/www.sportchaco.com.ar\/wp-content\/uploads\/2024\/07\/gob-salud-fijo-marzo-768x128.jpg 768w, https:\/\/www.sportchaco.com.ar\/wp-content\/uploads\/2024\/07\/gob-salud-fijo-marzo.jpg 1200w\" sizes=\"auto, (max-width: 1024px) 100vw, 1024px\" \/><\/p>\n<p>Por una nueva fecha de la zona Norte B de la Conferencia Norte de La Liga Federal de B\u00e1squet, Centro Cultural de Santa Sylvina venci\u00f3 como local a Hind\u00fa por 81 a 74. En el elenco ganador \u00c1lvaro Ghidini fue el m\u00e1ximo anotador con 21 puntos, en tanto que por la visita Facundo De Jes\u00fas cerr\u00f3 su casillero con 17 unidades.<\/p>\n<p>El conjunto de sylvinense tuvo un mejor inicio de las acciones producto de un buen trabajo de Lautaro Arold y \u00c1lvaro Ghidini lo que llev\u00f3 al t\u00e9cnico del conjunto de Resistencia ha solicitar un tiempo muerto, reaccionando el conjunto visitante y con la aparici\u00f3n de Santiago Barreto y Maximiliano Barrios; el primer cuarto culmin\u00f3 24 a 16 para los de Fabio Vi\u00f1etta<\/p>\n<p>El andar de Cultural en el segundo cuarto fue muy firme las buenas apariciones de Aldo Stacul, Alejandro Spalla, sumado a la efectividad y \u00c1lvaro Ghidini continu\u00f3 ampliando en el marcador; el conjunto resistenciano no le encontrab\u00f3 la vuelta y fue al descanso largo con el triunfo sylvinense por 43 a 28.<\/p>\n<figure class=\"wp-block-image size-large\"><a href=\"https:\/\/baskettotal.com.ar\/wp-content\/uploads\/2025\/03\/Hindu.jpg\"><img loading=\"lazy\" decoding=\"async\" class=\"lazy wp-image-26711 lazy-loaded\" src=\"https:\/\/baskettotal.com.ar\/wp-content\/uploads\/2025\/03\/Hindu-1024x685.jpg\" sizes=\"auto, (max-width: 1024px) 100vw, 1024px\" srcset=\"https:\/\/baskettotal.com.ar\/wp-content\/uploads\/2025\/03\/Hindu-1024x685.jpg 1024w, https:\/\/baskettotal.com.ar\/wp-content\/uploads\/2025\/03\/Hindu-300x201.jpg 300w, https:\/\/baskettotal.com.ar\/wp-content\/uploads\/2025\/03\/Hindu-768x514.jpg 768w, https:\/\/baskettotal.com.ar\/wp-content\/uploads\/2025\/03\/Hindu.jpg 1040w\" alt=\"\" width=\"1024\" height=\"685\" data-lazy-type=\"image\" data-lazy-src=\"https:\/\/baskettotal.com.ar\/wp-content\/uploads\/2025\/03\/Hindu-1024x685.jpg\" data-lazy-srcset=\"https:\/\/baskettotal.com.ar\/wp-content\/uploads\/2025\/03\/Hindu-1024x685.jpg 1024w, https:\/\/baskettotal.com.ar\/wp-content\/uploads\/2025\/03\/Hindu-300x201.jpg 300w, https:\/\/baskettotal.com.ar\/wp-content\/uploads\/2025\/03\/Hindu-768x514.jpg 768w, https:\/\/baskettotal.com.ar\/wp-content\/uploads\/2025\/03\/Hindu.jpg 1040w\" data-lazy-sizes=\"(max-width: 1024px) 100vw, 1024px\" \/><\/a><\/figure>\n<p>EL inicio de la etapa complementaria los sylvinenses siguieron siendo efectivos, corriendo a la cancha y marcando diferencias en el score; por el lado de Hind\u00fa busc\u00f3 reaccionar ante la adversidad en el juego y score; tercer cuarto 66 a 48<\/p>\n<p>El \u00faltimo parcial Cultural lleg\u00f3 a sacar 20 de diferencia con una excelente noche de \u00c1lvaro Gihidini quien fue figura y goleador del juego con 21 puntos, pero Hind\u00fa reaccion\u00f3 y lleg\u00f3 a ponerse a 6 en el marcador producto de las buenas apariciones de M\u00e1ximo Rath y Facundo De Jes\u00fas. Sin embargo, el conjunto de Cultural no perdi\u00f3 la paciencia, fue ordenado y termin\u00f3 qued\u00e1ndose con un triunfo muy importante en condici\u00f3n de local.<\/p>\n<p><strong>S\u00cdNTESIS<\/strong><br \/>\n<strong>CULTURAL (81): <\/strong>Ayala N 5; Arold L 14; L\u00f3pez E 4; Ayala L 7; Ghidini \u00c1 21; Stacul A 10; Spalla E 11; Moreau L 11. <strong>ENTRENADOR:<\/strong> Fabio Vi\u00f1etta.<br \/>\n<strong>HIND\u00da (74):<\/strong> Coronel M 2; Brocal G 2; Rath M 12; Barreto S 11; Zitterkopf D 0; Maglier B 6; De Jes\u00fas F 19; Rath S 3. <strong>ENTRENADOR:<\/strong> Luis Cequeira.<br \/>\n<strong>\u00c1RBITROS:<\/strong> Julio V\u00e1zquez y Gonzalo Castro.<br \/>\n<strong>COMISIONADO T\u00c9CNICO:<\/strong> Enrique Oliva.<\/p>\n<p><strong>AGRADECIMIENTO<br \/>\n<\/strong>Para esta temporada, Cultural de Santa Sylvina logr\u00f3 conformar un equipo que sin dudas queda a la vista de todos el potencial con el que cuenta y es uno de los principales animadores de la temporada 2025 de La Liga Federal, fruto del gran esfuerzo y compromiso de la comisi\u00f3n directiva, empresas colaboradoras, el Gobierno provincial a trav\u00e9s de sus distintos entes y la Municipalidad de Santa Sylvina conducida por su intendente Susana Maggio; entre todos aportaron un granito de arena para que la instituci\u00f3n sylvinense est\u00e9 presente en el certamen m\u00e1s Federal de todos.<\/p>\n<p><img loading=\"lazy\" decoding=\"async\" class=\"aligncenter wp-image-17160 size-large\" src=\"https:\/\/www.sportchaco.com.ar\/wp-content\/uploads\/2025\/03\/gob-makalle-821x1024.jpg\" alt=\"\" width=\"821\" height=\"1024\" srcset=\"https:\/\/www.sportchaco.com.ar\/wp-content\/uploads\/2025\/03\/gob-makalle-821x1024.jpg 821w, https:\/\/www.sportchaco.com.ar\/wp-content\/uploads\/2025\/03\/gob-makalle-240x300.jpg 240w, https:\/\/www.sportchaco.com.ar\/wp-content\/uploads\/2025\/03\/gob-makalle-768x958.jpg 768w, https:\/\/www.sportchaco.com.ar\/wp-content\/uploads\/2025\/03\/gob-makalle-1231x1536.jpg 1231w, https:\/\/www.sportchaco.com.ar\/wp-content\/uploads\/2025\/03\/gob-makalle.jpg 1440w\" sizes=\"auto, (max-width: 821px) 100vw, 821px\" \/><\/p>\n","protected":false},"excerpt":{"rendered":"<p>24-03-2025 Por una nueva fecha de la zona Norte B de la Conferencia Norte de La Liga Federal de B\u00e1squet, Centro Cultural de Santa Sylvina venci\u00f3 como local a Hind\u00fa por 81 a 74. En el elenco ganador \u00c1lvaro Ghidini fue el m\u00e1ximo anotador con 21 puntos, en tanto que por la visita Facundo De &hellip;<\/p>\n","protected":false},"author":3,"featured_media":17383,"comment_status":"open","ping_status":"open","sticky":false,"template":"","format":"standard","meta":{"footnotes":""},"categories":[3],"tags":[],"class_list":["post-17386","post","type-post","status-publish","format-standard","has-post-thumbnail","hentry","category-basquetbol"],"_links":{"self":[{"href":"https:\/\/www.sportchaco.com.ar\/index.php?rest_route=\/wp\/v2\/posts\/17386","targetHints":{"allow":["GET"]}}],"collection":[{"href":"https:\/\/www.sportchaco.com.ar\/index.php?rest_route=\/wp\/v2\/posts"}],"about":[{"href":"https:\/\/www.sportchaco.com.ar\/index.php?rest_route=\/wp\/v2\/types\/post"}],"author":[{"embeddable":true,"href":"https:\/\/www.sportchaco.com.ar\/index.php?rest_route=\/wp\/v2\/users\/3"}],"replies":[{"embeddable":true,"href":"https:\/\/www.sportchaco.com.ar\/index.php?rest_route=%2Fwp%2Fv2%2Fcomments&post=17386"}],"version-history":[{"count":2,"href":"https:\/\/www.sportchaco.com.ar\/index.php?rest_route=\/wp\/v2\/posts\/17386\/revisions"}],"predecessor-version":[{"id":17388,"href":"https:\/\/www.sportchaco.com.ar\/index.php?rest_route=\/wp\/v2\/posts\/17386\/revisions\/17388"}],"wp:featuredmedia":[{"embeddable":true,"href":"https:\/\/www.sportchaco.com.ar\/index.php?rest_route=\/wp\/v2\/media\/17383"}],"wp:attachment":[{"href":"https:\/\/www.sportchaco.com.ar\/index.php?rest_route=%2Fwp%2Fv2%2Fmedia&parent=17386"}],"wp:term":[{"taxonomy":"category","embeddable":true,"href":"https:\/\/www.sportchaco.com.ar\/index.php?rest_route=%2Fwp%2Fv2%2Fcategories&post=17386"},{"taxonomy":"post_tag","embeddable":true,"href":"https:\/\/www.sportchaco.com.ar\/index.php?rest_route=%2Fwp%2Fv2%2Ftags&post=17386"}],"curies":[{"name":"wp","href":"https:\/\/api.w.org\/{rel}","templated":true}]}}