{"id":17404,"date":"2025-03-25T20:10:14","date_gmt":"2025-03-25T23:10:14","guid":{"rendered":"https:\/\/www.sportchaco.com.ar\/?p=17404"},"modified":"2025-03-25T20:10:14","modified_gmt":"2025-03-25T23:10:14","slug":"sin-ascenso-este-miercoles","status":"publish","type":"post","link":"https:\/\/www.sportchaco.com.ar\/?p=17404","title":{"rendered":"Sin ascenso este mi\u00e9rcoles"},"content":{"rendered":"<p><strong>25-03-2025<\/strong><\/p>\n<p><img loading=\"lazy\" decoding=\"async\" class=\"aligncenter wp-image-11424 size-full\" src=\"https:\/\/www.sportchaco.com.ar\/wp-content\/uploads\/2024\/07\/gob-salud-fijo-marzo.jpg\" alt=\"\" width=\"1200\" height=\"200\" srcset=\"https:\/\/www.sportchaco.com.ar\/wp-content\/uploads\/2024\/07\/gob-salud-fijo-marzo.jpg 1200w, https:\/\/www.sportchaco.com.ar\/wp-content\/uploads\/2024\/07\/gob-salud-fijo-marzo-300x50.jpg 300w, https:\/\/www.sportchaco.com.ar\/wp-content\/uploads\/2024\/07\/gob-salud-fijo-marzo-1024x171.jpg 1024w, https:\/\/www.sportchaco.com.ar\/wp-content\/uploads\/2024\/07\/gob-salud-fijo-marzo-768x128.jpg 768w\" sizes=\"auto, (max-width: 1200px) 100vw, 1200px\" \/><\/p>\n<p>Los dirigentes de la Liga Chaque\u00f1a de F\u00fatbol han decidido y comunicaron la suspensi\u00f3n de los partidos restantes de la primera fecha del campeonato de la Primera B.<\/p>\n<p>Por ende, los dos encuentros programados que hab\u00eda para este mi\u00e9rcoles no se disputar\u00e1n a ra\u00edz de las lluvias. Los mismos eran Dep. G\u00fciraldes-Uni\u00f3n del Sur y San Fernando-Camioneros.<\/p>\n<p>Ambos partidos ser\u00e1n reprogramados la pr\u00f3xima semana junto a los cinco que se suspendieron el pasado domingo por cuestiones clim\u00e1ticas.<\/p>\n<p><strong>TORNEO OFICIAL \u00abADRI\u00c1N DAR\u00cdO PARRA\u00bb<br \/>\nTODA LA 1\u00aa FECHA<\/strong><br \/>\n<strong>Viernes 21-03<\/strong><br \/>\nMunicipales 1 \u2013 Chaco Hebr\u00f3n 0, en San Fernando<\/p>\n<p><strong>S\u00e1bado 22-03<\/strong><br \/>\nDEF 0 \u2013 Canallas del Sur 1, en Regional<\/p>\n<p><strong>Domingo 23-03<\/strong><br \/>\nParque Patricios 2 \u2013 Los L\u00edricos 1, en Villa Alvear\u00a0<em>(Suspendido a los 18ST por tormenta electrica)<\/em><br \/>\nDep. Sameep 0 \u2013 Banfield 1\u00a0<em>(Suspendido en ST por tormenta electrica)<\/em><br \/>\nDogos 0 \u2013 Dep. Esperanza 1, en Bancarios<br \/>\nFC Barber\u00e1n 2 \u2013 Confraternidad 2, en Estudiantes<br \/>\nV\u00e9lez SL 1 \u2013 Dep. Barber\u00e1n 3\u00a0<em>(Suspendido a los 15ST por tormenta electrica)<\/em><br \/>\nC. E. de Comercio 1 \u2013 UPCP 1\u00a0<em>(Suspendido a los 27ST por tormenta electrica)<\/em><br \/>\nCentauro FC 0 \u2013 Bariloche FC 0, en Central Norte\u00a0<em>(Suspendido a los 20ST por tormenta electrica)<\/em><\/p>\n<p><strong>Suspendidos y a reprogramaci\u00f3n<\/strong><br \/>\nDep. G\u00fciraldes \u2013 Uni\u00f3n del Sur<br \/>\nSan Fernando \u2013 Camioneros<\/p>\n<p><strong>Libre:<\/strong>\u00a0Dep. Zona Sur<\/p>\n<p><strong><em>Foto: F\u00fatbol Criollo<\/em><\/strong><\/p>\n<p><img loading=\"lazy\" decoding=\"async\" class=\"aligncenter wp-image-16657 size-full\" src=\"https:\/\/www.sportchaco.com.ar\/wp-content\/uploads\/2025\/02\/gob-bombeo-2.jpg\" alt=\"\" width=\"1440\" height=\"1797\" srcset=\"https:\/\/www.sportchaco.com.ar\/wp-content\/uploads\/2025\/02\/gob-bombeo-2.jpg 1440w, https:\/\/www.sportchaco.com.ar\/wp-content\/uploads\/2025\/02\/gob-bombeo-2-240x300.jpg 240w, https:\/\/www.sportchaco.com.ar\/wp-content\/uploads\/2025\/02\/gob-bombeo-2-821x1024.jpg 821w, https:\/\/www.sportchaco.com.ar\/wp-content\/uploads\/2025\/02\/gob-bombeo-2-768x958.jpg 768w, https:\/\/www.sportchaco.com.ar\/wp-content\/uploads\/2025\/02\/gob-bombeo-2-1231x1536.jpg 1231w\" sizes=\"auto, (max-width: 1440px) 100vw, 1440px\" \/><\/p>\n","protected":false},"excerpt":{"rendered":"<p>25-03-2025 Los dirigentes de la Liga Chaque\u00f1a de F\u00fatbol han decidido y comunicaron la suspensi\u00f3n de los partidos restantes de la primera fecha del campeonato de la Primera B. Por ende, los dos encuentros programados que hab\u00eda para este mi\u00e9rcoles no se disputar\u00e1n a ra\u00edz de las lluvias. Los mismos eran Dep. G\u00fciraldes-Uni\u00f3n del Sur &hellip;<\/p>\n","protected":false},"author":3,"featured_media":17406,"comment_status":"open","ping_status":"open","sticky":false,"template":"","format":"standard","meta":{"footnotes":""},"categories":[5],"tags":[],"class_list":["post-17404","post","type-post","status-publish","format-standard","has-post-thumbnail","hentry","category-futbol"],"_links":{"self":[{"href":"https:\/\/www.sportchaco.com.ar\/index.php?rest_route=\/wp\/v2\/posts\/17404","targetHints":{"allow":["GET"]}}],"collection":[{"href":"https:\/\/www.sportchaco.com.ar\/index.php?rest_route=\/wp\/v2\/posts"}],"about":[{"href":"https:\/\/www.sportchaco.com.ar\/index.php?rest_route=\/wp\/v2\/types\/post"}],"author":[{"embeddable":true,"href":"https:\/\/www.sportchaco.com.ar\/index.php?rest_route=\/wp\/v2\/users\/3"}],"replies":[{"embeddable":true,"href":"https:\/\/www.sportchaco.com.ar\/index.php?rest_route=%2Fwp%2Fv2%2Fcomments&post=17404"}],"version-history":[{"count":2,"href":"https:\/\/www.sportchaco.com.ar\/index.php?rest_route=\/wp\/v2\/posts\/17404\/revisions"}],"predecessor-version":[{"id":17407,"href":"https:\/\/www.sportchaco.com.ar\/index.php?rest_route=\/wp\/v2\/posts\/17404\/revisions\/17407"}],"wp:featuredmedia":[{"embeddable":true,"href":"https:\/\/www.sportchaco.com.ar\/index.php?rest_route=\/wp\/v2\/media\/17406"}],"wp:attachment":[{"href":"https:\/\/www.sportchaco.com.ar\/index.php?rest_route=%2Fwp%2Fv2%2Fmedia&parent=17404"}],"wp:term":[{"taxonomy":"category","embeddable":true,"href":"https:\/\/www.sportchaco.com.ar\/index.php?rest_route=%2Fwp%2Fv2%2Fcategories&post=17404"},{"taxonomy":"post_tag","embeddable":true,"href":"https:\/\/www.sportchaco.com.ar\/index.php?rest_route=%2Fwp%2Fv2%2Ftags&post=17404"}],"curies":[{"name":"wp","href":"https:\/\/api.w.org\/{rel}","templated":true}]}}