{"id":17424,"date":"2025-03-27T01:07:38","date_gmt":"2025-03-27T04:07:38","guid":{"rendered":"https:\/\/www.sportchaco.com.ar\/?p=17424"},"modified":"2025-03-27T01:07:38","modified_gmt":"2025-03-27T04:07:38","slug":"pancaldo-hay-que-estar-preparado-para-cuando-te-llegue-la-oportunidad","status":"publish","type":"post","link":"https:\/\/www.sportchaco.com.ar\/?p=17424","title":{"rendered":"Pancaldo: \u00abHay que estar preparado para cuando te llegue la oportunidad\u00bb"},"content":{"rendered":"<p><strong>27-03-2025<\/strong><\/p>\n<p><img loading=\"lazy\" decoding=\"async\" class=\"aligncenter wp-image-11424 size-large\" src=\"https:\/\/www.sportchaco.com.ar\/wp-content\/uploads\/2024\/07\/gob-salud-fijo-marzo-1024x171.jpg\" alt=\"\" width=\"1024\" height=\"171\" srcset=\"https:\/\/www.sportchaco.com.ar\/wp-content\/uploads\/2024\/07\/gob-salud-fijo-marzo-1024x171.jpg 1024w, https:\/\/www.sportchaco.com.ar\/wp-content\/uploads\/2024\/07\/gob-salud-fijo-marzo-300x50.jpg 300w, https:\/\/www.sportchaco.com.ar\/wp-content\/uploads\/2024\/07\/gob-salud-fijo-marzo-768x128.jpg 768w, https:\/\/www.sportchaco.com.ar\/wp-content\/uploads\/2024\/07\/gob-salud-fijo-marzo.jpg 1200w\" sizes=\"auto, (max-width: 1024px) 100vw, 1024px\" \/><\/p>\n<p>El actual DT de For Ever, Ricardo Pancaldo, brind\u00f3 una jornada de capacitaci\u00f3n que cont\u00f3 con un muy buen marco y fue destinada a entrenadores, formadores, integrantes de cuerpo t\u00e9cnico, periodistas, directivos, alumnos de carreras de formaci\u00f3n ligadas al f\u00fatbol y p\u00fablico en general.<\/p>\n<p>La charla fue organizada en forma conjunta por el C\u00edrculo de Periodistas Deportivos del Chaco (Cpdch) y la Escuela de T\u00e9cnicos 199 de Resistencia (Atfa Chaco) y se llev\u00f3 en la sede del Cpdch.<\/p>\n<p>Pancaldo repas\u00f3 sus inicios como ayudante de campo, sus comienzos como entrenador principal, y su extensa carrera que lo llev\u00f3 a dirigir en la Primera Nacional.<\/p>\n<p>Fue la primera jornada de capacitaci\u00f3n del Cpdch, que pr\u00f3ximamente dar\u00e1 a conocer m\u00e1s detalles de la variada agenda que tendr\u00e1 durante todo 2025.<\/p>\n<h2>PROFESI\u00d3N<\/h2>\n<p>En su alocuci\u00f3n, Pancaldo cont\u00f3 pormenores de sus inicios como estudiante en la escuela de t\u00e9cnicos y sus comienzos en el f\u00fatbol. \u00abEs una profesi\u00f3n muy linda, que tiene mucho de riesgo, pero uno cuando la elige tambi\u00e9n tiene que tener en cuenta algunas cosas importantes, por ejemplo, el coraje del desarraigo, el irte de tu ciudad. En ciudades chicas del interior no todos tenemos oportunidades, pero el esfuerzo vale la pena. Cococ\u00ed mucha gente de bien, mucha gente que me ayud\u00f3 en mi camino y valor\u00e9 un mont\u00f3n de cosas. No hay nada imposible, pero hay que estar preparado para cuando te llegu\u00e9 la oportunidad de dirigir\u00bb.<\/p>\n<h2>LA FORMACI\u00d3N<\/h2>\n<p>\u00abTe volv\u00e9s entrenador cuando ten\u00e9s que resolver un mont\u00f3n de cosas por motus propio, cuando ten\u00e9s que ser utilero, dirigente, planillero, llamar a los jugadores y convencerlos para que jueguen en tu equipo. Esto \u00faltimo fue lo que m\u00e1s me marc\u00f3, convencer a jugadores para que vayan a jugar a lugares inh\u00f3spitos hace 20 a\u00f1os atr\u00e1s. Yo hace 24 que soy entrenador\u00bb.<\/p>\n<div class=\" large m_image\">\n<figure>\n<div class=\" large m_image\">\n<figure><picture><source srcset=\"https:\/\/www.diarionorte.com\/content\/bucket\/9\/405009w790h614c.jpg.webp\" type=\"image\/webp\" media=\"(min-width: 640px)\" \/><source srcset=\"https:\/\/www.diarionorte.com\/content\/bucket\/9\/405009w440h342c.jpg.webp\" type=\"image\/webp\" media=\"(min-width: 300px)\" \/><source srcset=\"https:\/\/www.diarionorte.com\/content\/bucket\/9\/405009w790h614c.jpg\" media=\"(min-width: 300px)\" \/><img loading=\"lazy\" decoding=\"async\" class=\"pic aligncenter\" src=\"https:\/\/www.diarionorte.com\/content\/bucket\/9\/405009w790h614c.jpg.webp\" alt=\"\" width=\"790\" height=\"614\" \/><\/picture><figcaption>Un gran marco en la charla que dio Ricardo Pancaldo en la sede del C\u00edrculo.<\/figcaption><\/figure>\n<\/div>\n<\/figure>\n<\/div>\n<h2>SALIR DE LA ZONA DE CONFORT<\/h2>\n<p>\u00abTom\u00e9 la decisi\u00f3n de salir de la zona de confort cuando quise ser entrenador y me dediqu\u00e9 a esto. Yo ten\u00eda en claro lo que no quer\u00eda, que era permanecer en un club, lo que yo quer\u00eda era pertenecer. Y lo digo porque hay muchos entrenadores que est\u00e1n en esa zona de confort y esperan que en alg\u00fan momento de la vida les llegue la oportunidad de dirigir en Primera. Hay que luchar por lo que uno quiere y perseguirlo\u00bb.<\/p>\n<h2>AYUDANTE Y LUEGO DT<\/h2>\n<p>\u00abArranqu\u00e9 como ayudante de campo con mi gran amigo, Julio C\u00e9sar \u00abHuevo\u00bb Toresani (ya fallecido) en clubes como San Mart\u00edn de San Juan, Col\u00f3n y Aldosivi. Y despu\u00e9s me largu\u00e9 solo en los viejos Federal B. Me toc\u00f3 dirigir a Centenario de Neuqu\u00e9n, Cruz del Sur de Bariloche, entre otros, y despu\u00e9s me toc\u00f3 estar en el hist\u00f3rico Deportivo Roca, que era un grande del interior pero cuando fuimos estaba muy desmejorado. Y fue una aventura con responsabilidad que me fue formando como DT\u00bb.<\/p>\n<h2>IMITADORES<\/h2>\n<p>\u00abVeo a muchos imitadores, que hasta cambian el lenguaje cuando llegan a dirigir. Eso no me gusta. Hay que jugar de acuerdo con la convicci\u00f3n que cada uno tiene. No sirve copiar, porque adem\u00e1s es imposible que el jugador te crea si vos no est\u00e1s convencido de lo que quer\u00e9s, el jugador se da cuenta de todo\u00bb.<\/p>\n<h2>INVITACI\u00d3N<\/h2>\n<p>\u00abInvito a todos los entrenadores de la zona a que vengan a los entrenamientos de For Ever. En todo lo que pueda los voy a ayudar. Despu\u00e9s cada uno decide qu\u00e9 le sirve y qu\u00e9 no, pero me parece que es importante que los entrenadores de la zona vayan a ver entrenamientos de clubes que est\u00e1n en una Primera Nacional y que vean c\u00f3mo trabajan los cuerpos t\u00e9cnicos. Hay que pedir ayuda, no hay que tener verg\u00fcenza. Chaco tiene que valorar la plaza que tiene hoy con For Ever en la Primera Nacional, es muy dif\u00edcil estar en esta categor\u00eda, cuesta mucho esfuerzo\u00bb, finaliz\u00f3 Pancaldo.<\/p>\n<p><img loading=\"lazy\" decoding=\"async\" class=\"aligncenter wp-image-17122 size-large\" src=\"https:\/\/www.sportchaco.com.ar\/wp-content\/uploads\/2025\/03\/gob-va-13-02-24-1024x576.jpg\" alt=\"\" width=\"1024\" height=\"576\" srcset=\"https:\/\/www.sportchaco.com.ar\/wp-content\/uploads\/2025\/03\/gob-va-13-02-24-1024x576.jpg 1024w, https:\/\/www.sportchaco.com.ar\/wp-content\/uploads\/2025\/03\/gob-va-13-02-24-300x169.jpg 300w, https:\/\/www.sportchaco.com.ar\/wp-content\/uploads\/2025\/03\/gob-va-13-02-24-768x432.jpg 768w, https:\/\/www.sportchaco.com.ar\/wp-content\/uploads\/2025\/03\/gob-va-13-02-24-390x220.jpg 390w, https:\/\/www.sportchaco.com.ar\/wp-content\/uploads\/2025\/03\/gob-va-13-02-24.jpg 1440w\" sizes=\"auto, (max-width: 1024px) 100vw, 1024px\" \/><\/p>\n","protected":false},"excerpt":{"rendered":"<p>27-03-2025 El actual DT de For Ever, Ricardo Pancaldo, brind\u00f3 una jornada de capacitaci\u00f3n que cont\u00f3 con un muy buen marco y fue destinada a entrenadores, formadores, integrantes de cuerpo t\u00e9cnico, periodistas, directivos, alumnos de carreras de formaci\u00f3n ligadas al f\u00fatbol y p\u00fablico en general. La charla fue organizada en forma conjunta por el C\u00edrculo &hellip;<\/p>\n","protected":false},"author":3,"featured_media":17425,"comment_status":"open","ping_status":"open","sticky":false,"template":"","format":"standard","meta":{"footnotes":""},"categories":[44],"tags":[],"class_list":["post-17424","post","type-post","status-publish","format-standard","has-post-thumbnail","hentry","category-varios"],"_links":{"self":[{"href":"https:\/\/www.sportchaco.com.ar\/index.php?rest_route=\/wp\/v2\/posts\/17424","targetHints":{"allow":["GET"]}}],"collection":[{"href":"https:\/\/www.sportchaco.com.ar\/index.php?rest_route=\/wp\/v2\/posts"}],"about":[{"href":"https:\/\/www.sportchaco.com.ar\/index.php?rest_route=\/wp\/v2\/types\/post"}],"author":[{"embeddable":true,"href":"https:\/\/www.sportchaco.com.ar\/index.php?rest_route=\/wp\/v2\/users\/3"}],"replies":[{"embeddable":true,"href":"https:\/\/www.sportchaco.com.ar\/index.php?rest_route=%2Fwp%2Fv2%2Fcomments&post=17424"}],"version-history":[{"count":2,"href":"https:\/\/www.sportchaco.com.ar\/index.php?rest_route=\/wp\/v2\/posts\/17424\/revisions"}],"predecessor-version":[{"id":17431,"href":"https:\/\/www.sportchaco.com.ar\/index.php?rest_route=\/wp\/v2\/posts\/17424\/revisions\/17431"}],"wp:featuredmedia":[{"embeddable":true,"href":"https:\/\/www.sportchaco.com.ar\/index.php?rest_route=\/wp\/v2\/media\/17425"}],"wp:attachment":[{"href":"https:\/\/www.sportchaco.com.ar\/index.php?rest_route=%2Fwp%2Fv2%2Fmedia&parent=17424"}],"wp:term":[{"taxonomy":"category","embeddable":true,"href":"https:\/\/www.sportchaco.com.ar\/index.php?rest_route=%2Fwp%2Fv2%2Fcategories&post=17424"},{"taxonomy":"post_tag","embeddable":true,"href":"https:\/\/www.sportchaco.com.ar\/index.php?rest_route=%2Fwp%2Fv2%2Ftags&post=17424"}],"curies":[{"name":"wp","href":"https:\/\/api.w.org\/{rel}","templated":true}]}}