{"id":17451,"date":"2025-03-27T14:13:28","date_gmt":"2025-03-27T17:13:28","guid":{"rendered":"https:\/\/www.sportchaco.com.ar\/?p=17451"},"modified":"2025-03-27T14:13:28","modified_gmt":"2025-03-27T17:13:28","slug":"programacion-confirmada-para-la-primera-b","status":"publish","type":"post","link":"https:\/\/www.sportchaco.com.ar\/?p=17451","title":{"rendered":"Programaci\u00f3n confirmada para la Primera B"},"content":{"rendered":"<p><strong>27-03-2025<\/strong><\/p>\n<p><img loading=\"lazy\" decoding=\"async\" class=\"aligncenter wp-image-11424 size-full\" src=\"https:\/\/www.sportchaco.com.ar\/wp-content\/uploads\/2024\/07\/gob-salud-fijo-marzo.jpg\" sizes=\"auto, (max-width: 1200px) 100vw, 1200px\" srcset=\"https:\/\/www.sportchaco.com.ar\/wp-content\/uploads\/2024\/07\/gob-salud-fijo-marzo.jpg 1200w, https:\/\/www.sportchaco.com.ar\/wp-content\/uploads\/2024\/07\/gob-salud-fijo-marzo-300x50.jpg 300w, https:\/\/www.sportchaco.com.ar\/wp-content\/uploads\/2024\/07\/gob-salud-fijo-marzo-1024x171.jpg 1024w, https:\/\/www.sportchaco.com.ar\/wp-content\/uploads\/2024\/07\/gob-salud-fijo-marzo-768x128.jpg 768w\" alt=\"\" width=\"1200\" height=\"200\" \/><\/p>\n<p>Los dirigentes del ascenso de la Liga Chaque\u00f1a de F\u00fatbol establecieron los d\u00edas y horarios para el desarrollo de la 2\u00aa fecha del campeonato Oficial.<\/p>\n<p>La misma tendr\u00e1 partidos durante los d\u00edas s\u00e1bado 29 y domingo 30 de marzo en el horario vespertino de las 16:30 en su gran mayor\u00eda.<\/p>\n<p>Mientras que los encuentros postergados de la primera fecha ser\u00e1n, en principio, reprogramados para la primera semana del mes de abril<\/p>\n<p><strong>TORNEO OFICIAL \u00abADRI\u00c1N DAR\u00cdO PARRA\u00bb<br \/>\nTODA LA 2\u00aa FECHA<\/strong><br \/>\n<strong>S\u00e1bado 29-03<br \/>\n<\/strong>A las 16:30, Dep. Esperanza &#8211; Parque Patricios, en V\u00e9lez<strong><br \/>\n<\/strong>A las 16:30, UPCP &#8211; DEF, en Regional<br \/>\nA las 16:30, Confraternidad &#8211; C. E. de Comercio, en Defensores<br \/>\nA las 20, Chaco Hebr\u00f3n &#8211; Centauro FC<\/p>\n<p><strong>Domingo 30-03<\/strong><br \/>\nA las 16:30, Los L\u00edricos &#8211; Dep. G\u00fciraldes, en Indepte. Tirol<strong><br \/>\n<\/strong>A las 16:30, Banfield &#8211; San Fernando, en Chaco Hebr\u00f3n<br \/>\nA las 16:30, Camioneros &#8211; FC Barber\u00e1n<br \/>\nA las 16:30, Dep. Barber\u00e1n &#8211; Dogos, en V\u00e9lez<strong><br \/>\n<\/strong>A las 16:30, Bariloche FC &#8211; V\u00e9lez SL, en San Fernando<br \/>\nA las 16:30, Canallas del Sur &#8211; Municipales<br \/>\nA las 17, Dep. Zona Sur &#8211; Uni\u00f3n del Sur, en Defensores<\/p>\n<p><strong>Libre:<\/strong> Dep. Sameep<\/p>\n<p><strong><em>Foto: FC Barber\u00e1n<\/em><\/strong><\/p>\n<p><img loading=\"lazy\" decoding=\"async\" class=\"aligncenter wp-image-16657 size-full\" src=\"https:\/\/www.sportchaco.com.ar\/wp-content\/uploads\/2025\/02\/gob-bombeo-2.jpg\" sizes=\"auto, (max-width: 1440px) 100vw, 1440px\" srcset=\"https:\/\/www.sportchaco.com.ar\/wp-content\/uploads\/2025\/02\/gob-bombeo-2.jpg 1440w, https:\/\/www.sportchaco.com.ar\/wp-content\/uploads\/2025\/02\/gob-bombeo-2-240x300.jpg 240w, https:\/\/www.sportchaco.com.ar\/wp-content\/uploads\/2025\/02\/gob-bombeo-2-821x1024.jpg 821w, https:\/\/www.sportchaco.com.ar\/wp-content\/uploads\/2025\/02\/gob-bombeo-2-768x958.jpg 768w, https:\/\/www.sportchaco.com.ar\/wp-content\/uploads\/2025\/02\/gob-bombeo-2-1231x1536.jpg 1231w\" alt=\"\" width=\"1440\" height=\"1797\" \/><\/p>\n","protected":false},"excerpt":{"rendered":"<p>27-03-2025 Los dirigentes del ascenso de la Liga Chaque\u00f1a de F\u00fatbol establecieron los d\u00edas y horarios para el desarrollo de la 2\u00aa fecha del campeonato Oficial. La misma tendr\u00e1 partidos durante los d\u00edas s\u00e1bado 29 y domingo 30 de marzo en el horario vespertino de las 16:30 en su gran mayor\u00eda. Mientras que los encuentros &hellip;<\/p>\n","protected":false},"author":3,"featured_media":17452,"comment_status":"open","ping_status":"open","sticky":false,"template":"","format":"standard","meta":{"footnotes":""},"categories":[5],"tags":[],"class_list":["post-17451","post","type-post","status-publish","format-standard","has-post-thumbnail","hentry","category-futbol"],"_links":{"self":[{"href":"https:\/\/www.sportchaco.com.ar\/index.php?rest_route=\/wp\/v2\/posts\/17451","targetHints":{"allow":["GET"]}}],"collection":[{"href":"https:\/\/www.sportchaco.com.ar\/index.php?rest_route=\/wp\/v2\/posts"}],"about":[{"href":"https:\/\/www.sportchaco.com.ar\/index.php?rest_route=\/wp\/v2\/types\/post"}],"author":[{"embeddable":true,"href":"https:\/\/www.sportchaco.com.ar\/index.php?rest_route=\/wp\/v2\/users\/3"}],"replies":[{"embeddable":true,"href":"https:\/\/www.sportchaco.com.ar\/index.php?rest_route=%2Fwp%2Fv2%2Fcomments&post=17451"}],"version-history":[{"count":1,"href":"https:\/\/www.sportchaco.com.ar\/index.php?rest_route=\/wp\/v2\/posts\/17451\/revisions"}],"predecessor-version":[{"id":17453,"href":"https:\/\/www.sportchaco.com.ar\/index.php?rest_route=\/wp\/v2\/posts\/17451\/revisions\/17453"}],"wp:featuredmedia":[{"embeddable":true,"href":"https:\/\/www.sportchaco.com.ar\/index.php?rest_route=\/wp\/v2\/media\/17452"}],"wp:attachment":[{"href":"https:\/\/www.sportchaco.com.ar\/index.php?rest_route=%2Fwp%2Fv2%2Fmedia&parent=17451"}],"wp:term":[{"taxonomy":"category","embeddable":true,"href":"https:\/\/www.sportchaco.com.ar\/index.php?rest_route=%2Fwp%2Fv2%2Fcategories&post=17451"},{"taxonomy":"post_tag","embeddable":true,"href":"https:\/\/www.sportchaco.com.ar\/index.php?rest_route=%2Fwp%2Fv2%2Ftags&post=17451"}],"curies":[{"name":"wp","href":"https:\/\/api.w.org\/{rel}","templated":true}]}}