{"id":17479,"date":"2025-03-29T00:00:21","date_gmt":"2025-03-29T03:00:21","guid":{"rendered":"https:\/\/www.sportchaco.com.ar\/?p=17479"},"modified":"2025-03-29T00:00:21","modified_gmt":"2025-03-29T03:00:21","slug":"efemerides-del-29-de-marzo-2","status":"publish","type":"post","link":"https:\/\/www.sportchaco.com.ar\/?p=17479","title":{"rendered":"Efem\u00e9rides del 29 de marzo"},"content":{"rendered":"<p><strong>Estas son las Efem\u00e9rides del Deporte en el Chaco de un 29 de marzo del periodista Luis Dar\u00edo Molodezky.<\/strong><\/p>\n<p><img loading=\"lazy\" decoding=\"async\" class=\"alignnone size-medium wp-image-7443\" src=\"https:\/\/www.sportchaco.com.ar\/wp-content\/uploads\/2024\/03\/Luis-Molodezky-3-210x300.jpg\" sizes=\"auto, (max-width: 210px) 100vw, 210px\" srcset=\"https:\/\/www.sportchaco.com.ar\/wp-content\/uploads\/2024\/03\/Luis-Molodezky-3-210x300.jpg 210w, https:\/\/www.sportchaco.com.ar\/wp-content\/uploads\/2024\/03\/Luis-Molodezky-3.jpg 275w\" alt=\"\" width=\"210\" height=\"300\" \/><\/p>\n<p><strong>1954\u00a0<\/strong>\/ Juventud de Villa Centenario representando<br \/>\na la provincia Presidente Per\u00f3n en Buenos Aires, se consagr\u00f3<br \/>\ncampe\u00f3n infantil nacional del Torneo \u201cEvita\u201d en el m\u00edtico Luna<br \/>\nPark. En la final derrot\u00f3 a C\u00f3rdoba 52 a 23. El equipo era dirigido<br \/>\npor la dupla Oreste Roig y B. Ram\u00edrez. El plantel estuvo integrado<br \/>\npor \u00c1ngel Persoglia, Octavio Roig, Rafael Barnes, Juan C\u00e1ceres,<br \/>\nGumercindo Vicedo, A. Flores, S. Alcaraz y V\u00edctor Lugo.<\/p>\n<p><strong>1958\u00a0<\/strong>\/ Chaco debuta en el XXV Campeonato Argentino<br \/>\nde B\u00e1squetbol, que se juega en Santa Fe, y derrota en vigorosa<br \/>\nreacci\u00f3n a Capital Federal por 62 a 53. El goleador fue Edgardo<br \/>\nOuteri\u00f1o con 24 tantos.<\/p>\n<p><strong>2007\u00a0<\/strong>\/ Oscar Andreatta presenta su libro \u201cEl deporte<br \/>\nde los pu\u00f1os\u201d. En ese trabajo, rinde un merecido homenaje a<br \/>\nlos pugilistas que en el Chaco, desde 1940, muchas veces olvidados,<br \/>\nintentando resurgirlos del anonimato. La presentaci\u00f3n estuvo a<br \/>\ncargo del periodista Edison Omar Rodr\u00edguez, autor del pr\u00f3logo<br \/>\ndel libro.<\/p>\n<p><strong>2021 \/<\/strong> Inicia su actividad el equipo de Newcom \u00abRenacer\u201d,<br \/>\nen la UEGP 169, del que participaron \u00a0Mario Zaloqui,<br \/>\nPedro Rustan, Carlos Merca, In\u00e9s Ramseyer, Olga G\u00f3mez, Tita G\u00f3mez.<\/p>\n<p><img loading=\"lazy\" decoding=\"async\" class=\"aligncenter wp-image-13741 size-full\" src=\"https:\/\/www.sportchaco.com.ar\/wp-content\/uploads\/2024\/10\/Gobierno-paisaje-1.png\" alt=\"\" width=\"800\" height=\"309\" srcset=\"https:\/\/www.sportchaco.com.ar\/wp-content\/uploads\/2024\/10\/Gobierno-paisaje-1.png 800w, https:\/\/www.sportchaco.com.ar\/wp-content\/uploads\/2024\/10\/Gobierno-paisaje-1-300x116.png 300w, https:\/\/www.sportchaco.com.ar\/wp-content\/uploads\/2024\/10\/Gobierno-paisaje-1-768x297.png 768w\" sizes=\"auto, (max-width: 800px) 100vw, 800px\" \/><\/p>\n","protected":false},"excerpt":{"rendered":"<p>Estas son las Efem\u00e9rides del Deporte en el Chaco de un 29 de marzo del periodista Luis Dar\u00edo Molodezky. 1954\u00a0\/ Juventud de Villa Centenario representando a la provincia Presidente Per\u00f3n en Buenos Aires, se consagr\u00f3 campe\u00f3n infantil nacional del Torneo \u201cEvita\u201d en el m\u00edtico Luna Park. En la final derrot\u00f3 a C\u00f3rdoba 52 a 23. &hellip;<\/p>\n","protected":false},"author":3,"featured_media":7444,"comment_status":"open","ping_status":"open","sticky":false,"template":"","format":"standard","meta":{"footnotes":""},"categories":[4,33],"tags":[],"class_list":["post-17479","post","type-post","status-publish","format-standard","has-post-thumbnail","hentry","category-efemerides","category-marzo"],"_links":{"self":[{"href":"https:\/\/www.sportchaco.com.ar\/index.php?rest_route=\/wp\/v2\/posts\/17479","targetHints":{"allow":["GET"]}}],"collection":[{"href":"https:\/\/www.sportchaco.com.ar\/index.php?rest_route=\/wp\/v2\/posts"}],"about":[{"href":"https:\/\/www.sportchaco.com.ar\/index.php?rest_route=\/wp\/v2\/types\/post"}],"author":[{"embeddable":true,"href":"https:\/\/www.sportchaco.com.ar\/index.php?rest_route=\/wp\/v2\/users\/3"}],"replies":[{"embeddable":true,"href":"https:\/\/www.sportchaco.com.ar\/index.php?rest_route=%2Fwp%2Fv2%2Fcomments&post=17479"}],"version-history":[{"count":1,"href":"https:\/\/www.sportchaco.com.ar\/index.php?rest_route=\/wp\/v2\/posts\/17479\/revisions"}],"predecessor-version":[{"id":17480,"href":"https:\/\/www.sportchaco.com.ar\/index.php?rest_route=\/wp\/v2\/posts\/17479\/revisions\/17480"}],"wp:featuredmedia":[{"embeddable":true,"href":"https:\/\/www.sportchaco.com.ar\/index.php?rest_route=\/wp\/v2\/media\/7444"}],"wp:attachment":[{"href":"https:\/\/www.sportchaco.com.ar\/index.php?rest_route=%2Fwp%2Fv2%2Fmedia&parent=17479"}],"wp:term":[{"taxonomy":"category","embeddable":true,"href":"https:\/\/www.sportchaco.com.ar\/index.php?rest_route=%2Fwp%2Fv2%2Fcategories&post=17479"},{"taxonomy":"post_tag","embeddable":true,"href":"https:\/\/www.sportchaco.com.ar\/index.php?rest_route=%2Fwp%2Fv2%2Ftags&post=17479"}],"curies":[{"name":"wp","href":"https:\/\/api.w.org\/{rel}","templated":true}]}}