{"id":17481,"date":"2025-03-28T18:54:15","date_gmt":"2025-03-28T21:54:15","guid":{"rendered":"https:\/\/www.sportchaco.com.ar\/?p=17481"},"modified":"2025-03-28T18:54:15","modified_gmt":"2025-03-28T21:54:15","slug":"la-china-segovia-se-recupera-de-un-acv","status":"publish","type":"post","link":"https:\/\/www.sportchaco.com.ar\/?p=17481","title":{"rendered":"La \u00abChina\u00bb Segovia se recupera de un ACV"},"content":{"rendered":"<p><strong>28-03-2025<\/strong><\/p>\n<p><img loading=\"lazy\" decoding=\"async\" class=\"aligncenter wp-image-8972 size-large\" src=\"https:\/\/www.sportchaco.com.ar\/wp-content\/uploads\/2024\/05\/gob-fumiccion-m-apaisado-marzo-1024x171.jpg\" alt=\"\" width=\"1024\" height=\"171\" srcset=\"https:\/\/www.sportchaco.com.ar\/wp-content\/uploads\/2024\/05\/gob-fumiccion-m-apaisado-marzo-1024x171.jpg 1024w, https:\/\/www.sportchaco.com.ar\/wp-content\/uploads\/2024\/05\/gob-fumiccion-m-apaisado-marzo-300x50.jpg 300w, https:\/\/www.sportchaco.com.ar\/wp-content\/uploads\/2024\/05\/gob-fumiccion-m-apaisado-marzo-768x128.jpg 768w, https:\/\/www.sportchaco.com.ar\/wp-content\/uploads\/2024\/05\/gob-fumiccion-m-apaisado-marzo.jpg 1200w\" sizes=\"auto, (max-width: 1024px) 100vw, 1024px\" \/><\/p>\n<p>Fue una semana distinta para Julio \u201cChina\u201d Segovia, el carism\u00e1tico e hist\u00f3rico motociclista saenzpe\u00f1ense que el lunes sufri\u00f3 un accidente cerebro vascular y desde entonces permanece internado en terapia intensiva en un sanatorio de la ciudad, aunque con buena evoluci\u00f3n.<\/p>\n<p>Segovia es uno de los grandes \u00eddolos populares de nuestra provincia, que supo marcar toda una \u00e9poca en las d\u00e9cadas del 70 y 80, siendo protagonista de \u00e9picas carreras con otros notables pilotos de la regi\u00f3n y del pa\u00eds tanto en circuitos de S\u00e1enz Pe\u00f1a como de otras provincias.<\/p>\n<p>Desde su familia expresaron que cuando se aprestaba a subir a su motocicleta el lunes, alrededor de las 10 de la ma\u00f1ana, perdi\u00f3 estabilidad y cay\u00f3. De inmediato fue trasladado a un centro asistencial y se determin\u00f3 que hab\u00eda sufrido un ACV, aunque a\u00fan se desconoce el grado de afectaci\u00f3n neurol\u00f3gica y motriz que pudo haber tenido.<\/p>\n<div id=\"attachment_7934\" class=\"wp-caption alignnone\"><a href=\"https:\/\/www.ecodeportivo.com.ar\/img\/2019\/03\/china-ovalo.jpg\"><img loading=\"lazy\" decoding=\"async\" class=\"wp-image-7934 size-full\" src=\"https:\/\/www.ecodeportivo.com.ar\/img\/2019\/03\/china-ovalo.jpg\" sizes=\"auto, (max-width: 945px) 100vw, 945px\" srcset=\"https:\/\/www.ecodeportivo.com.ar\/img\/2019\/03\/china-ovalo.jpg 945w, https:\/\/www.ecodeportivo.com.ar\/img\/2019\/03\/china-ovalo-300x168.jpg 300w, https:\/\/www.ecodeportivo.com.ar\/img\/2019\/03\/china-ovalo-768x429.jpg 768w, https:\/\/www.ecodeportivo.com.ar\/img\/2019\/03\/china-ovalo-180x101.jpg 180w, https:\/\/www.ecodeportivo.com.ar\/img\/2019\/03\/china-ovalo-260x146.jpg 260w, https:\/\/www.ecodeportivo.com.ar\/img\/2019\/03\/china-ovalo-120x67.jpg 120w\" alt=\"\" width=\"945\" height=\"528\" aria-describedby=\"caption-attachment-7934\" \/><\/a><\/p>\n<p id=\"caption-attachment-7934\" class=\"wp-caption-text\">\u201cChina\u201d Segovia es toda una leyenda y muy querido en el ambiente motocicl\u00edstico, donde es saludado permanentemente a\u00fan por quienes no lo vieron correr<\/p>\n<\/div>\n<p>Desde entonces se halla internado en sala de terapia intensiva de un sanatorio ubicado en calle Laprida de S\u00e1enz Pe\u00f1a y, si bien todav\u00eda se le deben realizar estudios de mayor complejidad en otra instituci\u00f3n, permanece consciente y su evoluci\u00f3n es favorable.<\/p>\n<p>Julio Melchor \u201cChina\u201d Segovia, que el pr\u00f3ximo 3 de mayo cumplir\u00e1 75 a\u00f1os, hab\u00eda tenido en enero de 2018 un encuentro p\u00fablico con el entrerriano de Rosario del Tala pero radicado en Rafaela, Ren\u00e9 Zanatta, uno de los rivales con los que le toc\u00f3 medirse en su \u00e9poca de esplendor, en una amena cena de camarader\u00eda generada por sus amigos.<\/p>\n<p>Uno de los escenarios m\u00e1s convocantes de aquel tiempo era el \u00f3valo del club Aprendices Chaque\u00f1os, pero tambi\u00e9n supo presentarse en la costanera correntina y en circuitos del norte santafesino en los albores del Certamen Argentino de Motociclismo.<\/p>\n<p><em><strong>Fuente y fotos: ECO Deportivo<\/strong><\/em><\/p>\n<p><img loading=\"lazy\" decoding=\"async\" class=\"aligncenter wp-image-16657 size-large\" src=\"https:\/\/www.sportchaco.com.ar\/wp-content\/uploads\/2025\/02\/gob-bombeo-2-821x1024.jpg\" alt=\"\" width=\"821\" height=\"1024\" srcset=\"https:\/\/www.sportchaco.com.ar\/wp-content\/uploads\/2025\/02\/gob-bombeo-2-821x1024.jpg 821w, https:\/\/www.sportchaco.com.ar\/wp-content\/uploads\/2025\/02\/gob-bombeo-2-240x300.jpg 240w, https:\/\/www.sportchaco.com.ar\/wp-content\/uploads\/2025\/02\/gob-bombeo-2-768x958.jpg 768w, https:\/\/www.sportchaco.com.ar\/wp-content\/uploads\/2025\/02\/gob-bombeo-2-1231x1536.jpg 1231w, https:\/\/www.sportchaco.com.ar\/wp-content\/uploads\/2025\/02\/gob-bombeo-2.jpg 1440w\" sizes=\"auto, (max-width: 821px) 100vw, 821px\" \/><\/p>\n","protected":false},"excerpt":{"rendered":"<p>28-03-2025 Fue una semana distinta para Julio \u201cChina\u201d Segovia, el carism\u00e1tico e hist\u00f3rico motociclista saenzpe\u00f1ense que el lunes sufri\u00f3 un accidente cerebro vascular y desde entonces permanece internado en terapia intensiva en un sanatorio de la ciudad, aunque con buena evoluci\u00f3n. Segovia es uno de los grandes \u00eddolos populares de nuestra provincia, que supo marcar &hellip;<\/p>\n","protected":false},"author":3,"featured_media":17482,"comment_status":"open","ping_status":"open","sticky":false,"template":"","format":"standard","meta":{"footnotes":""},"categories":[8],"tags":[],"class_list":["post-17481","post","type-post","status-publish","format-standard","has-post-thumbnail","hentry","category-sport-nea"],"_links":{"self":[{"href":"https:\/\/www.sportchaco.com.ar\/index.php?rest_route=\/wp\/v2\/posts\/17481","targetHints":{"allow":["GET"]}}],"collection":[{"href":"https:\/\/www.sportchaco.com.ar\/index.php?rest_route=\/wp\/v2\/posts"}],"about":[{"href":"https:\/\/www.sportchaco.com.ar\/index.php?rest_route=\/wp\/v2\/types\/post"}],"author":[{"embeddable":true,"href":"https:\/\/www.sportchaco.com.ar\/index.php?rest_route=\/wp\/v2\/users\/3"}],"replies":[{"embeddable":true,"href":"https:\/\/www.sportchaco.com.ar\/index.php?rest_route=%2Fwp%2Fv2%2Fcomments&post=17481"}],"version-history":[{"count":1,"href":"https:\/\/www.sportchaco.com.ar\/index.php?rest_route=\/wp\/v2\/posts\/17481\/revisions"}],"predecessor-version":[{"id":17483,"href":"https:\/\/www.sportchaco.com.ar\/index.php?rest_route=\/wp\/v2\/posts\/17481\/revisions\/17483"}],"wp:featuredmedia":[{"embeddable":true,"href":"https:\/\/www.sportchaco.com.ar\/index.php?rest_route=\/wp\/v2\/media\/17482"}],"wp:attachment":[{"href":"https:\/\/www.sportchaco.com.ar\/index.php?rest_route=%2Fwp%2Fv2%2Fmedia&parent=17481"}],"wp:term":[{"taxonomy":"category","embeddable":true,"href":"https:\/\/www.sportchaco.com.ar\/index.php?rest_route=%2Fwp%2Fv2%2Fcategories&post=17481"},{"taxonomy":"post_tag","embeddable":true,"href":"https:\/\/www.sportchaco.com.ar\/index.php?rest_route=%2Fwp%2Fv2%2Ftags&post=17481"}],"curies":[{"name":"wp","href":"https:\/\/api.w.org\/{rel}","templated":true}]}}