{"id":17502,"date":"2025-03-29T23:56:30","date_gmt":"2025-03-30T02:56:30","guid":{"rendered":"https:\/\/www.sportchaco.com.ar\/?p=17502"},"modified":"2025-03-30T11:55:22","modified_gmt":"2025-03-30T14:55:22","slug":"efemerides-de-un-30-de-marzo-2","status":"publish","type":"post","link":"https:\/\/www.sportchaco.com.ar\/?p=17502","title":{"rendered":"Efem\u00e9rides de un 30 de marzo"},"content":{"rendered":"<div class=\"container fullwidth-entry-title-wrapper\">\n<div class=\"container-wrapper fullwidth-entry-title\">\n<header class=\"entry-header-outer\">\n<div class=\"entry-header\">\n<h1 class=\"post-title entry-title\"><\/h1>\n<div class=\"single-post-meta post-meta clearfix\"><\/div>\n<\/div>\n<\/header>\n<\/div>\n<\/div>\n<div id=\"content\" class=\"site-content container\">\n<div id=\"main-content-row\" class=\"tie-row main-content-row\">\n<div class=\"main-content tie-col-md-8 tie-col-xs-12\" role=\"main\">\n<article id=\"the-post\" class=\"container-wrapper post-content tie-standard\">\n<div class=\"featured-area\">\n<div class=\"featured-area-inner\">\n<h4 class=\"single-featured-image\"><\/h4>\n<\/div>\n<\/div>\n<div class=\"entry-content entry clearfix\">\n<h4><strong>Esta es la Efem\u00e9rides del Deporte en el Chaco de un 30 de marzo del periodista Luis Dar\u00edo Molodezky.<\/strong><\/h4>\n<\/div>\n<p><img loading=\"lazy\" decoding=\"async\" class=\"alignnone size-medium wp-image-17503\" src=\"https:\/\/www.sportchaco.com.ar\/wp-content\/uploads\/2025\/03\/LUIS-rostro-238x300.jpg\" alt=\"\" width=\"238\" height=\"300\" srcset=\"https:\/\/www.sportchaco.com.ar\/wp-content\/uploads\/2025\/03\/LUIS-rostro-238x300.jpg 238w, https:\/\/www.sportchaco.com.ar\/wp-content\/uploads\/2025\/03\/LUIS-rostro-813x1024.jpg 813w, https:\/\/www.sportchaco.com.ar\/wp-content\/uploads\/2025\/03\/LUIS-rostro-768x967.jpg 768w, https:\/\/www.sportchaco.com.ar\/wp-content\/uploads\/2025\/03\/LUIS-rostro.jpg 1216w\" sizes=\"auto, (max-width: 238px) 100vw, 238px\" \/><\/p>\n<div class=\"entry-content entry clearfix\">\n<p>&nbsp;<\/p>\n<p><strong>1935\u00a0<\/strong>\/ For Ever juega un amistoso en Corrientes por el 25\u00ba aniversario de Libertad, ganando 7 a 3. Los goles albinegros Gonz\u00e1lez (3), Lisazo (1), Pereyra, Gonz\u00e1lez y Limberti.<\/p>\n<p><strong>1979 \/\u00a0<\/strong>Cumple su primer mandato al frente del Hind\u00fa Club Alberto Domingo Perosio\u00a0(1922-2006). Desde j\u00f3ven fue deportista amateur practicando el deporte que amaba, el b\u00e1squetbol en su querido Roque Saenz Pe\u00f1a. La titularidad del club la ejerci\u00f3 entre el 1 de abril de 1969 y el\u00a030\u00a0de\u00a0marzo\u00a0de 1979. Luego lo fue tambi\u00e9n entre el 04-06-84 y 02-07-86 y finalmente entre el 12-08-88 y el 05-06-90. Defensor del deporte amateur, no escatim\u00f3 esfuerzos para desarrollar los m\u00e1s variados deportes. Distinguido por el \u201cC\u00edrculo de Periodistas Deportivos de Chaco\u201d el 7 de diciembre de 1994 en la fiesta anual del deporte provincial.<\/p>\n<p><strong>1986\u00a0<\/strong>\/ Fallece el dirigente deportivo Hilario Garc\u00eda Tapia, promotor de la actividad automovil\u00edstica, especialmente a trav\u00e9s del Club Uni\u00f3n de Machagai. Empresario de \u00e9xito apoyo todas las manifestaciones deportivas.<\/p>\n<p><strong>2008 \/<\/strong>\u00a0Santiago Moreno Kaenel logra el t\u00edtulo de Campe\u00f3n Argentino Sub 14 invicto, en la Falda C\u00f3rdoba.<\/p>\n<\/div>\n<p><strong>Foto portada de Alberto Perosio<\/strong><\/p>\n<\/article>\n<p><img loading=\"lazy\" decoding=\"async\" class=\"alignnone size-medium wp-image-17507 aligncenter\" src=\"https:\/\/www.sportchaco.com.ar\/wp-content\/uploads\/2025\/03\/200x200-1-300x300.gif\" alt=\"\" width=\"300\" height=\"300\" srcset=\"https:\/\/www.sportchaco.com.ar\/wp-content\/uploads\/2025\/03\/200x200-1-300x300.gif 300w, https:\/\/www.sportchaco.com.ar\/wp-content\/uploads\/2025\/03\/200x200-1-150x150.gif 150w, https:\/\/www.sportchaco.com.ar\/wp-content\/uploads\/2025\/03\/200x200-1-768x769.gif 768w\" sizes=\"auto, (max-width: 300px) 100vw, 300px\" \/><\/p>\n<\/div>\n<p>&nbsp;<\/p>\n<div class=\"main-content tie-col-md-8 tie-col-xs-12\" role=\"main\">\n<article id=\"the-post\" class=\"container-wrapper post-content tie-standard\">\n<div class=\"entry-content entry clearfix\">\n<h2>Efem\u00e9rides del 30 de marzo: \u00bfqu\u00e9 se conmemora?<\/h2>\n<p>&nbsp;<\/p>\n<ul>\n<li><b>1964 &#8211; TRACY CHAPMAN<\/b>. Nace en la ciudad de Cleveland (Ohio, EEUU) la cantante estadounidense Tracy Chapman, ganadora de cuatro premios Grammy. Entre sus canciones m\u00e1s populares se destacan Fast car, Subcity y Across the Lines.<\/li>\n<li><b>1793 &#8211; JUAN M. DE ROSAS<\/b>. Nace en Buenos Aires el militar y pol\u00edtico Juan Manuel de Rosas, dos veces gobernador de la provincia de Buenos Aires y caudillo de la Confederaci\u00f3n Argentina.<\/li>\n<li><b>1962 &#8211; STANLEY K. BURRELL<\/b>. Nace en la ciudad de Oakland (California, EEUU) el rapero estadounidense Stanley Kirk Burrell, m\u00e1s conocido por el nombre art\u00edstico MC Hammer, quien lleva vendidos m\u00e1s de 50 millones de discos. Su tema m\u00e1s conocido es U can&#8217;t touch this.<\/li>\n<li><b>1945 &#8211; ERIC CLAPTON<\/b>. Nace en la ciudad de Ripley (Surrey, Inglaterra) el m\u00fasico, cantante y compositor brit\u00e1nico de rock y blues Eric Clapton, uno de los mejores guitarristas de todos los tiempos. Clapton es miembro del Sal\u00f3n de la Fama del Rock and Roll por partida triple: como miembro de las bandas The Yardbirds y Cream y por su carrera como solista.<\/li>\n<li><b>1746 &#8211; FRANCISCO DE GOYA<\/b>. Nace en el pueblo de Fuendetodos (Zaragoza, Espa\u00f1a) el pintor espa\u00f1ol Francisco Jos\u00e9 de Goya y Lucientes, cuya obra se considera precursora de la pintura de vanguardia. Su obra abarca a m\u00e1s de 500 \u00f3leos, entre ellos el de la famosa Maja desnuda.<\/li>\n<li><b>1927 &#8211; ANT\u00c1RTIDA ARGENTINA<\/b>. Se establece la primera comunicaci\u00f3n telegr\u00e1fica entre la ciudad de Ushuaia, en Tierra del Fuego, y la base cient\u00edfica argentina de Orcadas, situada en la isla Laurie del archipi\u00e9lago de las Orcadas del Sur, en el continente ant\u00e1rtico.<\/li>\n<li><b>1915 &#8211; ARSENIO ERICO<\/b>. Nace en Asunci\u00f3n del Paraguay el delantero Arsenio Erico, considerado el mejor jugador paraguayo de todos los tiempos y m\u00e1ximo goleador hist\u00f3rico del f\u00fatbol argentino. Convirti\u00f3 295 goles con la camiseta de Independiente, en cuyo equipo debut\u00f3 en 1934, a la edad de 19 a\u00f1os, luego de su paso por Nacional de Paraguay.<\/li>\n<li><b>1998 &#8211; MARCELO R\u00cdOS<\/b>. El tenista chileno Marcelo R\u00edos alcanza el primer lugar en el ranking mundial de la Asociaci\u00f3n de Tenistas Profesionales (ATP), convirti\u00e9ndose en el primer latinoamericano en conseguir esa posici\u00f3n. Alcanz\u00f3 la final del Abierto de Australia en Sidney en 1998 y es el \u00fanico n\u00famero 1 sin alg\u00fan t\u00edtulo de Grand Slam.<\/li>\n<li><b>2025 &#8211; TRABAJADORAS DEL HOGAR<\/b>. Se celebra el D\u00eda Internacional de las Trabajadoras del Hogar con el fin de reivindicar y concientizar sobre los derechos de las mujeres que hacen trabajos dom\u00e9sticos. Fue instituido por el primer Congreso Internacional de Trabajadoras del Hogar, celebrado en Bogot\u00e1 en 1988.<\/li>\n<\/ul>\n<\/div>\n<\/article>\n<\/div>\n<\/div>\n<\/div>\n","protected":false},"excerpt":{"rendered":"<p>Esta es la Efem\u00e9rides del Deporte en el Chaco de un 30 de marzo del periodista Luis Dar\u00edo Molodezky. &nbsp; 1935\u00a0\/ For Ever juega un amistoso en Corrientes por el 25\u00ba aniversario de Libertad, ganando 7 a 3. Los goles albinegros Gonz\u00e1lez (3), Lisazo (1), Pereyra, Gonz\u00e1lez y Limberti. 1979 \/\u00a0Cumple su primer mandato al &hellip;<\/p>\n","protected":false},"author":2,"featured_media":17504,"comment_status":"open","ping_status":"open","sticky":false,"template":"","format":"standard","meta":{"footnotes":""},"categories":[45,33],"tags":[],"class_list":["post-17502","post","type-post","status-publish","format-standard","has-post-thumbnail","hentry","category-efemerides-dia-por-dia","category-marzo"],"_links":{"self":[{"href":"https:\/\/www.sportchaco.com.ar\/index.php?rest_route=\/wp\/v2\/posts\/17502","targetHints":{"allow":["GET"]}}],"collection":[{"href":"https:\/\/www.sportchaco.com.ar\/index.php?rest_route=\/wp\/v2\/posts"}],"about":[{"href":"https:\/\/www.sportchaco.com.ar\/index.php?rest_route=\/wp\/v2\/types\/post"}],"author":[{"embeddable":true,"href":"https:\/\/www.sportchaco.com.ar\/index.php?rest_route=\/wp\/v2\/users\/2"}],"replies":[{"embeddable":true,"href":"https:\/\/www.sportchaco.com.ar\/index.php?rest_route=%2Fwp%2Fv2%2Fcomments&post=17502"}],"version-history":[{"count":3,"href":"https:\/\/www.sportchaco.com.ar\/index.php?rest_route=\/wp\/v2\/posts\/17502\/revisions"}],"predecessor-version":[{"id":17533,"href":"https:\/\/www.sportchaco.com.ar\/index.php?rest_route=\/wp\/v2\/posts\/17502\/revisions\/17533"}],"wp:featuredmedia":[{"embeddable":true,"href":"https:\/\/www.sportchaco.com.ar\/index.php?rest_route=\/wp\/v2\/media\/17504"}],"wp:attachment":[{"href":"https:\/\/www.sportchaco.com.ar\/index.php?rest_route=%2Fwp%2Fv2%2Fmedia&parent=17502"}],"wp:term":[{"taxonomy":"category","embeddable":true,"href":"https:\/\/www.sportchaco.com.ar\/index.php?rest_route=%2Fwp%2Fv2%2Fcategories&post=17502"},{"taxonomy":"post_tag","embeddable":true,"href":"https:\/\/www.sportchaco.com.ar\/index.php?rest_route=%2Fwp%2Fv2%2Ftags&post=17502"}],"curies":[{"name":"wp","href":"https:\/\/api.w.org\/{rel}","templated":true}]}}