{"id":17570,"date":"2025-03-31T12:06:45","date_gmt":"2025-03-31T15:06:45","guid":{"rendered":"https:\/\/www.sportchaco.com.ar\/?p=17570"},"modified":"2025-03-31T12:36:58","modified_gmt":"2025-03-31T15:36:58","slug":"ajedrez-en-resistencia-leonardo-coriat-campeon-del-torneo-homenaje-a-rolando-canepa","status":"publish","type":"post","link":"https:\/\/www.sportchaco.com.ar\/?p=17570","title":{"rendered":"Ajedrez en Resistencia: Leonardo Coriat, Campe\u00f3n del Torneo \u201cHomenaje a Rolando C\u00e1nepa\u201d"},"content":{"rendered":"<p><strong>31-03-2025<\/strong><\/p>\n<p><img loading=\"lazy\" decoding=\"async\" class=\"aligncenter wp-image-9640 size-full\" src=\"https:\/\/www.sportchaco.com.ar\/wp-content\/uploads\/2024\/05\/gob-obras-marzo-apaisado.gif\" alt=\"\" width=\"940\" height=\"90\" \/><\/p>\n<p>El Club Progreso de Resistencia\u00a0 vibr\u00f3 el pasado s\u00e1bado 29 de<br \/>\nmarzo con la celebraci\u00f3n del Torneo Internacional de Ajedrez \u201cHomenaje a Rolando C\u00e1nepa\u201d, un evento que rindi\u00f3 tributo a la destacada trayectoria de este jugador, escritor y figura emblem\u00e1tica del club.<\/p>\n<p>La jornada no solo conmemor\u00f3 la memoria de\u00a0 C\u00e1nepa, sino que tambi\u00e9n coron\u00f3 a un nuevo campe\u00f3n: Leonardo Coriat, de Las<br \/>\nPalmas, quien se alz\u00f3 con el primer puesto en la categor\u00eda absoluta.<br \/>\nEl torneo en palabras del presidente del Club, Sr. Ra\u00fal Bittel, revivi\u00f3 un momento hist\u00f3rico para el ajedrez chaque\u00f1o: la visita de Bobby Fischer en 1971.<\/p>\n<p>Fischer, entonces aspirante al t\u00edtulo mundial, jug\u00f3 simult\u00e1neamente contra 20 ajedrecistas locales, logrando 19 victorias. Sin embargo, la legendaria partida de Rolando C\u00e1nepa contra Fischer, que culmin\u00f3 en tablas, qued\u00f3 grabada en la memoria colectiva como<br \/>\nun hito de la historia del ajedrez en Resistencia. Este logro excepcional de C\u00e1nepa subraya su maestr\u00eda y su lugar inigualable en la historia del Club Progreso.<\/p>\n<p><strong>Podio del Torneo<\/strong><br \/>\n<strong>Categor\u00eda Absoluta<\/strong><br \/>\n1. Leonardo Coriat (5.5\/6 puntos) \u2013 Las Palmas<br \/>\n2. Alejandro Gonz\u00e1lez (5\/6 puntos) \u2013 Barranqueras<br \/>\n3. Javier Sosa (4.5\/6 puntos) \u2013 Resistencia<br \/>\n<strong>Primeros Puestos por Categor\u00edas: &#8211; &#8211; &#8211;<\/strong><br \/>\nSub 10: Noah Zalazar \u2013 La Leonesa<br \/>\nSub 12: Mora Gael \u2013 Barranqueras<br \/>\nSub 14: Tarasewicz Lautaro \u2013 Resistencia-<\/p>\n<p>Es importante destacar la excepcional actuaci\u00f3n de Noah Zalazar, de tan solo 5 a\u00f1os, quien super\u00f3 a jugadores de categor\u00edas mayores, ubic\u00e1ndose incluso por delante de los Sub 14 y segundo en Sub 16. Este joven prodigio, alumno del Club Progreso, contin\u00faa sorprendiendo al mundo del ajedrez, ostentando el t\u00edtulo del jugador m\u00e1s joven en la historia del ajedrez chaque\u00f1o en ingresar al ranking internacional, a la temprana edad de 5 a\u00f1os y 7 meses.<\/p>\n<p>El torneo, fiscalizado por la Federaci\u00f3n Chaque\u00f1a de Ajedrez, cont\u00f3 con la participaci\u00f3n de numerosos jugadores. La organizaci\u00f3n agradece especialmente a los padres de los participantes, al profesor Javier Sosa, a la presencia del primer campe\u00f3n<br \/>\nargentino infantil Elias Nissim, quien observ\u00f3 y aconsej\u00f3 respecto a t\u00e9cnicas de juego a algunos participantes, y a Patricia C\u00e1nepa por sus inspiradoras palabras.<\/p>\n<p>El evento fue un \u00e9xito rotundo, honrando la memoria de Rolando C\u00e1nepa y celebrando el triunfo de Leonardo Coriat.<\/p>\n<p><img loading=\"lazy\" decoding=\"async\" class=\"aligncenter wp-image-17523 size-full\" src=\"https:\/\/www.sportchaco.com.ar\/wp-content\/uploads\/2025\/03\/PARQUE-SOLAR_200x200-01.gif\" alt=\"\" width=\"417\" height=\"417\" \/><\/p>\n","protected":false},"excerpt":{"rendered":"<p>31-03-2025 El Club Progreso de Resistencia\u00a0 vibr\u00f3 el pasado s\u00e1bado 29 de marzo con la celebraci\u00f3n del Torneo Internacional de Ajedrez \u201cHomenaje a Rolando C\u00e1nepa\u201d, un evento que rindi\u00f3 tributo a la destacada trayectoria de este jugador, escritor y figura emblem\u00e1tica del club. La jornada no solo conmemor\u00f3 la memoria de\u00a0 C\u00e1nepa, sino que tambi\u00e9n &hellip;<\/p>\n","protected":false},"author":2,"featured_media":17571,"comment_status":"open","ping_status":"open","sticky":false,"template":"","format":"standard","meta":{"footnotes":""},"categories":[64],"tags":[],"class_list":["post-17570","post","type-post","status-publish","format-standard","has-post-thumbnail","hentry","category-ajedrez"],"_links":{"self":[{"href":"https:\/\/www.sportchaco.com.ar\/index.php?rest_route=\/wp\/v2\/posts\/17570","targetHints":{"allow":["GET"]}}],"collection":[{"href":"https:\/\/www.sportchaco.com.ar\/index.php?rest_route=\/wp\/v2\/posts"}],"about":[{"href":"https:\/\/www.sportchaco.com.ar\/index.php?rest_route=\/wp\/v2\/types\/post"}],"author":[{"embeddable":true,"href":"https:\/\/www.sportchaco.com.ar\/index.php?rest_route=\/wp\/v2\/users\/2"}],"replies":[{"embeddable":true,"href":"https:\/\/www.sportchaco.com.ar\/index.php?rest_route=%2Fwp%2Fv2%2Fcomments&post=17570"}],"version-history":[{"count":3,"href":"https:\/\/www.sportchaco.com.ar\/index.php?rest_route=\/wp\/v2\/posts\/17570\/revisions"}],"predecessor-version":[{"id":17578,"href":"https:\/\/www.sportchaco.com.ar\/index.php?rest_route=\/wp\/v2\/posts\/17570\/revisions\/17578"}],"wp:featuredmedia":[{"embeddable":true,"href":"https:\/\/www.sportchaco.com.ar\/index.php?rest_route=\/wp\/v2\/media\/17571"}],"wp:attachment":[{"href":"https:\/\/www.sportchaco.com.ar\/index.php?rest_route=%2Fwp%2Fv2%2Fmedia&parent=17570"}],"wp:term":[{"taxonomy":"category","embeddable":true,"href":"https:\/\/www.sportchaco.com.ar\/index.php?rest_route=%2Fwp%2Fv2%2Fcategories&post=17570"},{"taxonomy":"post_tag","embeddable":true,"href":"https:\/\/www.sportchaco.com.ar\/index.php?rest_route=%2Fwp%2Fv2%2Ftags&post=17570"}],"curies":[{"name":"wp","href":"https:\/\/api.w.org\/{rel}","templated":true}]}}