{"id":17576,"date":"2025-03-31T23:00:47","date_gmt":"2025-04-01T02:00:47","guid":{"rendered":"https:\/\/www.sportchaco.com.ar\/?p=17576"},"modified":"2025-04-01T12:58:01","modified_gmt":"2025-04-01T15:58:01","slug":"efemerides-del-1-de-abril-2","status":"publish","type":"post","link":"https:\/\/www.sportchaco.com.ar\/?p=17576","title":{"rendered":"Efem\u00e9rides del 1 de abril"},"content":{"rendered":"<div class=\"container fullwidth-entry-title-wrapper\">\n<div class=\"container-wrapper fullwidth-entry-title\">\n<header class=\"entry-header-outer\">\n<div class=\"entry-header\">\n<h4 class=\"single-post-meta post-meta clearfix\"><strong>Esta es la Efem\u00e9rides del Deporte en el Chaco de un 1 de abril del periodista Luis Dar\u00edo Molodezky.<\/strong><\/h4>\n<div><\/div>\n<\/div>\n<\/header>\n<\/div>\n<\/div>\n<div id=\"content\" class=\"site-content container\">\n<div id=\"main-content-row\" class=\"tie-row main-content-row\">\n<div class=\"main-content tie-col-md-8 tie-col-xs-12\" role=\"main\">\n<article id=\"the-post\" class=\"container-wrapper post-content tie-standard\"><img loading=\"lazy\" decoding=\"async\" class=\"alignnone size-medium wp-image-17577\" src=\"https:\/\/www.sportchaco.com.ar\/wp-content\/uploads\/2025\/03\/Luis-2025-marzo-3-300x229.jpg\" alt=\"\" width=\"300\" height=\"229\" srcset=\"https:\/\/www.sportchaco.com.ar\/wp-content\/uploads\/2025\/03\/Luis-2025-marzo-3-300x229.jpg 300w, https:\/\/www.sportchaco.com.ar\/wp-content\/uploads\/2025\/03\/Luis-2025-marzo-3.jpg 715w\" sizes=\"auto, (max-width: 300px) 100vw, 300px\" \/><\/article>\n<article><\/article>\n<\/div>\n<p><strong>1980 <\/strong>\/ Se inicia la era\u00a0\u00a0de la televisi\u00f3n color en el Chaco. Canal 9 pone en el aire en el horario de 16 a 17 un espect\u00e1culo de patinaje sobre hielo.<\/p>\n<div class=\"main-content tie-col-md-8 tie-col-xs-12\" role=\"main\">\n<article id=\"the-post\" class=\"container-wrapper post-content tie-standard\">\n<div class=\"entry-content entry clearfix\">\n<p><strong>1995 \/<\/strong> Fallece V\u00edctor Miguel Valussi, chaque\u00f1o que jug\u00f3 en For Ever, Chacarita, Tigre y Boca Juniors, donde consigui\u00f3 cuatro t\u00edtulos (1935, 1940, 1943, 1944) donde jug\u00f3 257 partidos. Hab\u00eda nacido el 18 de mayo de 1912. Debut\u00f3 en la Selecci\u00f3n Argentina el 18 de febrero de 1940 ante Brasil (2-2), vistiendo la celeste y blanca 9 partidos. Falleci\u00f3 el\u00a01\u00a0de\u00a0abril\u00a0de 1995.<\/p>\n<p><strong>2006\u00a0<\/strong>\/ La nadadora del Club de Regatas Resistencia, Mariela Noguera, se queda con el t\u00edtulo de campeona de aguas abiertas en la categor\u00eda juveniles B Promocional tras llegar segunda en la tradicional prueba entre Regatas Corrientes y el Puerto de Barranqueras.<\/p>\n<\/div>\n<h2>Efem\u00e9rides del 1 de abril: qu\u00e9 se conmemora hoy<\/h2>\n<p>&nbsp;<\/p>\n<ul>\n<li><b>1801 &#8211; TEL\u00c9GRAFO MERCANTIL<\/b>. Aparece en Buenos Aires el primer n\u00famero del peri\u00f3dico Tel\u00e9grafo Mercantil, fundado por Francisco Cabello y Mesa a instancias del abogado Manuel Belgrano, por entonces secretario del Consulado de Comercio del Virreinato del R\u00edo de La Plata.<\/li>\n<li><b>1908 &#8211; SAN LORENZO<\/b>. El sacerdote Lorenzo Massa funda el club San Lorenzo en el barrio porte\u00f1o de Almagro, uno de los llamados \u201ccinco grandes del f\u00fatbol argentino\u201d. El \u201cCicl\u00f3n\u201d lleva ganados 15 campeonatos locales y tres copas internacionales: la Mercosur 2001, Sudamericana de 2002 y la Libertadores de Am\u00e9rica de 2014.<\/li>\n<li><b>1928 &#8211; SELECCI\u00d3N ARGENTINA<\/b>. En el estadio Luminar de Lisboa, la selecci\u00f3n argentina se enfrenta a la de Portugal, con la que empat\u00f3 0-0 en lo que fue el primer partido del equipo \u201calbiceleste\u201d en territorio europeo.<\/li>\n<li><b>1948 &#8211; JIMMY CLIFF<\/b>. Nace en el municipio de Saint James (Jamaica) el m\u00fasico jamaiquino de reggae Jimmy Cliff (James Chambers), autor de temas como You can get it if you really want, Sitting&#8217; in Limbo y Samba reggae.<\/li>\n<li><b>1960 &#8211; MARCELO TINELLI<\/b>. Nace en la ciudad bonaerense de Bol\u00edvar el periodista, conductor y empresario Marcelo Tinelli, quien gan\u00f3 popularidad con el programa Videomatch en la d\u00e9cada de 1990. Es el presidente de San Lorenzo de Almagro y de la Liga Profesional de F\u00fatbol.<\/li>\n<li><b>1967 &#8211; GUSTAVO N\u00c1POLI<\/b>. Nace en el barrio porte\u00f1o de Mataderos, el m\u00fasico Gustavo N\u00e1poli, guitarrista, cantante y l\u00edder de la banda de hard rock La Renga. Es considerado uno de los diez mejores guitarristas argentinos<\/li>\n<li><b>1976 &#8211; MISS BOLIVIA<\/b>. Nace en Buenos Aires la cantante Miss Bolivia (Mar\u00eda Paz Ferreyra), quien ha ganado popularidad por sus temas de contenido social en los que fusiona g\u00e9neros musicales como la cumbia, hip hop, dance y reggae.<\/li>\n<li><b>1976 &#8211; APPLE COMPUTER<\/b>. Los j\u00f3venes emprendedores Steve Jobs, Steve Wozniak y Ronald Wayne crean el gigante inform\u00e1tico Apple Computer Company, que revolucion\u00f3 el uso de las computadoras al llevarlas desde los centros de c\u00f3mputo al \u00e1mbito personal y hogare\u00f1o. Es adem\u00e1s uno de los mayores fabricantes de tel\u00e9fonos m\u00f3viles del mundo.<\/li>\n<li><b>2002 &#8211; PA\u00cdSES BAJOS<\/b>. Entra en vigencia la ley de Eutanasia en los Pa\u00edses Bajos, la primera naci\u00f3n europea en legislar sobre la intervenci\u00f3n m\u00e9dica deliberada para poner fin a la vida de una persona enferma que sufre sin perspectiva de cura, aunque esa pr\u00e1ctica se realizaba en territorio neerland\u00e9s desde 1993.<\/li>\n<li><b>2024 &#8211; M\u00c9DULA \u00d3SEA<\/b>. Se celebra el D\u00eda del Donante de M\u00e9dula \u00d3sea con motivo de la creaci\u00f3n en 2003 del registro nacional de c\u00e9lulas progenitoras hematopoy\u00e9ticas (CPH) en el Instituto Nacional Central \u00danico Coordinador de Ablaci\u00f3n e Implante (INCUCAI).<\/li>\n<\/ul>\n<\/article>\n<\/div>\n<\/div>\n<\/div>\n","protected":false},"excerpt":{"rendered":"<p>Esta es la Efem\u00e9rides del Deporte en el Chaco de un 1 de abril del periodista Luis Dar\u00edo Molodezky. 1980 \/ Se inicia la era\u00a0\u00a0de la televisi\u00f3n color en el Chaco. Canal 9 pone en el aire en el horario de 16 a 17 un espect\u00e1culo de patinaje sobre hielo. 1995 \/ Fallece V\u00edctor Miguel &hellip;<\/p>\n","protected":false},"author":2,"featured_media":17579,"comment_status":"open","ping_status":"open","sticky":false,"template":"","format":"standard","meta":{"footnotes":""},"categories":[34,45],"tags":[],"class_list":["post-17576","post","type-post","status-publish","format-standard","has-post-thumbnail","hentry","category-abril","category-efemerides-dia-por-dia"],"_links":{"self":[{"href":"https:\/\/www.sportchaco.com.ar\/index.php?rest_route=\/wp\/v2\/posts\/17576","targetHints":{"allow":["GET"]}}],"collection":[{"href":"https:\/\/www.sportchaco.com.ar\/index.php?rest_route=\/wp\/v2\/posts"}],"about":[{"href":"https:\/\/www.sportchaco.com.ar\/index.php?rest_route=\/wp\/v2\/types\/post"}],"author":[{"embeddable":true,"href":"https:\/\/www.sportchaco.com.ar\/index.php?rest_route=\/wp\/v2\/users\/2"}],"replies":[{"embeddable":true,"href":"https:\/\/www.sportchaco.com.ar\/index.php?rest_route=%2Fwp%2Fv2%2Fcomments&post=17576"}],"version-history":[{"count":5,"href":"https:\/\/www.sportchaco.com.ar\/index.php?rest_route=\/wp\/v2\/posts\/17576\/revisions"}],"predecessor-version":[{"id":17623,"href":"https:\/\/www.sportchaco.com.ar\/index.php?rest_route=\/wp\/v2\/posts\/17576\/revisions\/17623"}],"wp:featuredmedia":[{"embeddable":true,"href":"https:\/\/www.sportchaco.com.ar\/index.php?rest_route=\/wp\/v2\/media\/17579"}],"wp:attachment":[{"href":"https:\/\/www.sportchaco.com.ar\/index.php?rest_route=%2Fwp%2Fv2%2Fmedia&parent=17576"}],"wp:term":[{"taxonomy":"category","embeddable":true,"href":"https:\/\/www.sportchaco.com.ar\/index.php?rest_route=%2Fwp%2Fv2%2Fcategories&post=17576"},{"taxonomy":"post_tag","embeddable":true,"href":"https:\/\/www.sportchaco.com.ar\/index.php?rest_route=%2Fwp%2Fv2%2Ftags&post=17576"}],"curies":[{"name":"wp","href":"https:\/\/api.w.org\/{rel}","templated":true}]}}