{"id":17601,"date":"2025-04-01T23:00:36","date_gmt":"2025-04-02T02:00:36","guid":{"rendered":"https:\/\/www.sportchaco.com.ar\/?p=17601"},"modified":"2025-04-01T23:50:27","modified_gmt":"2025-04-02T02:50:27","slug":"efemerides-del-2-de-abril","status":"publish","type":"post","link":"https:\/\/www.sportchaco.com.ar\/?p=17601","title":{"rendered":"Efem\u00e9rides del 2 de abril"},"content":{"rendered":"<h4><\/h4>\n<h4>Esta es la Efem\u00e9rides del Deporte en el Chaco del 2 de abril, del libro \u00ab100 a\u00f1os de deportes en el Chaco\u00bb del periodista Luis Dar\u00edo Molodezky.<\/h4>\n<p>&nbsp;<\/p>\n<p>&nbsp;<\/p>\n<p><img loading=\"lazy\" decoding=\"async\" class=\"alignnone size-medium wp-image-17577\" src=\"https:\/\/www.sportchaco.com.ar\/wp-content\/uploads\/2025\/03\/Luis-2025-marzo-3-300x229.jpg\" alt=\"\" width=\"300\" height=\"229\" srcset=\"https:\/\/www.sportchaco.com.ar\/wp-content\/uploads\/2025\/03\/Luis-2025-marzo-3-300x229.jpg 300w, https:\/\/www.sportchaco.com.ar\/wp-content\/uploads\/2025\/03\/Luis-2025-marzo-3.jpg 715w\" sizes=\"auto, (max-width: 300px) 100vw, 300px\" \/><\/p>\n<p>&nbsp;<\/p>\n<p><strong>2010 \/<\/strong> Nace en Monte Quemado, Santiago del Estero, el poeta y dibujante Jorge Nicanor Pascual, quien era adem\u00e1s trabajador del Archivo Hist\u00f3rico. Radicado en el Chaco con su familia en 1958, tuvo un reconocimiento generalizado en 1983 con su poema \u201cAnda el negro Pav\u00f3n, todav\u00eda anda\u201d dedicado a un sobrino muerto en la guerra por las Islas Malvinas, alcanz\u00f3 particular repercusi\u00f3n con la m\u00fasica y la voz de Zitto Segovia. Del tema se lleg\u00f3 a decir \u201ces el himno virtual de los ex combatientes chaque\u00f1os de Malvinas\u201d. Volver\u00eda a repetirse este fen\u00f3meno en 1995 al participar en el Concurso Provincial de Letras para el Himno del Chaco, organizado por el gobierno provincial de ese per\u00edodo, y merecer el premio \u00fanico, por decisi\u00f3n un\u00e1nime de un jurado presidido por el ilustre poeta Aledo Luis Meloni. Pascual durante a\u00f1os brindando reportajes, notas diversas y dibujos en el prestigioso diario NORTE y cosech\u00f3 numerosas distinciones en cuento y poes\u00eda, a niveles provincial, regional, nacional e internacional. En deportes de caricaturas de destacados protagonistas de la \u00e9poca. Falleci\u00f3 el 11 de septiembre de 2010.<\/p>\n<p><strong>\u00a0<\/strong><\/p>\n<p><strong>\u00a0<\/strong><\/p>\n<p><strong>1983 <\/strong>\/ Mientras se disputa el partido For Ever 1 &#8211; Regional 0 en Villa Libertad, es agredido por la parcialidad local, el fot\u00f3grafo Roberto Beignier quien recibi\u00f3 un piedrazo en el rostro, que le provoc\u00f3 la p\u00e9rdida de 7 piezas dentarias y suturas en labio superior e inferior. Los hinchas exacerbados con el \u00e1rbitro Canteros, atacaron indiscriminadamente donde hab\u00eda aficionados e incluso a sus propios jugadores.<\/p>\n<p>&nbsp;<\/p>\n<p><strong>1984 <\/strong>\/ Se presenta en Resistencia el Seleccionado Argentino de B\u00e1squetbol, venciendo al combinado chaque\u00f1o por 127 a 89 (65 a 33) en partido preparatorio del conjunto nacional para el Preol\u00edmpico de Brasil. Se jug\u00f3 en cancha de Regatas y dirigieron los hermanos Hugo Ram\u00f3n y Miguel \u00c1ngel G\u00f3mez. Por Chaco jugaron Ra\u00fal Castro, Eduardo Pa\u00edz, Marcelo Andreatta, Ricardo Siri, Jos\u00e9 Lestani, Andrew Colter, Carlos Rodighiero, Eduardo Colombo y Marcus Adams. DT: Alejandro Pirota. En el combinado nacional jug\u00f3 Gabriel Milovich.<\/p>\n","protected":false},"excerpt":{"rendered":"<p>Esta es la Efem\u00e9rides del Deporte en el Chaco del 2 de abril, del libro \u00ab100 a\u00f1os de deportes en el Chaco\u00bb del periodista Luis Dar\u00edo Molodezky. &nbsp; &nbsp; &nbsp; 2010 \/ Nace en Monte Quemado, Santiago del Estero, el poeta y dibujante Jorge Nicanor Pascual, quien era adem\u00e1s trabajador del Archivo Hist\u00f3rico. Radicado en &hellip;<\/p>\n","protected":false},"author":2,"featured_media":17603,"comment_status":"open","ping_status":"open","sticky":false,"template":"","format":"standard","meta":{"footnotes":""},"categories":[34,45],"tags":[],"class_list":["post-17601","post","type-post","status-publish","format-standard","has-post-thumbnail","hentry","category-abril","category-efemerides-dia-por-dia"],"_links":{"self":[{"href":"https:\/\/www.sportchaco.com.ar\/index.php?rest_route=\/wp\/v2\/posts\/17601","targetHints":{"allow":["GET"]}}],"collection":[{"href":"https:\/\/www.sportchaco.com.ar\/index.php?rest_route=\/wp\/v2\/posts"}],"about":[{"href":"https:\/\/www.sportchaco.com.ar\/index.php?rest_route=\/wp\/v2\/types\/post"}],"author":[{"embeddable":true,"href":"https:\/\/www.sportchaco.com.ar\/index.php?rest_route=\/wp\/v2\/users\/2"}],"replies":[{"embeddable":true,"href":"https:\/\/www.sportchaco.com.ar\/index.php?rest_route=%2Fwp%2Fv2%2Fcomments&post=17601"}],"version-history":[{"count":1,"href":"https:\/\/www.sportchaco.com.ar\/index.php?rest_route=\/wp\/v2\/posts\/17601\/revisions"}],"predecessor-version":[{"id":17604,"href":"https:\/\/www.sportchaco.com.ar\/index.php?rest_route=\/wp\/v2\/posts\/17601\/revisions\/17604"}],"wp:featuredmedia":[{"embeddable":true,"href":"https:\/\/www.sportchaco.com.ar\/index.php?rest_route=\/wp\/v2\/media\/17603"}],"wp:attachment":[{"href":"https:\/\/www.sportchaco.com.ar\/index.php?rest_route=%2Fwp%2Fv2%2Fmedia&parent=17601"}],"wp:term":[{"taxonomy":"category","embeddable":true,"href":"https:\/\/www.sportchaco.com.ar\/index.php?rest_route=%2Fwp%2Fv2%2Fcategories&post=17601"},{"taxonomy":"post_tag","embeddable":true,"href":"https:\/\/www.sportchaco.com.ar\/index.php?rest_route=%2Fwp%2Fv2%2Ftags&post=17601"}],"curies":[{"name":"wp","href":"https:\/\/api.w.org\/{rel}","templated":true}]}}