{"id":17617,"date":"2025-04-01T12:41:02","date_gmt":"2025-04-01T15:41:02","guid":{"rendered":"https:\/\/www.sportchaco.com.ar\/?p=17617"},"modified":"2025-04-01T12:41:02","modified_gmt":"2025-04-01T15:41:02","slug":"el-dakar-hizo-historia-en-el-chaco-en-enero-del-2017","status":"publish","type":"post","link":"https:\/\/www.sportchaco.com.ar\/?p=17617","title":{"rendered":"El Dakar hizo historia en el Chaco en enero del 2017"},"content":{"rendered":"<header>\n<div>\n<h1><\/h1>\n<div>\n<p><strong>El Rally Dakar 2017 pas\u00f3 por m\u00e1s de 20 localidades de la provincia, donde se instalaron puestos de espectadores para que todos los chaque\u00f1os puedan disfrutar del evento. La competencia recorri\u00f3 Puerto Tirol, Colonia Popular, Laguana Blanca, Lapachito, La verde, La Escondida, Presidencia de la Plaza, Machagai, Quitilipi, S\u00e1enz Pe\u00f1a, Napenay, AviaTerai, Concepci\u00f3n del Bermejo, Pampa del Infierno, Los Frentones, entre otras. Eso ocurri\u00f3 en los primeros d\u00edas de 2017. Informe Diario Norte<\/strong><\/p>\n<\/div>\n<div class=\"meta\"><time>5 de Enero, 2017<\/time><\/div>\n<\/div>\n<\/header>\n<section class=\"body\">\n<section class=\"content\">\n<div class=\"main-text\">\n<div class=\"social\">\n<div class=\"share\"><\/div>\n<\/div>\n<p>En cada una de las localidades, la gente comenz\u00f3 a concentrarse desde horas tempranas para disfrutar el paso de los veh\u00edculos. Cada una de las localidades organiz\u00f3 zonas de espectadores en conjunto con la Polic\u00eda Caminera y adem\u00e1s feria de emprendedores para mostrar y comercializar las producciones locales.<\/p>\n<div class=\"center large m_image\">\n<figure><picture><source srcset=\"https:\/\/www.diarionorte.com\/content\/bucket\/7\/150307w790h710c.jpg.webp\" type=\"image\/webp\" media=\"(min-width: 640px)\" \/><source srcset=\"https:\/\/www.diarionorte.com\/content\/bucket\/7\/150307w440h396c.jpg.webp\" type=\"image\/webp\" media=\"(min-width: 300px)\" \/><source srcset=\"https:\/\/www.diarionorte.com\/content\/bucket\/7\/150307w790h710c.jpg\" media=\"(min-width: 300px)\" \/><img loading=\"lazy\" decoding=\"async\" class=\"pic\" src=\"https:\/\/www.diarionorte.com\/content\/bucket\/7\/150307w790h710c.jpg.webp\" alt=\"\" width=\"790\" height=\"710\" \/><\/picture><\/figure>\n<\/div>\n<p>Ariel Bottini, vicepresidente de Turismo de la provincia del Chaco, ponder\u00f3 el accionar conjunto de todos los estamentos del estado provincial que trabajaron mancomunadamente para que este evento se desarrolle con total normalidad en su paso por la provincia.<\/p>\n<div class=\"146989-images-embed gallery slick-initialized slick-slider\" data-role=\"m_gallery\"><button class=\"slick-prev slick-arrow\" type=\"button\" aria-label=\"Previous\">Previous<\/button><\/p>\n<div class=\"slick-list draggable\">\n<div class=\"slick-track\">\n<div class=\"image slick-slide slick-current slick-active\" tabindex=\"0\" data-slick-index=\"0\" aria-hidden=\"false\">\n<figure><img decoding=\"async\" src=\"https:\/\/www.diarionorte.com\/content\/bucket\/6\/150306w790h720.jpg.webp\" alt=\"finde2.jpg\" \/><\/figure>\n<\/div>\n<div class=\"image slick-slide\" tabindex=\"-1\" data-slick-index=\"1\" aria-hidden=\"true\">\n<figure><img decoding=\"async\" src=\"https:\/\/www.diarionorte.com\/content\/bucket\/9\/150309w790h720.jpg.webp\" alt=\"finde3.jpg\" \/><\/figure>\n<\/div>\n<\/div>\n<\/div>\n<p><button class=\"slick-next slick-arrow\" type=\"button\" aria-label=\"Next\">Next<\/button><\/div>\n<p>\u201cTurismo, Cultura, Loter\u00eda Chaque\u00f1a, Salud y Polic\u00eda del Chaco hicieron un excelente trabajo para garantizar la seguridad de las personas en todo el tramo chaque\u00f1o que recorre este Dakar 2017\u201d, se\u00f1al\u00f3 Bottini, quien estuvo presente en casi todas las localidades por donde pasaron los veh\u00edculos, trabajando junto con los intendentes.<\/p>\n<p>H\u00e9ctor Pallares, intendente de AviaTerai, manifest\u00f3 su orgullo por poder ser parte del evento ya que lo consider\u00f3 como un hecho hist\u00f3rico para la provincia. Celebr\u00f3 la cantidad de gente que se acerc\u00f3 a ver a los competidores pasar, \u201ca pesar del calor y viento norte\u201d. Por su parte, el de Lapachito, Juan Mosqueda, destac\u00f3 el impacto tur\u00edstico que representa para las localidades chaque\u00f1as generando, de esta manera, nuevas oportunidades de crecimiento y desarrollo. \u201cEl Gobierno Provincial apuesta a generar un impacto tur\u00edstico mostrando el Chaco al mundo\u201d, concluy\u00f3. Carlos Andion, intendente de Pampa del Infierno, indic\u00f3 que el Dakar es un sue\u00f1o cumplido para todos los habitantes de la localidad. \u201cPoder sentir el rugir de los motores y palpar en carne propia lo que es esta categor\u00eda es un sue\u00f1o cumplido\u201d, destac\u00f3.<\/p>\n<p>Asimismo cont\u00f3 que el evento tuvo un acompa\u00f1amiento total en la localidad, con gente ubicada a lo largo de 1500 metros esperando por el paso de los autos. \u201cJam\u00e1s pens\u00e9 que iba a tener la posibilidad de ver algo tan trascendente pasando por la localidad como lo es el Dakar y es por eso que agradezco profundamente tanto al gobernador como a todos los ministros y personas que se pusieron este proyecto al hombro\u201d, cerr\u00f3.<\/p>\n<p><strong>Apoyo a los pilotos chaque\u00f1os<\/strong><\/p>\n<div class=\"center large m_image\">\n<figure><picture><source srcset=\"https:\/\/www.diarionorte.com\/content\/bucket\/0\/150310w790h423c.jpg.webp\" type=\"image\/webp\" media=\"(min-width: 640px)\" \/><source srcset=\"https:\/\/www.diarionorte.com\/content\/bucket\/0\/150310w440h236c.jpg.webp\" type=\"image\/webp\" media=\"(min-width: 300px)\" \/><source srcset=\"https:\/\/www.diarionorte.com\/content\/bucket\/0\/150310w790h423c.jpg\" media=\"(min-width: 300px)\" \/><img loading=\"lazy\" decoding=\"async\" class=\"pic\" src=\"https:\/\/www.diarionorte.com\/content\/bucket\/0\/150310w790h423c.jpg.webp\" alt=\"\" width=\"790\" height=\"423\" \/><\/picture><\/figure>\n<\/div>\n<p>Bottini se vio gratamente sorprendido por la cantidad de gente que sali\u00f3 a las rutas a apoyar a los pilotos chaque\u00f1os que participan del evento, Carlos Verza, Juan Manuel Silva y Carlos Salom. \u201cMe alegr\u00f3 ver que todo el trabajo que se realiz\u00f3 desde el gobierno provincial en materia de turismo, se tradujo en un evento que lo pudieron disfrutar miles de coprovincianos\u201d.<\/p>\n<p><strong>El pato, muy agradecido<\/strong><\/p>\n<p>Juan Manuel Silva destac\u00f3 la organizaci\u00f3n del Dakar en Chaco, que involucr\u00f3 a distintas \u00e1reas del Gobierno Provincial, a intendentes de varias localidades, a las fuerzas de Seguridad, entre otros. \u201cHay mucha gente que trabaj\u00f3 en una \u00e9poca agobiante y le puso el coraz\u00f3n para que hoy los chaque\u00f1os puedan tener la carrera m\u00e1s importante del mundo\u201d, precis\u00f3.<\/p>\n<p>Manifest\u00f3 adem\u00e1s la emoci\u00f3n de ver realizada esta competencia en su Chaco natal. \u201cMe llena de orgullo como chaque\u00f1o que esta carrera est\u00e9 hoy aqu\u00ed, en mi casa\u201d, afirm\u00f3.<\/p>\n<p>El corredor chaque\u00f1o Carlos Verza se mostr\u00f3 sorprendido por el apoyo popular hacia la competencia, nunca antes realizada en esta provincia. \u201cPor ser la primera vez, me sorprendi\u00f3 el acompa\u00f1amiento de la gente\u201d, se\u00f1al\u00f3. Adem\u00e1s, asegur\u00f3 que tratar\u00e1 de hacer \u201cun buen Dakar\u201d: \u201cEs una competencia dif\u00edcil que se hace d\u00eda a d\u00eda\u201d, se\u00f1al\u00f3.<\/p>\n<div class=\"146989-images-embed gallery slick-initialized slick-slider\" data-role=\"m_gallery\"><button class=\"slick-prev slick-arrow\" type=\"button\" aria-label=\"Previous\">Previous<\/button><\/p>\n<div class=\"slick-list draggable\">\n<div class=\"slick-track\">\n<div class=\"image slick-slide slick-current slick-active\" tabindex=\"0\" data-slick-index=\"0\" aria-hidden=\"false\">\n<figure><img decoding=\"async\" src=\"https:\/\/www.diarionorte.com\/content\/bucket\/5\/150305h720.jpg.webp\" alt=\"finde4.jpg\" \/><figcaption>El intendente del Pampa del Infierno, Carlos Andi\u00f3n y el vicepresidente de Turismo del Chaco, Ariel Bottini posan junto a la espa\u00f1ola Laia Sanz.<\/figcaption><\/figure>\n<\/div>\n<div class=\"image slick-slide\" tabindex=\"-1\" data-slick-index=\"1\" aria-hidden=\"true\">\n<figure><img decoding=\"async\" src=\"https:\/\/www.diarionorte.com\/content\/bucket\/8\/150308h720.jpg.webp\" alt=\"finde5.jpg\" \/><figcaption>Andi\u00f3n y Bottini con el espa\u00f1ol Juan Pedrero Garc\u00eda.<\/figcaption><\/figure>\n<\/div>\n<div class=\"image slick-slide\" tabindex=\"-1\" data-slick-index=\"2\" aria-hidden=\"true\">\n<figure><img decoding=\"async\" src=\"https:\/\/www.diarionorte.com\/content\/bucket\/4\/150304w790h720.jpg.webp\" alt=\"finde6.jpg\" \/><figcaption>El piloto chaque\u00f1o Carlos Verza junto al presidente del Concejo municipal de Pampa del Infierno, Mauro Andi\u00f3n y el vicepresidente de Turismo, Ariel Bottini.<\/figcaption><\/figure>\n<\/div>\n<\/div>\n<\/div>\n<p><button class=\"slick-next slick-arrow\" type=\"button\" aria-label=\"Next\">Next<\/button><\/div>\n<p><strong>Al borde de la lipotimia<\/strong><\/p>\n<p>Tras participar en cinco ediciones del Dakar en motos, el franc\u00e9s Bruno Da Costa afronta el Dakar 2017 al volante de un Quaddy Yamaha 700 Raptor. Incluso con dos ruedas m\u00e1s, la aventura sudamericana es todo menos un ba\u00f1o de salud&#8230;<\/p>\n<p>\u201cHe competido en 5 Dakares en la categor\u00eda de motos, pero esta ha sido la etapa m\u00e1s dif\u00edcil de cuantas he vivido debido al calor.\u201d A su llegada al hip\u00f3dromo de San Miguel de Tucum\u00e1n, Bruno Da Costa busca un poco de sombra para quitarse el casco. Por desgracia, escasea. El sol de justicia que asola la regi\u00f3n de Santiago del Estero ha disparado el mercurio hasta los cincuenta grados. \u201cHe estado al borde de la lipotimia\u201d, confiesa el piloto del Quad Yamaha n\u00fam.262. \u201cY eso que he bebido unos diez litros de agua desde la ma\u00f1ana\u201d.<\/p>\n<p>En su primer Dakar sobre cuatro ruedas, Bruno no esperaba sufrir tanto a estas alturas de la carrera. \u201cHe redescubierto el pilotaje\u201d, explica el piloto. \u201cEl placer es muy distinto al de la moto, pero contrariamente a lo que piensan algunos, no es m\u00e1s f\u00e1cil. En algunas cosas ganamos pero en otras perdemos\u2026 Las trayectorias son menos precisas y hay que aceptar que el volante es menos gobernable.\u201d Da Costa, cuyo objetivo es terminar el rally en un puesto meritorio, se muestra impaciente por tomar altura en Bolivia. \u201cHar\u00e1 menos calor y el cuerpo sufrir\u00e1 menos\u00bb.<\/p>\n<\/div>\n<\/section>\n<\/section>\n","protected":false},"excerpt":{"rendered":"<p>El Rally Dakar 2017 pas\u00f3 por m\u00e1s de 20 localidades de la provincia, donde se instalaron puestos de espectadores para que todos los chaque\u00f1os puedan disfrutar del evento. La competencia recorri\u00f3 Puerto Tirol, Colonia Popular, Laguana Blanca, Lapachito, La verde, La Escondida, Presidencia de la Plaza, Machagai, Quitilipi, S\u00e1enz Pe\u00f1a, Napenay, AviaTerai, Concepci\u00f3n del Bermejo, &hellip;<\/p>\n","protected":false},"author":2,"featured_media":17618,"comment_status":"open","ping_status":"open","sticky":false,"template":"","format":"standard","meta":{"footnotes":""},"categories":[1],"tags":[],"class_list":["post-17617","post","type-post","status-publish","format-standard","has-post-thumbnail","hentry","category-fotos-del-recuerdo"],"_links":{"self":[{"href":"https:\/\/www.sportchaco.com.ar\/index.php?rest_route=\/wp\/v2\/posts\/17617","targetHints":{"allow":["GET"]}}],"collection":[{"href":"https:\/\/www.sportchaco.com.ar\/index.php?rest_route=\/wp\/v2\/posts"}],"about":[{"href":"https:\/\/www.sportchaco.com.ar\/index.php?rest_route=\/wp\/v2\/types\/post"}],"author":[{"embeddable":true,"href":"https:\/\/www.sportchaco.com.ar\/index.php?rest_route=\/wp\/v2\/users\/2"}],"replies":[{"embeddable":true,"href":"https:\/\/www.sportchaco.com.ar\/index.php?rest_route=%2Fwp%2Fv2%2Fcomments&post=17617"}],"version-history":[{"count":1,"href":"https:\/\/www.sportchaco.com.ar\/index.php?rest_route=\/wp\/v2\/posts\/17617\/revisions"}],"predecessor-version":[{"id":17619,"href":"https:\/\/www.sportchaco.com.ar\/index.php?rest_route=\/wp\/v2\/posts\/17617\/revisions\/17619"}],"wp:featuredmedia":[{"embeddable":true,"href":"https:\/\/www.sportchaco.com.ar\/index.php?rest_route=\/wp\/v2\/media\/17618"}],"wp:attachment":[{"href":"https:\/\/www.sportchaco.com.ar\/index.php?rest_route=%2Fwp%2Fv2%2Fmedia&parent=17617"}],"wp:term":[{"taxonomy":"category","embeddable":true,"href":"https:\/\/www.sportchaco.com.ar\/index.php?rest_route=%2Fwp%2Fv2%2Fcategories&post=17617"},{"taxonomy":"post_tag","embeddable":true,"href":"https:\/\/www.sportchaco.com.ar\/index.php?rest_route=%2Fwp%2Fv2%2Ftags&post=17617"}],"curies":[{"name":"wp","href":"https:\/\/api.w.org\/{rel}","templated":true}]}}