{"id":17672,"date":"2025-04-02T12:19:39","date_gmt":"2025-04-02T15:19:39","guid":{"rendered":"https:\/\/www.sportchaco.com.ar\/?p=17672"},"modified":"2025-04-02T13:13:31","modified_gmt":"2025-04-02T16:13:31","slug":"ramiro-vaca-golazo-en-la-copa-libertadores-que-puede-aspirar-al-premio-puskas","status":"publish","type":"post","link":"https:\/\/www.sportchaco.com.ar\/?p=17672","title":{"rendered":"Ramiro Vaca,  golazo en la Copa Libertadores que puede aspirar al Premio Puskas"},"content":{"rendered":"<div class=\"lay --apertura\">\n<div class=\"row\">\n<div class=\"col-12\">\n<h1 class=\"com-title --font-primary --sixxl --font-extra\"><\/h1>\n<\/div>\n<\/div>\n<\/div>\n<div class=\"lay-sidebar\">\n<div class=\"sidebar__main\">\n<div class=\"row\">\n<div class=\"col-12 \">\n<h2 class=\"com-subhead --bajada --m-xs-\">El boliviano Ramiro Vaca, con un acrob\u00e1tico salto, anot\u00f3 de tijera para Bol\u00edvar en la derrota frente a Cerro Porte\u00f1o, en Asunci\u00f3n, por el Grupo G<\/h2>\n<div>\n<section class=\"mod-opening\">\n<div class=\"content-media\">\n<section id=\"J6YFENNHSBFV7CZP7EAUWMBW7M\" class=\"mod-media \" role=\"button\">\n<figure class=\"mod-figure --horizontal\" role=\"button\">\n<div class=\"placeholder \">\n<div class=\"com-image\"><\/div>\n<\/div><figcaption class=\"mod-figcaption\"><strong><span class=\"com-text --caption --twoxs\">Foto portada: La espectacular tijera o media chilena del boliviano Ramiro Vaca, de Bol\u00edvar, ante Cerro Porte\u00f1o, en la apertura de la fase de grupos de la Copa Libertadores<\/span><span class=\"com-text --credit --twoxs\">DANIEL DUARTE &#8211; AFP<\/span><\/strong><\/figcaption><\/figure>\n<\/section>\n<\/div>\n<\/section>\n<\/div>\n<\/div>\n<\/div>\n<section class=\"cuerpo__nota\">\n<div class=\"row\">\n<div class=\"col-12 col-desksm-1\">\n<div class=\"mod-share-container py-12 mb-16 mb-0_l border border-bottom border-thin border-neutral-light-100 border-0_l --no-app sticky float-l_l z-101 transition transition-all transition-duration-250 top-73_min1024\"><\/div>\n<\/div>\n<div class=\"col-deskxl-10 offset-deskxl-1 col-desksm-11\">\n<div class=\"row\">\n<div class=\"col-12\">\n<p class=\"com-paragraph --capital --s\">La apertura de la fase de grupos de la\u00a0<strong>Copa Libertadores<\/strong>\u00a0no dej\u00f3 un resultado positivo para\u00a0<strong>Bol\u00edvar<\/strong>. Por el Grupo G, el conjunto boliviano perdi\u00f3 por 4-2 frente a\u00a0<strong>Cerro Porte\u00f1o<\/strong>, en el estadio La Nueva Olla de Asunci\u00f3n. Sin embargo, el equipo celeste regres\u00f3 a la ciudad de La Paz con una suerte de aliciente: la actuaci\u00f3n individual de una de sus figuras,\u00a0<strong>Ramiro Vaca<\/strong>, autor de dos goles, uno de ellos que tranquilamente puede ser candidato al\u00a0<strong>Premio Puskas<\/strong>\u00a0que otorga la FIFA.<\/p>\n<div class=\"content-media\">\n<section class=\"mod-media --zoom \" role=\"button\">\n<figure class=\"mod-figure \" role=\"button\">\n<div class=\"placeholder \">\n<div class=\"com-image\"><picture><source srcset=\"https:\/\/resizer.glanacion.com\/resizer\/v2\/la-celebracion-del-boliviano-ramiro-vaca-de-A5IW6U5BHFGODHMYBODXZAWPUY.JPG?auth=871cb3beaebf691956247dc9f36cf98e4d8581d0f56e003c8c323e5ce0939874&amp;width=780&amp;height=519&amp;quality=70&amp;smart=true\" media=\"(min-width: 768px)\" \/><img loading=\"lazy\" decoding=\"async\" class=\"image flex com-image --cover\" src=\"https:\/\/resizer.glanacion.com\/resizer\/v2\/la-celebracion-del-boliviano-ramiro-vaca-de-A5IW6U5BHFGODHMYBODXZAWPUY.JPG?auth=871cb3beaebf691956247dc9f36cf98e4d8581d0f56e003c8c323e5ce0939874&amp;width=420&amp;height=280&amp;quality=70&amp;smart=true\" alt=\"La celebraci\u00f3n del boliviano Ramiro Vaca, de Bol\u00edvar y ante Cerro Porte\u00f1o, por la Copa Libertadores: anot\u00f3 dos goles, uno de ellos que puede ser candidato al Premio Puskas\" width=\"2000\" height=\"1331\" \/><\/picture><\/div>\n<\/div><figcaption class=\"mod-figcaption\"><span class=\"com-text --caption --twoxs\">La celebraci\u00f3n del boliviano Ramiro Vaca, de Bol\u00edvar y ante Cerro Porte\u00f1o, por la Copa Libertadores: anot\u00f3 dos goles, uno de ellos que puede ser candidato al Premio Puskas<\/span><span class=\"com-text --credit --twoxs\">DANIEL DUARTE &#8211; AFP<\/span><\/figcaption><\/figure>\n<\/section>\n<\/div>\n<p class=\"com-paragraph --s\">\u00bfC\u00f3mo fue la obra de arte de Vaca? A los 17 minutos, con el resultado 0-0, Bol\u00edvar cont\u00f3 con un tiro libre. Leonel Justiniano remat\u00f3, pero la pelota se estrell\u00f3 en la barrera, su compa\u00f1ero Jes\u00fas Sagredo tom\u00f3 el rebota, la jugada se\u00a0<em>ensuci\u00f3<\/em>, hubo un despeje de cabeza del jugador local Gustavo Vel\u00e1zquez y, sin pensarlo, Vaca (de 25 a\u00f1os) realiz\u00f3 un\u00a0<strong>acrob\u00e1tico movimiento en el aire, impactando la pelota de tijera (o media chilena)<\/strong>, un tiro que se clav\u00f3 en el arco defendido por Roberto Fern\u00e1ndez.<\/p>\n<p class=\"com-paragraph --s\">Con semejante golazo, Vaca, una importante pieza de la selecci\u00f3n de Bolivia, silenci\u00f3 a los hinchas de Cerro Porte\u00f1o, el equipo dirigido por el argentino\u00a0<strong>Diego Mart\u00ednez, ext\u00e9cnico de Boca y Tigre<\/strong>. Todos sus compa\u00f1eros corrieron a celebrar el gol, de cara a un pu\u00f1ado de hinchas bolivianos que viajaron a Asunci\u00f3n. Fuente La Naci\u00f3n<\/p>\n<p>&nbsp;<\/p>\n<h2 class=\"com-title --font-primary --xl --font-extra\">La obra de arte de Vaca<\/h2>\n<div id=\"anexo-6RRXDDLBIBA3NCZIFEKZJZPJG4\" class=\"com-embed --html\">\n<p><iframe src=\"https:\/\/www.espn.com.ar\/core\/video\/iframe?id=14991552&amp;endcard=false&amp;omniReportSuite=wdgespge\" height=\"360\" frameborder=\"0\" allowfullscreen=\"allowfullscreen\" data-mce-fragment=\"1\"><\/iframe><\/p>\n<p style=\"text-align: center;\"><img loading=\"lazy\" decoding=\"async\" class=\"alignnone size-medium wp-image-17673\" src=\"https:\/\/www.sportchaco.com.ar\/wp-content\/uploads\/2025\/04\/250x250-300x300.gif\" alt=\"\" width=\"300\" height=\"300\" srcset=\"https:\/\/www.sportchaco.com.ar\/wp-content\/uploads\/2025\/04\/250x250-300x300.gif 300w, https:\/\/www.sportchaco.com.ar\/wp-content\/uploads\/2025\/04\/250x250-150x150.gif 150w\" sizes=\"auto, (max-width: 300px) 100vw, 300px\" \/><\/p>\n<\/div>\n<div class=\"flex flex-column feature-firma mb-32\">\n<div class=\"flex flex-column gap-16 w-100 flex-row_m ai-center_m ai-start\"><\/div>\n<\/div>\n<\/div>\n<\/div>\n<\/div>\n<\/div>\n<\/section>\n<\/div>\n<\/div>\n","protected":false},"excerpt":{"rendered":"<p>El boliviano Ramiro Vaca, con un acrob\u00e1tico salto, anot\u00f3 de tijera para Bol\u00edvar en la derrota frente a Cerro Porte\u00f1o, en Asunci\u00f3n, por el Grupo G Foto portada: La espectacular tijera o media chilena del boliviano Ramiro Vaca, de Bol\u00edvar, ante Cerro Porte\u00f1o, en la apertura de la fase de grupos de la Copa LibertadoresDANIEL &hellip;<\/p>\n","protected":false},"author":2,"featured_media":17677,"comment_status":"open","ping_status":"open","sticky":false,"template":"","format":"standard","meta":{"footnotes":""},"categories":[6],"tags":[],"class_list":["post-17672","post","type-post","status-publish","format-standard","has-post-thumbnail","hentry","category-internacionales"],"_links":{"self":[{"href":"https:\/\/www.sportchaco.com.ar\/index.php?rest_route=\/wp\/v2\/posts\/17672","targetHints":{"allow":["GET"]}}],"collection":[{"href":"https:\/\/www.sportchaco.com.ar\/index.php?rest_route=\/wp\/v2\/posts"}],"about":[{"href":"https:\/\/www.sportchaco.com.ar\/index.php?rest_route=\/wp\/v2\/types\/post"}],"author":[{"embeddable":true,"href":"https:\/\/www.sportchaco.com.ar\/index.php?rest_route=\/wp\/v2\/users\/2"}],"replies":[{"embeddable":true,"href":"https:\/\/www.sportchaco.com.ar\/index.php?rest_route=%2Fwp%2Fv2%2Fcomments&post=17672"}],"version-history":[{"count":5,"href":"https:\/\/www.sportchaco.com.ar\/index.php?rest_route=\/wp\/v2\/posts\/17672\/revisions"}],"predecessor-version":[{"id":17679,"href":"https:\/\/www.sportchaco.com.ar\/index.php?rest_route=\/wp\/v2\/posts\/17672\/revisions\/17679"}],"wp:featuredmedia":[{"embeddable":true,"href":"https:\/\/www.sportchaco.com.ar\/index.php?rest_route=\/wp\/v2\/media\/17677"}],"wp:attachment":[{"href":"https:\/\/www.sportchaco.com.ar\/index.php?rest_route=%2Fwp%2Fv2%2Fmedia&parent=17672"}],"wp:term":[{"taxonomy":"category","embeddable":true,"href":"https:\/\/www.sportchaco.com.ar\/index.php?rest_route=%2Fwp%2Fv2%2Fcategories&post=17672"},{"taxonomy":"post_tag","embeddable":true,"href":"https:\/\/www.sportchaco.com.ar\/index.php?rest_route=%2Fwp%2Fv2%2Ftags&post=17672"}],"curies":[{"name":"wp","href":"https:\/\/api.w.org\/{rel}","templated":true}]}}