{"id":17736,"date":"2025-04-03T18:27:11","date_gmt":"2025-04-03T21:27:11","guid":{"rendered":"https:\/\/www.sportchaco.com.ar\/?p=17736"},"modified":"2025-04-03T18:27:11","modified_gmt":"2025-04-03T21:27:11","slug":"for-ever-afianza-su-11-para-visitar-al-lider","status":"publish","type":"post","link":"https:\/\/www.sportchaco.com.ar\/?p=17736","title":{"rendered":"For Ever afianza su 11 para visitar al l\u00edder"},"content":{"rendered":"<p><strong>03-04-2025<\/strong><\/p>\n<p><img loading=\"lazy\" decoding=\"async\" class=\"aligncenter wp-image-17704 size-large\" src=\"https:\/\/www.sportchaco.com.ar\/wp-content\/uploads\/2025\/04\/Banners-creditos-otorgados-al-campo_940x90-1024x98.gif\" alt=\"\" width=\"1024\" height=\"98\" srcset=\"https:\/\/www.sportchaco.com.ar\/wp-content\/uploads\/2025\/04\/Banners-creditos-otorgados-al-campo_940x90-1024x98.gif 1024w, https:\/\/www.sportchaco.com.ar\/wp-content\/uploads\/2025\/04\/Banners-creditos-otorgados-al-campo_940x90-300x29.gif 300w, https:\/\/www.sportchaco.com.ar\/wp-content\/uploads\/2025\/04\/Banners-creditos-otorgados-al-campo_940x90-768x73.gif 768w, https:\/\/www.sportchaco.com.ar\/wp-content\/uploads\/2025\/04\/Banners-creditos-otorgados-al-campo_940x90-1536x147.gif 1536w\" sizes=\"auto, (max-width: 1024px) 100vw, 1024px\" \/><\/p>\n<p>For Ever entren\u00f3 este jueves por la ma\u00f1ana en la cancha principal del \u00abJuan Alberto Garc\u00eda\u00bb pensando en el duelo de este domingo ante el l\u00edder de la zona B de la Primera Nacional, Gimnasia de Mendoza.<\/p>\n<p>El encuentro se jugar\u00e1 desde las 16:30 horas y contar\u00e1 con el arbitraje de Bruno Amiconi, sus asistentes ser\u00e1n Manuel S\u00e1nchez y Guido C\u00f3rdoba; mientras que de cuarto juez estar\u00e1 Julio Luciano.<\/p>\n<p>En cuanto a la pr\u00e1ctica, el DT Ricardo Pancaldo, realiz\u00f3 dos bloques de 25 minutos de f\u00fatbol donde se pudo observar el mismo equipo que jug\u00f3 el \u00faltimo fin de semana y que gan\u00f3 ante Central Norte de Salta.<\/p>\n<p>Es decir, Gast\u00f3n Canuto como arquero; la defensa compuesta por los cuatro centrales: Maximiliano Romero, David Valdez, Gino Barbieri y Mathias Silvera; Santiago \u00dabeda, como cinco tap\u00f3n; cuatro volantes por delante de \u00e9l: Leonardo Marinucci, Juan Manuel Carrizo, Brandon Obreg\u00f3n y Robertino Seratto; y como referente de ataque, Mat\u00edas Romero.<\/p>\n<p>De todas formas el entrenador no confirm\u00f3 el \u00ab11\u00bb, pero es un indicio lo de los entrenamientos del mi\u00e9rcoles y este jueves para determinar la formaci\u00f3n para el fin de semana.<\/p>\n<p>El \u00abnegro\u00bb volver\u00e1 a entrenar este viernes por la ma\u00f1ana y alrededor de las 14 horas partir\u00e1 rumbo a Mendoza para el partido v\u00e1lido por la 9\u00aa fecha.<\/p>\n<p><img loading=\"lazy\" decoding=\"async\" class=\"aligncenter wp-image-17673 size-full\" src=\"https:\/\/www.sportchaco.com.ar\/wp-content\/uploads\/2025\/04\/250x250.gif\" alt=\"\" width=\"522\" height=\"521\" \/><\/p>\n","protected":false},"excerpt":{"rendered":"<p>03-04-2025 For Ever entren\u00f3 este jueves por la ma\u00f1ana en la cancha principal del \u00abJuan Alberto Garc\u00eda\u00bb pensando en el duelo de este domingo ante el l\u00edder de la zona B de la Primera Nacional, Gimnasia de Mendoza. El encuentro se jugar\u00e1 desde las 16:30 horas y contar\u00e1 con el arbitraje de Bruno Amiconi, sus &hellip;<\/p>\n","protected":false},"author":3,"featured_media":17737,"comment_status":"open","ping_status":"open","sticky":false,"template":"","format":"standard","meta":{"footnotes":""},"categories":[5],"tags":[],"class_list":["post-17736","post","type-post","status-publish","format-standard","has-post-thumbnail","hentry","category-futbol"],"_links":{"self":[{"href":"https:\/\/www.sportchaco.com.ar\/index.php?rest_route=\/wp\/v2\/posts\/17736","targetHints":{"allow":["GET"]}}],"collection":[{"href":"https:\/\/www.sportchaco.com.ar\/index.php?rest_route=\/wp\/v2\/posts"}],"about":[{"href":"https:\/\/www.sportchaco.com.ar\/index.php?rest_route=\/wp\/v2\/types\/post"}],"author":[{"embeddable":true,"href":"https:\/\/www.sportchaco.com.ar\/index.php?rest_route=\/wp\/v2\/users\/3"}],"replies":[{"embeddable":true,"href":"https:\/\/www.sportchaco.com.ar\/index.php?rest_route=%2Fwp%2Fv2%2Fcomments&post=17736"}],"version-history":[{"count":2,"href":"https:\/\/www.sportchaco.com.ar\/index.php?rest_route=\/wp\/v2\/posts\/17736\/revisions"}],"predecessor-version":[{"id":17866,"href":"https:\/\/www.sportchaco.com.ar\/index.php?rest_route=\/wp\/v2\/posts\/17736\/revisions\/17866"}],"wp:featuredmedia":[{"embeddable":true,"href":"https:\/\/www.sportchaco.com.ar\/index.php?rest_route=\/wp\/v2\/media\/17737"}],"wp:attachment":[{"href":"https:\/\/www.sportchaco.com.ar\/index.php?rest_route=%2Fwp%2Fv2%2Fmedia&parent=17736"}],"wp:term":[{"taxonomy":"category","embeddable":true,"href":"https:\/\/www.sportchaco.com.ar\/index.php?rest_route=%2Fwp%2Fv2%2Fcategories&post=17736"},{"taxonomy":"post_tag","embeddable":true,"href":"https:\/\/www.sportchaco.com.ar\/index.php?rest_route=%2Fwp%2Fv2%2Ftags&post=17736"}],"curies":[{"name":"wp","href":"https:\/\/api.w.org\/{rel}","templated":true}]}}