{"id":17755,"date":"2025-04-04T09:15:22","date_gmt":"2025-04-04T12:15:22","guid":{"rendered":"https:\/\/www.sportchaco.com.ar\/?p=17755"},"modified":"2025-04-04T09:15:22","modified_gmt":"2025-04-04T12:15:22","slug":"el-zonal-comenzara-a-fines-de-abril","status":"publish","type":"post","link":"https:\/\/www.sportchaco.com.ar\/?p=17755","title":{"rendered":"El Zonal comenzar\u00e1 a fines de abril"},"content":{"rendered":"<p><strong>04-04-2025<\/strong><\/p>\n<p><img loading=\"lazy\" decoding=\"async\" class=\"aligncenter wp-image-9639 size-full\" src=\"https:\/\/www.sportchaco.com.ar\/wp-content\/uploads\/2024\/05\/gob-salud-apaisado-marzo.gif\" alt=\"\" width=\"728\" height=\"90\" \/><\/p>\n<p>Tras anuncios de la Federaci\u00f3n Chaque\u00f1a de Automovilismo Deportivo, pr\u00f3ximo 26 y 27 de abril se disputar\u00e1 la primera fecha del campeonato Zonal, en la localidad de Villa \u00c1ngela. El calendario marca que se correr\u00e1 en principio ocho fechas, donde se rotar\u00e1 el circuito.<\/p>\n<p>Las lluvias ca\u00eddas en los \u00faltimos d\u00edas sirvieron y mucho, porque permitieron trabajar en los circuitos de tierra para proyectar un a\u00f1o de mucha competencia, y que al mismo tiempo pone fin a la ansiedad de los pilotos que ser\u00e1n parte en la Clase 1, Clase 2 y TC Chaque\u00f1o.<\/p>\n<p>El \u201cJos\u00e9 Froil\u00e1n Gonz\u00e1lez\u201d fue elegido para comenzar en una temporada que quiere cumplir con ocho fechas, y que repetir\u00e1 el trazado del Club Alvear en la segunda. Seg\u00fan el cronograma de la Fechad, el campeonato continuar\u00e1 en Charata.<\/p>\n<p><b>EL CALENDARIO TENTATIVO<\/b><br \/>\n1\u00aa fecha: 26 y 27 de abril (Villa \u00c1ngela)<br \/>\n2\u00aa fecha: 31 de mayo y 1 de junio (Villa \u00c1ngela)<br \/>\n3\u00aa fecha: 28 y 29 de junio (Charata)<br \/>\n4\u00aa fecha: 2 y 3 de agosto (Charata)<br \/>\n5\u00aa fecha: 30 y 31 de agosto (por definir)<br \/>\n6\u00aa fecha: 27 y 28 de septiembre (por definir)<br \/>\n7\u00aa fecha: 18 y 19 de octubre (por definir)<br \/>\n8\u00aa fecha: 8 y 9 de noviembre (A definir)<\/p>\n<p><em><strong>Fuente: ECO Deportivo<\/strong><\/em><\/p>\n<p><img loading=\"lazy\" decoding=\"async\" class=\"aligncenter wp-image-17160 size-large\" src=\"https:\/\/www.sportchaco.com.ar\/wp-content\/uploads\/2025\/03\/gob-makalle-821x1024.jpg\" alt=\"\" width=\"821\" height=\"1024\" srcset=\"https:\/\/www.sportchaco.com.ar\/wp-content\/uploads\/2025\/03\/gob-makalle-821x1024.jpg 821w, https:\/\/www.sportchaco.com.ar\/wp-content\/uploads\/2025\/03\/gob-makalle-240x300.jpg 240w, https:\/\/www.sportchaco.com.ar\/wp-content\/uploads\/2025\/03\/gob-makalle-768x958.jpg 768w, https:\/\/www.sportchaco.com.ar\/wp-content\/uploads\/2025\/03\/gob-makalle-1231x1536.jpg 1231w, https:\/\/www.sportchaco.com.ar\/wp-content\/uploads\/2025\/03\/gob-makalle.jpg 1440w\" sizes=\"auto, (max-width: 821px) 100vw, 821px\" \/><\/p>\n","protected":false},"excerpt":{"rendered":"<p>04-04-2025 Tras anuncios de la Federaci\u00f3n Chaque\u00f1a de Automovilismo Deportivo, pr\u00f3ximo 26 y 27 de abril se disputar\u00e1 la primera fecha del campeonato Zonal, en la localidad de Villa \u00c1ngela. El calendario marca que se correr\u00e1 en principio ocho fechas, donde se rotar\u00e1 el circuito. Las lluvias ca\u00eddas en los \u00faltimos d\u00edas sirvieron y mucho, &hellip;<\/p>\n","protected":false},"author":3,"featured_media":17756,"comment_status":"open","ping_status":"open","sticky":false,"template":"","format":"standard","meta":{"footnotes":""},"categories":[2],"tags":[],"class_list":["post-17755","post","type-post","status-publish","format-standard","has-post-thumbnail","hentry","category-automovilismo"],"_links":{"self":[{"href":"https:\/\/www.sportchaco.com.ar\/index.php?rest_route=\/wp\/v2\/posts\/17755","targetHints":{"allow":["GET"]}}],"collection":[{"href":"https:\/\/www.sportchaco.com.ar\/index.php?rest_route=\/wp\/v2\/posts"}],"about":[{"href":"https:\/\/www.sportchaco.com.ar\/index.php?rest_route=\/wp\/v2\/types\/post"}],"author":[{"embeddable":true,"href":"https:\/\/www.sportchaco.com.ar\/index.php?rest_route=\/wp\/v2\/users\/3"}],"replies":[{"embeddable":true,"href":"https:\/\/www.sportchaco.com.ar\/index.php?rest_route=%2Fwp%2Fv2%2Fcomments&post=17755"}],"version-history":[{"count":1,"href":"https:\/\/www.sportchaco.com.ar\/index.php?rest_route=\/wp\/v2\/posts\/17755\/revisions"}],"predecessor-version":[{"id":17757,"href":"https:\/\/www.sportchaco.com.ar\/index.php?rest_route=\/wp\/v2\/posts\/17755\/revisions\/17757"}],"wp:featuredmedia":[{"embeddable":true,"href":"https:\/\/www.sportchaco.com.ar\/index.php?rest_route=\/wp\/v2\/media\/17756"}],"wp:attachment":[{"href":"https:\/\/www.sportchaco.com.ar\/index.php?rest_route=%2Fwp%2Fv2%2Fmedia&parent=17755"}],"wp:term":[{"taxonomy":"category","embeddable":true,"href":"https:\/\/www.sportchaco.com.ar\/index.php?rest_route=%2Fwp%2Fv2%2Fcategories&post=17755"},{"taxonomy":"post_tag","embeddable":true,"href":"https:\/\/www.sportchaco.com.ar\/index.php?rest_route=%2Fwp%2Fv2%2Ftags&post=17755"}],"curies":[{"name":"wp","href":"https:\/\/api.w.org\/{rel}","templated":true}]}}