{"id":17806,"date":"2025-04-05T16:34:38","date_gmt":"2025-04-05T19:34:38","guid":{"rendered":"https:\/\/www.sportchaco.com.ar\/?p=17806"},"modified":"2025-04-05T16:34:38","modified_gmt":"2025-04-05T19:34:38","slug":"ana-codina-representara-a-la-argentina-en-el-mundial-de-tenis-de-mesa","status":"publish","type":"post","link":"https:\/\/www.sportchaco.com.ar\/?p=17806","title":{"rendered":"Ana Codina representar\u00e1 a la Argentina en el Mundial de Tenis de Mesa"},"content":{"rendered":"<p><strong>05-04-2025<\/strong><\/p>\n<p><img loading=\"lazy\" decoding=\"async\" class=\"aligncenter wp-image-17777 size-full\" src=\"https:\/\/www.sportchaco.com.ar\/wp-content\/uploads\/2025\/04\/320x50.gif\" alt=\"\" width=\"667\" height=\"105\" \/><\/p>\n<p>La deportista chaque\u00f1a Ana Codina representar\u00e1 a la Argentina en la categor\u00eda femenina del Mundial de Tenis de Mesa, que se realizar\u00e1 en Doha, Catar, del 17 al 25 de mayo.<\/p>\n<p>Codina no ocult\u00f3 su alegr\u00eda tras obtener la clasificaci\u00f3n, y la expres\u00f3 en su cuenta de Instagram:\u00a0\u00ab<em>Despu\u00e9s de muchos meses de esfuerzo, quiero contarles que gracias a Dios hemos logrado clasificarnos<\/em>\u00ab.<\/p>\n<p>\u00ab<em>Voy a ser la representante femenina de nuestro pa\u00eds en el campeonato del mundo ITTF World Championships Finals a realizarse en el mes de mayo en Doha, Qatar\u00bb<\/em>, dijo la deportista chaque\u00f1a.<\/p>\n<p>Codina, que entrena en Portugal bajo las \u00f3rdenes del tambi\u00e9n chaque\u00f1o Federico \u00abPupu\u00bb Mich\u00e1n,\u00a0est\u00e1 ubicada en el puesto 106 del ranking mundial de tenis de mesa\u00a0y fue subcampeona del World Table Tennis Feeder que se jug\u00f3 el a\u00f1o pasado en Caracas.<\/p>\n<p>Adem\u00e1s, la oriunda de Resistencia tambi\u00e9n supo participar de los Juegos Panamericanos de Toronto, fue parte de los Juegos Suramericanos de Santiago de Chile 2014 obteniendo Plata en Dobles Mixto y Bronce en Dobles.<\/p>\n<p><img loading=\"lazy\" decoding=\"async\" class=\"aligncenter wp-image-17785 size-full\" src=\"https:\/\/www.sportchaco.com.ar\/wp-content\/uploads\/2025\/04\/250x250-2.gif\" alt=\"\" width=\"522\" height=\"521\" \/><\/p>\n","protected":false},"excerpt":{"rendered":"<p>05-04-2025 La deportista chaque\u00f1a Ana Codina representar\u00e1 a la Argentina en la categor\u00eda femenina del Mundial de Tenis de Mesa, que se realizar\u00e1 en Doha, Catar, del 17 al 25 de mayo. Codina no ocult\u00f3 su alegr\u00eda tras obtener la clasificaci\u00f3n, y la expres\u00f3 en su cuenta de Instagram:\u00a0\u00abDespu\u00e9s de muchos meses de esfuerzo, quiero &hellip;<\/p>\n","protected":false},"author":3,"featured_media":17807,"comment_status":"open","ping_status":"open","sticky":false,"template":"","format":"standard","meta":{"footnotes":""},"categories":[56],"tags":[],"class_list":["post-17806","post","type-post","status-publish","format-standard","has-post-thumbnail","hentry","category-tenis-de-mesa"],"_links":{"self":[{"href":"https:\/\/www.sportchaco.com.ar\/index.php?rest_route=\/wp\/v2\/posts\/17806","targetHints":{"allow":["GET"]}}],"collection":[{"href":"https:\/\/www.sportchaco.com.ar\/index.php?rest_route=\/wp\/v2\/posts"}],"about":[{"href":"https:\/\/www.sportchaco.com.ar\/index.php?rest_route=\/wp\/v2\/types\/post"}],"author":[{"embeddable":true,"href":"https:\/\/www.sportchaco.com.ar\/index.php?rest_route=\/wp\/v2\/users\/3"}],"replies":[{"embeddable":true,"href":"https:\/\/www.sportchaco.com.ar\/index.php?rest_route=%2Fwp%2Fv2%2Fcomments&post=17806"}],"version-history":[{"count":1,"href":"https:\/\/www.sportchaco.com.ar\/index.php?rest_route=\/wp\/v2\/posts\/17806\/revisions"}],"predecessor-version":[{"id":17808,"href":"https:\/\/www.sportchaco.com.ar\/index.php?rest_route=\/wp\/v2\/posts\/17806\/revisions\/17808"}],"wp:featuredmedia":[{"embeddable":true,"href":"https:\/\/www.sportchaco.com.ar\/index.php?rest_route=\/wp\/v2\/media\/17807"}],"wp:attachment":[{"href":"https:\/\/www.sportchaco.com.ar\/index.php?rest_route=%2Fwp%2Fv2%2Fmedia&parent=17806"}],"wp:term":[{"taxonomy":"category","embeddable":true,"href":"https:\/\/www.sportchaco.com.ar\/index.php?rest_route=%2Fwp%2Fv2%2Fcategories&post=17806"},{"taxonomy":"post_tag","embeddable":true,"href":"https:\/\/www.sportchaco.com.ar\/index.php?rest_route=%2Fwp%2Fv2%2Ftags&post=17806"}],"curies":[{"name":"wp","href":"https:\/\/api.w.org\/{rel}","templated":true}]}}