{"id":1783,"date":"2023-10-15T21:10:40","date_gmt":"2023-10-16T00:10:40","guid":{"rendered":"https:\/\/www.sportchaco.com.ar\/?p=1783"},"modified":"2023-10-15T21:10:40","modified_gmt":"2023-10-16T00:10:40","slug":"lucas-bohdanowiz-nuevo-lider-del-top-race-series","status":"publish","type":"post","link":"https:\/\/www.sportchaco.com.ar\/?p=1783","title":{"rendered":"Lucas Bohdanowiz nuevo l\u00edder del Top Race Series"},"content":{"rendered":"<div class=\"\">\n<p class=\"lead\">El piloto de Aimar Motorsport cronometr\u00f3 26;55.911 para adjudicarse la final del domingo del Top Race Series, en la 10\u00ba fecha del campeonato que se est\u00e1 disputando en el Aut\u00f3dromo Ciudad de Paran\u00e1 (Entre R\u00edos). Con el Toyota Corolla #11, el piloto de Canning cerr\u00f3 un fin de semana perfecto, donde adem\u00e1s de quedarse con la carrera, fue el ganador del sprint y obtuvo la pole position.<\/p>\n<div class=\"news-img-content\">\n<figure><img decoding=\"async\" src=\"https:\/\/toprace.com.ar\/upload\/informes\/8743\/6019_contenido_home_small.jpg\" \/><\/figure>\n<\/div>\n<p>&nbsp;<\/p>\n<p>&nbsp;<\/p>\n<p dir=\"ltr\">En segundo lugar finaliz\u00f3 el chaque\u00f1o Lucas Bohdanowicz (Pfening Competici\u00f3n) a 2.867. El tercero fue Juan Daglio, tambi\u00e9n del Pfening Competici\u00f3n, a 24.398.<\/p>\n<p>&nbsp;<\/p>\n<p dir=\"ltr\">Los diez mejores de la carrera lo completaron Nicanor Santilli Pazos (Tinos Sport), Jos\u00e9 Malbr\u00e1n (Pfening Competici\u00f3n), Mart\u00edn Alessi (Octanos Competici\u00f3n), Marcelo Chiappetta (JLS Motorsport-Corsi Sport), Mauro Rial (D Racing), Diego Verriello (Octanos Competici\u00f3n) y Adri\u00e1n Hamze\u00a0 (Octanos Competici\u00f3n).<\/p>\n<div class=\"row\">\n<div class=\"col-sm-12\">\n<hr \/>\n<\/div>\n<\/div>\n<div class=\"row\">\n<div class=\"col-sm-12\">\n<div class=\"legend\">Verificado por T\u00e9cnica:\u00a0\u00a0Verificado por Deportiva:<\/div>\n<\/div>\n<\/div>\n<div id=\"champion\" class=\"table-responsive\">\n<table class=\"table table-striped\">\n<thead>\n<tr>\n<th>Pos.<\/th>\n<th>#<\/th>\n<th>Piloto<\/th>\n<th class=\"text-center\">Marca<\/th>\n<th class=\"text-center\">Vueltas<\/th>\n<th>Tiempo<\/th>\n<th>Diferencia<\/th>\n<\/tr>\n<\/thead>\n<tbody>\n<tr>\n<td><span class=\"label label-danger\">1<\/span><\/td>\n<td>11<\/td>\n<td class=\"name\"><a href=\"https:\/\/toprace.com.ar\/trseries\/pilotos\/2023\/leandro-gonzalez_661.html\">GONZ\u00c1LEZ, LEANDRO<\/a><\/td>\n<td class=\"text-center\"><img decoding=\"async\" class=\"text-center\" title=\"Toyota\" src=\"https:\/\/toprace.com.ar\/vistas\/tr\/images\/logos\/logo-toyota-sm.png\" alt=\"Toyota\" \/><\/td>\n<td class=\"text-center\">16<\/td>\n<td class=\"text-left\">26:55.911<\/td>\n<td class=\"text-left\"><\/td>\n<\/tr>\n<tr>\n<td><span class=\"label label-danger\">2<\/span><\/td>\n<td>61<\/td>\n<td class=\"name\"><a href=\"https:\/\/toprace.com.ar\/trseries\/pilotos\/2023\/lucas-bohdanowicz-_646.html\">BOHDANOWICZ , LUCAS<\/a><\/td>\n<td class=\"text-center\"><img decoding=\"async\" class=\"text-center\" title=\"Toyota\" src=\"https:\/\/toprace.com.ar\/vistas\/tr\/images\/logos\/logo-toyota-sm.png\" alt=\"Toyota\" \/><\/td>\n<td class=\"text-center\">16<\/td>\n<td class=\"text-left\">26:58.778<\/td>\n<td class=\"text-left\">2,867<\/td>\n<\/tr>\n<tr>\n<td><span class=\"label label-danger\">3<\/span><\/td>\n<td>10<\/td>\n<td class=\"name\"><a href=\"https:\/\/toprace.com.ar\/trseries\/pilotos\/2023\/juan-daglio_639.html\">DAGLIO, JUAN<\/a><\/td>\n<td class=\"text-center\"><img decoding=\"async\" class=\"text-center\" title=\"Toyota\" src=\"https:\/\/toprace.com.ar\/vistas\/tr\/images\/logos\/logo-toyota-sm.png\" alt=\"Toyota\" \/><\/td>\n<td class=\"text-center\">16<\/td>\n<td class=\"text-left\">27:20.309<\/td>\n<td class=\"text-left\">24,398<\/td>\n<\/tr>\n<tr>\n<td><span class=\"label label-danger\">4<\/span><\/td>\n<td>123<\/td>\n<td class=\"name\"><a href=\"https:\/\/toprace.com.ar\/trseries\/pilotos\/2023\/nicanor-santilli-pazos_653.html\">SANTILLI PAZOS, NICANOR<\/a><\/td>\n<td class=\"text-center\"><img decoding=\"async\" class=\"text-center\" title=\"Chevrolet\" src=\"https:\/\/toprace.com.ar\/vistas\/tr\/images\/logos\/logo-chevrolet-sm.png\" alt=\"Chevrolet\" \/><\/td>\n<td class=\"text-center\">16<\/td>\n<td class=\"text-left\">27:35.178<\/td>\n<td class=\"text-left\">39,267<\/td>\n<\/tr>\n<tr>\n<td><span class=\"label label-danger\">5<\/span><\/td>\n<td>187<\/td>\n<td class=\"name\"><a href=\"https:\/\/toprace.com.ar\/trseries\/pilotos\/2023\/jose-malbran_659.html\">MALBRAN, JOSE<\/a><\/td>\n<td class=\"text-center\"><img decoding=\"async\" class=\"text-center\" title=\"Toyota\" src=\"https:\/\/toprace.com.ar\/vistas\/tr\/images\/logos\/logo-toyota-sm.png\" alt=\"Toyota\" \/><\/td>\n<td class=\"text-center\">16<\/td>\n<td class=\"text-left\">27:35.686<\/td>\n<td class=\"text-left\">39,775<\/td>\n<\/tr>\n<tr>\n<td><span class=\"label label-danger\">6<\/span><\/td>\n<td>66<\/td>\n<td class=\"name\"><a href=\"https:\/\/toprace.com.ar\/trseries\/pilotos\/2023\/martin-alessi_671.html\">ALESSI, MART\u00cdN<\/a><\/td>\n<td class=\"text-center\"><img decoding=\"async\" class=\"text-center\" title=\"Fiat\" src=\"https:\/\/toprace.com.ar\/vistas\/tr\/images\/logos\/logo-fiat-sm.png\" alt=\"Fiat\" \/><\/td>\n<td class=\"text-center\">16<\/td>\n<td class=\"text-left\">27:36.498<\/td>\n<td class=\"text-left\">40,587<\/td>\n<\/tr>\n<tr>\n<td><span class=\"label label-danger\">7<\/span><\/td>\n<td>15<\/td>\n<td class=\"name\"><a href=\"https:\/\/toprace.com.ar\/trseries\/pilotos\/2023\/marcelo-m-chiappetta_642.html\">CHIAPPETTA, MARCELO (M)<\/a><\/td>\n<td class=\"text-center\"><img decoding=\"async\" class=\"text-center\" title=\"Toyota\" src=\"https:\/\/toprace.com.ar\/vistas\/tr\/images\/logos\/logo-toyota-sm.png\" alt=\"Toyota\" \/><\/td>\n<td class=\"text-center\">16<\/td>\n<td class=\"text-left\">27:50.705<\/td>\n<td class=\"text-left\">54,794<\/td>\n<\/tr>\n<tr>\n<td><span class=\"label label-danger\">8<\/span><\/td>\n<td>25<\/td>\n<td class=\"name\"><a href=\"https:\/\/toprace.com.ar\/trseries\/pilotos\/2023\/mauro-m-rial-_693.html\">RIAL , MAURO (M)<\/a><\/td>\n<td class=\"text-center\"><img decoding=\"async\" class=\"text-center\" title=\"Chevrolet\" src=\"https:\/\/toprace.com.ar\/vistas\/tr\/images\/logos\/logo-chevrolet-sm.png\" alt=\"Chevrolet\" \/><\/td>\n<td class=\"text-center\">16<\/td>\n<td class=\"text-left\">28:10.883<\/td>\n<td class=\"text-left\">1:14.972<\/td>\n<\/tr>\n<tr>\n<td><span class=\"label label-danger\">9<\/span><\/td>\n<td>101<\/td>\n<td class=\"name\"><a href=\"https:\/\/toprace.com.ar\/trseries\/pilotos\/2023\/diego-verriello_657.html\">VERRIELLO, DIEGO<\/a><\/td>\n<td class=\"text-center\"><img decoding=\"async\" class=\"text-center\" title=\"Fiat\" src=\"https:\/\/toprace.com.ar\/vistas\/tr\/images\/logos\/logo-fiat-sm.png\" alt=\"Fiat\" \/><\/td>\n<td class=\"text-center\">16<\/td>\n<td class=\"text-left\">28:28.885<\/td>\n<td class=\"text-left\">1:32.974<\/td>\n<\/tr>\n<tr>\n<td><span class=\"label label-danger\">10<\/span><\/td>\n<td>69<\/td>\n<td class=\"name\"><a href=\"https:\/\/toprace.com.ar\/trseries\/pilotos\/2023\/adrian-m-hamze_647.html\">HAMZE, ADRI\u00c1N (M)<\/a><\/td>\n<td class=\"text-center\"><img decoding=\"async\" class=\"text-center\" title=\"Fiat\" src=\"https:\/\/toprace.com.ar\/vistas\/tr\/images\/logos\/logo-fiat-sm.png\" alt=\"Fiat\" \/><\/td>\n<td class=\"text-center\">14<\/td>\n<td class=\"text-left\">28:25.880<\/td>\n<td class=\"text-left\">2 Vueltas<\/td>\n<\/tr>\n<tr>\n<td><\/td>\n<td><\/td>\n<td class=\"name\"><\/td>\n<td class=\"text-center\"><\/td>\n<td class=\"text-center\"><\/td>\n<td class=\"text-left\"><\/td>\n<td class=\"text-left\"><\/td>\n<\/tr>\n<tr>\n<td><\/td>\n<td><\/td>\n<td class=\"name\"><\/td>\n<td class=\"text-center\"><\/td>\n<td class=\"text-center\"><\/td>\n<td class=\"text-left\"><\/td>\n<td class=\"text-left\"><\/td>\n<\/tr>\n<tr>\n<td><\/td>\n<td><\/td>\n<td class=\"name\"><\/td>\n<td class=\"text-center\"><\/td>\n<td class=\"text-center\"><\/td>\n<td class=\"text-left\"><\/td>\n<td class=\"text-left\"><\/td>\n<\/tr>\n<tr>\n<td><\/td>\n<td><\/td>\n<td class=\"name\"><\/td>\n<td class=\"text-center\"><\/td>\n<td class=\"text-center\"><\/td>\n<td class=\"text-left\"><\/td>\n<td class=\"text-left\"><\/td>\n<\/tr>\n<tr>\n<td><\/td>\n<td><\/td>\n<td class=\"name\"><\/td>\n<td class=\"text-center\"><\/td>\n<td class=\"text-center\"><\/td>\n<\/tr>\n<\/tbody>\n<\/table>\n<\/div>\n<h1 class=\"\">CAMPEONATO<\/h1>\n<div>\n<div class=\"row\">\n<div class=\"col-sm-12\">\n<hr \/>\n<\/div>\n<\/div>\n<div class=\"table-responsive\">\n<table class=\"table table-striped\">\n<thead>\n<tr>\n<th>Pos.<\/th>\n<th>#<\/th>\n<th>Piloto<\/th>\n<th class=\"text-center\">Marca<\/th>\n<th class=\"text-center\">Carreras ganadas<\/th>\n<th class=\"text-right\">Puntos<\/th>\n<\/tr>\n<\/thead>\n<tbody>\n<tr>\n<td><span class=\"label label-danger\">1<\/span><\/td>\n<td>61<\/td>\n<td class=\"name\"><a href=\"https:\/\/toprace.com.ar\/trseries\/pilotos\/2023\/lucas-bohdanowicz-_646.html\">BOHDANOWICZ , LUCAS<\/a><\/td>\n<td class=\"text-center\"><img decoding=\"async\" src=\"https:\/\/toprace.com.ar\/vistas\/tr\/images\/logos\/logo-toyota-sm.png\" \/><\/td>\n<td class=\"text-center\">3<\/td>\n<td class=\"text-right\"><span class=\"label label-red\">267<\/span><\/td>\n<\/tr>\n<tr>\n<td><span class=\"label label-danger\">2<\/span><\/td>\n<td>101<\/td>\n<td class=\"name\"><a href=\"https:\/\/toprace.com.ar\/trseries\/pilotos\/2023\/diego-verriello_657.html\">VERRIELLO, DIEGO<\/a><\/td>\n<td class=\"text-center\"><img decoding=\"async\" src=\"https:\/\/toprace.com.ar\/vistas\/tr\/images\/logos\/logo-fiat-sm.png\" \/><\/td>\n<td class=\"text-center\">2<\/td>\n<td class=\"text-right\"><span class=\"label label-red\">258<\/span><\/td>\n<\/tr>\n<tr>\n<td><span class=\"label label-danger\">3<\/span><\/td>\n<td>11<\/td>\n<td class=\"name\"><a href=\"https:\/\/toprace.com.ar\/trseries\/pilotos\/2023\/leandro-gonzalez_661.html\">GONZ\u00c1LEZ, LEANDRO<\/a><\/td>\n<td class=\"text-center\"><img decoding=\"async\" src=\"https:\/\/toprace.com.ar\/vistas\/tr\/images\/logos\/logo-toyota-sm.png\" \/><\/td>\n<td class=\"text-center\">3<\/td>\n<td class=\"text-right\"><span class=\"label label-red\">210<\/span><\/td>\n<\/tr>\n<tr>\n<td><span class=\"label label-danger\">4<\/span><\/td>\n<td>86<\/td>\n<td class=\"name\"><a href=\"https:\/\/toprace.com.ar\/trseries\/pilotos\/2023\/emmanuel-perez-bravo_650.html\">P\u00c9REZ BRAVO, EMMANUEL<\/a><\/td>\n<td class=\"text-center\"><img decoding=\"async\" src=\"https:\/\/toprace.com.ar\/vistas\/tr\/images\/logos\/logo-chevrolet-sm.png\" \/><\/td>\n<td class=\"text-center\">1<\/td>\n<td class=\"text-right\"><span class=\"label label-red\">187<\/span><\/td>\n<\/tr>\n<tr>\n<td><span class=\"label label-danger\">5<\/span><\/td>\n<td>113<\/td>\n<td class=\"name\"><a href=\"https:\/\/toprace.com.ar\/trseries\/pilotos\/2023\/lucas-gambarte_637.html\">GAMBARTE, LUCAS<\/a><\/td>\n<td class=\"text-center\"><img decoding=\"async\" src=\"https:\/\/toprace.com.ar\/vistas\/tr\/images\/logos\/logo-ford-sm.png\" \/><\/td>\n<td class=\"text-center\">1<\/td>\n<td class=\"text-right\"><span class=\"label label-red\">174<\/span><\/td>\n<\/tr>\n<tr>\n<td><span class=\"label label-danger\">6<\/span><\/td>\n<td>10<\/td>\n<td class=\"name\"><a href=\"https:\/\/toprace.com.ar\/trseries\/pilotos\/2023\/juan-daglio_639.html\">DAGLIO, JUAN<\/a><\/td>\n<td class=\"text-center\"><img decoding=\"async\" src=\"https:\/\/toprace.com.ar\/vistas\/tr\/images\/logos\/logo-toyota-sm.png\" \/><\/td>\n<td class=\"text-center\"><\/td>\n<td class=\"text-right\"><span class=\"label label-red\">144<\/span><\/td>\n<\/tr>\n<tr>\n<td><span class=\"label label-danger\">7<\/span><\/td>\n<td>187<\/td>\n<td class=\"name\"><a href=\"https:\/\/toprace.com.ar\/trseries\/pilotos\/2023\/jose-malbran_659.html\">MALBRAN, JOSE<\/a><\/td>\n<td class=\"text-center\"><img decoding=\"async\" src=\"https:\/\/toprace.com.ar\/vistas\/tr\/images\/logos\/logo-toyota-sm.png\" \/><\/td>\n<td class=\"text-center\"><\/td>\n<td class=\"text-right\"><span class=\"label label-red\">123<\/span><\/td>\n<\/tr>\n<tr>\n<td><span class=\"label label-danger\">8<\/span><\/td>\n<td>123<\/td>\n<td class=\"name\"><a href=\"https:\/\/toprace.com.ar\/trseries\/pilotos\/2023\/nicanor-santilli-pazos_653.html\">SANTILLI PAZOS, NICANOR<\/a><\/td>\n<td class=\"text-center\"><img decoding=\"async\" src=\"https:\/\/toprace.com.ar\/vistas\/tr\/images\/logos\/logo-chevrolet-sm.png\" \/><\/td>\n<td class=\"text-center\"><\/td>\n<td class=\"text-right\"><span class=\"label label-red\">110<\/span><\/td>\n<\/tr>\n<tr>\n<td><span class=\"label label-danger\">9<\/span><\/td>\n<td>107<\/td>\n<td class=\"name\"><a href=\"https:\/\/toprace.com.ar\/trseries\/pilotos\/2023\/sami-mendana_651.html\">MENDA\u00d1A, SAMI<\/a><\/td>\n<td class=\"text-center\"><img decoding=\"async\" src=\"https:\/\/toprace.com.ar\/vistas\/tr\/images\/logos\/logo-fiat-sm.png\" \/><\/td>\n<td class=\"text-center\"><\/td>\n<td class=\"text-right\"><span class=\"label label-red\">80<\/span><\/td>\n<\/tr>\n<tr>\n<td><span class=\"label label-danger\">10<\/span><\/td>\n<td>66<\/td>\n<td class=\"name\"><a href=\"https:\/\/toprace.com.ar\/trseries\/pilotos\/2023\/martin-alessi_671.html\">ALESSI, MART\u00cdN<\/a><\/td>\n<td class=\"text-center\"><img decoding=\"async\" src=\"https:\/\/toprace.com.ar\/vistas\/tr\/images\/logos\/logo-fiat-sm.png\" \/><\/td>\n<td class=\"text-center\"><\/td>\n<td class=\"text-right\"><span class=\"label label-red\">71<\/span><\/td>\n<\/tr>\n<tr>\n<td><\/td>\n<td><\/td>\n<td class=\"name\"><\/td>\n<td class=\"text-center\"><\/td>\n<td class=\"text-center\"><\/td>\n<td class=\"text-right\"><\/td>\n<\/tr>\n<tr>\n<td><\/td>\n<td><\/td>\n<td class=\"name\"><\/td>\n<td class=\"text-center\"><\/td>\n<td class=\"text-center\"><\/td>\n<td class=\"text-right\"><\/td>\n<\/tr>\n<tr>\n<td><\/td>\n<td><\/td>\n<td class=\"name\"><\/td>\n<td class=\"text-center\"><\/td>\n<td class=\"text-center\"><\/td>\n<td class=\"text-right\"><\/td>\n<\/tr>\n<tr>\n<td><\/td>\n<td><\/td>\n<td class=\"name\"><\/td>\n<td class=\"text-center\"><\/td>\n<td class=\"text-center\"><\/td>\n<td class=\"text-right\"><\/td>\n<\/tr>\n<tr>\n<td><\/td>\n<td><\/td>\n<td class=\"name\"><\/td>\n<td class=\"text-center\"><\/td>\n<td class=\"text-center\"><\/td>\n<td class=\"text-right\"><\/td>\n<\/tr>\n<tr>\n<td><\/td>\n<td><\/td>\n<td class=\"name\"><\/td>\n<td class=\"text-center\"><\/td>\n<td class=\"text-center\"><\/td>\n<td class=\"text-right\"><\/td>\n<\/tr>\n<tr>\n<td><\/td>\n<td><\/td>\n<td class=\"name\"><\/td>\n<td class=\"text-center\"><\/td>\n<td class=\"text-center\"><\/td>\n<td class=\"text-right\"><\/td>\n<\/tr>\n<tr>\n<td><\/td>\n<td><\/td>\n<td class=\"name\"><\/td>\n<td class=\"text-center\"><\/td>\n<td class=\"text-center\"><\/td>\n<td class=\"text-right\"><\/td>\n<\/tr>\n<tr>\n<td><\/td>\n<td><\/td>\n<td class=\"name\"><\/td>\n<td class=\"text-center\"><\/td>\n<td class=\"text-center\"><\/td>\n<td class=\"text-right\"><\/td>\n<\/tr>\n<tr>\n<td><\/td>\n<td><\/td>\n<td class=\"name\"><\/td>\n<td class=\"text-center\"><\/td>\n<td class=\"text-center\"><\/td>\n<td class=\"text-right\"><\/td>\n<\/tr>\n<tr>\n<td><\/td>\n<td><\/td>\n<td class=\"name\"><\/td>\n<td class=\"text-center\"><\/td>\n<td class=\"text-center\"><\/td>\n<td class=\"text-right\"><\/td>\n<\/tr>\n<tr>\n<td><\/td>\n<td><\/td>\n<td class=\"name\"><\/td>\n<td class=\"text-center\"><\/td>\n<td class=\"text-center\"><\/td>\n<td class=\"text-right\"><\/td>\n<\/tr>\n<tr>\n<td><\/td>\n<td><\/td>\n<td class=\"name\"><\/td>\n<td class=\"text-center\"><\/td>\n<td class=\"text-center\"><\/td>\n<td class=\"text-right\"><\/td>\n<\/tr>\n<tr>\n<td><\/td>\n<td><\/td>\n<td class=\"name\"><\/td>\n<td class=\"text-center\"><\/td>\n<td class=\"text-center\"><\/td>\n<td class=\"text-right\"><\/td>\n<\/tr>\n<tr>\n<td><\/td>\n<td><\/td>\n<td class=\"name\"><\/td>\n<td class=\"text-center\"><\/td>\n<td class=\"text-center\"><\/td>\n<td class=\"text-right\"><\/td>\n<\/tr>\n<tr>\n<td><\/td>\n<td><\/td>\n<td class=\"name\"><\/td>\n<td class=\"text-center\"><\/td>\n<td class=\"text-center\"><\/td>\n<td class=\"text-right\"><\/td>\n<\/tr>\n<tr>\n<td><\/td>\n<td><\/td>\n<td class=\"name\"><\/td>\n<td class=\"text-center\"><\/td>\n<td class=\"text-center\"><\/td>\n<td class=\"text-right\"><\/td>\n<\/tr>\n<tr>\n<td><\/td>\n<td><\/td>\n<td class=\"name\"><\/td>\n<td class=\"text-center\"><\/td>\n<td class=\"text-center\"><\/td>\n<td class=\"text-right\"><\/td>\n<\/tr>\n<tr>\n<td><\/td>\n<td><\/td>\n<td class=\"name\"><\/td>\n<td class=\"text-center\"><\/td>\n<td class=\"text-center\"><\/td>\n<td class=\"text-right\"><\/td>\n<\/tr>\n<tr>\n<td><\/td>\n<td><\/td>\n<td class=\"name\"><\/td>\n<td class=\"text-center\"><\/td>\n<td class=\"text-center\"><\/td>\n<td class=\"text-right\"><\/td>\n<\/tr>\n<\/tbody>\n<\/table>\n<\/div>\n<p>&nbsp;<\/p>\n<\/div>\n<div class=\"sharethis-inline-share-buttons pb-3\"><\/div>\n<p>&nbsp;<\/p>\n<p>El cordob\u00e9s Marcelo Ciarrocchi (Ford) se adjudic\u00f3 este mediod\u00eda la carrera final del Top Race V6 de automovilismo que se desarroll\u00f3 en el aut\u00f3dromo de la ciudad de Paran\u00e1, por la d\u00e9cima fecha del calendario anual de la divisi\u00f3n.<\/p>\n<p>El piloto oriundo de la ciudad de Almafuerte, de 36 a\u00f1os, obtuvo su segunda victoria en el certamen, luego de recorrer las 16 vueltas previstas en un tiempo de 32m. 20s. 143\/1000.<\/p>\n<p>La segunda colocaci\u00f3n qued\u00f3 en manos del rionegrino Facundo Aldrighetti (Lexus), quien lleg\u00f3 a 1s. 264\/1000. Y en la tercera posici\u00f3n arrib\u00f3 el porte\u00f1o Lucas Guerra (Chevrolet), a 2s. 446\/1000.<\/p>\n<p>El bonaerense Diego Azar (Lexus), bicampe\u00f3n vigente, realiz\u00f3 una prolija competencia desde los puestos intermedios y culmin\u00f3 cuarto, a 2s. 847\/1000.<\/p>\n<p>El nacido en la localidad de Del Viso recort\u00f3 puntos en su lucha por el liderazgo del campeonato que sostiene con Luis Jos\u00e9 Di Palma (Fiat), luego de que el arrecife\u00f1o participara en forma involuntaria del espectacular accidente que comprendi\u00f3 la competencia.<\/p>\n<p>Ocurri\u00f3 en el giro 3, cuando el bonaerense Tom\u00e1s Cingolani (Lexus) toc\u00f3 hacia su derecha a Di Palma, quien -a su vez- conect\u00f3 de costado al autom\u00f3vil del sanjuanino Ulises Campillay (Chevrolet), que dio una serie de trompos y result\u00f3 severamente da\u00f1ado.<\/p>\n<p>Campillay fue derivado r\u00e1pidamente al centro asistencial local, con una posible fractura de clav\u00edcula izquierda.<\/p>\n<p>La und\u00e9cima fecha del campeonato se desarrollar\u00e1 el domingo 19 de noviembre, en escenario a confirmar.<\/p>\n<p>En el Top Race Series, el triunfo qued\u00f3 en manos del nacido en Canning, Leandro Gonz\u00e1lez (Toyota), mientras que en el Top Race Junior el ganador result\u00f3 el sanjuanino Juan Cruz Roca (Mercedes).<\/p>\n<p>Posiciones del Top RaceV6: Luis Jos\u00e9 Di Palma (Fiat) 278 puntos; Azar (Lexus), 261; Ciarrocchi (Ford), 239..<\/p>\n<p>&nbsp;<\/p>\n<p>El cordob\u00e9s Marcelo Ciarrocchi (Ford) se adjudic\u00f3 este mediod\u00eda la carrera final del Top Race V6 .<\/p>\n<p>&nbsp;<\/p>\n<\/div>\n","protected":false},"excerpt":{"rendered":"<p>El piloto de Aimar Motorsport cronometr\u00f3 26;55.911 para adjudicarse la final del domingo del Top Race Series, en la 10\u00ba fecha del campeonato que se est\u00e1 disputando en el Aut\u00f3dromo Ciudad de Paran\u00e1 (Entre R\u00edos). Con el Toyota Corolla #11, el piloto de Canning cerr\u00f3 un fin de semana perfecto, donde adem\u00e1s de quedarse con &hellip;<\/p>\n","protected":false},"author":2,"featured_media":1784,"comment_status":"open","ping_status":"open","sticky":false,"template":"","format":"standard","meta":{"footnotes":""},"categories":[2],"tags":[],"class_list":["post-1783","post","type-post","status-publish","format-standard","has-post-thumbnail","hentry","category-automovilismo"],"_links":{"self":[{"href":"https:\/\/www.sportchaco.com.ar\/index.php?rest_route=\/wp\/v2\/posts\/1783","targetHints":{"allow":["GET"]}}],"collection":[{"href":"https:\/\/www.sportchaco.com.ar\/index.php?rest_route=\/wp\/v2\/posts"}],"about":[{"href":"https:\/\/www.sportchaco.com.ar\/index.php?rest_route=\/wp\/v2\/types\/post"}],"author":[{"embeddable":true,"href":"https:\/\/www.sportchaco.com.ar\/index.php?rest_route=\/wp\/v2\/users\/2"}],"replies":[{"embeddable":true,"href":"https:\/\/www.sportchaco.com.ar\/index.php?rest_route=%2Fwp%2Fv2%2Fcomments&post=1783"}],"version-history":[{"count":1,"href":"https:\/\/www.sportchaco.com.ar\/index.php?rest_route=\/wp\/v2\/posts\/1783\/revisions"}],"predecessor-version":[{"id":1785,"href":"https:\/\/www.sportchaco.com.ar\/index.php?rest_route=\/wp\/v2\/posts\/1783\/revisions\/1785"}],"wp:featuredmedia":[{"embeddable":true,"href":"https:\/\/www.sportchaco.com.ar\/index.php?rest_route=\/wp\/v2\/media\/1784"}],"wp:attachment":[{"href":"https:\/\/www.sportchaco.com.ar\/index.php?rest_route=%2Fwp%2Fv2%2Fmedia&parent=1783"}],"wp:term":[{"taxonomy":"category","embeddable":true,"href":"https:\/\/www.sportchaco.com.ar\/index.php?rest_route=%2Fwp%2Fv2%2Fcategories&post=1783"},{"taxonomy":"post_tag","embeddable":true,"href":"https:\/\/www.sportchaco.com.ar\/index.php?rest_route=%2Fwp%2Fv2%2Ftags&post=1783"}],"curies":[{"name":"wp","href":"https:\/\/api.w.org\/{rel}","templated":true}]}}