{"id":17876,"date":"2025-04-07T21:19:28","date_gmt":"2025-04-08T00:19:28","guid":{"rendered":"https:\/\/www.sportchaco.com.ar\/?p=17876"},"modified":"2025-04-07T21:19:28","modified_gmt":"2025-04-08T00:19:28","slug":"quedo-inaugurado-ciclo-lectivo-de-tecnicatura-en-periodismo-deportivo","status":"publish","type":"post","link":"https:\/\/www.sportchaco.com.ar\/?p=17876","title":{"rendered":"Qued\u00f3 inaugurado ciclo lectivo de Tecnicatura en Periodismo Deportivo"},"content":{"rendered":"<p><strong>07-04-2025<\/strong><\/p>\n<p><img loading=\"lazy\" decoding=\"async\" class=\"aligncenter wp-image-9468 size-full\" src=\"https:\/\/www.sportchaco.com.ar\/wp-content\/uploads\/2024\/05\/Nachec-728x90-2.gif\" alt=\"\" width=\"728\" height=\"90\" \/><\/p>\n<p>En la ma\u00f1ana de este lunes se puso en marcha el ciclo lectivo 2025 de la Tecnicatura Superior en Periodismo Deportivo con un acto celebrado en las instalaciones del C\u00edrculo de Periodistas Deportivos del Chaco.<\/p>\n<p>La carrera es impulsada por la Unidad Educativa de Gesti\u00f3n Privada N\u00b0157 Foro Social del NEA y tiene una duraci\u00f3n de tres a\u00f1os con sistema de cursado mixto.<\/p>\n<p>En 2023 se rubric\u00f3 el acuerdo marco de reciprocidad entre la entidad educativa y la que nuclea a los periodistas deportivos, habiendo logrado el a\u00f1o pasado que m\u00e1s de veinte estudiantes completen el primer a\u00f1o del programa de estudio. En esta temporada ser\u00e1n veinticinco \u2013de acuerdo al registro de inscripci\u00f3n- los que buscar\u00e1n estudiar y prepararse para graduarse.<\/p>\n<p>Con la presencia de directivos de la UEGP 157, miembros de comisi\u00f3n directiva del C\u00edrculo Periodistas, socios, Pablo Mujica, en car\u00e1cter de Secretario de Desarrollo Humano de la Municipalidad de Resistencia, los profesores responsables de brindar las clases y los entusiastas alumnos, se concret\u00f3 el acto.<\/p>\n<p>En primer lugar, el presidente del C\u00edrculo de Periodistas Deportivos del Chaco, Willy Rodr\u00edguez, destac\u00f3 el momento de muy importante porque las nuevas generaciones de periodistas tendr\u00e1n preparaci\u00f3n acad\u00e9mica, herramienta fundamental que les servir\u00e1 a los estudiantes para desarrollarse en los medios.<\/p>\n<p>Record\u00f3 que esta iniciativa surgi\u00f3 hace a\u00f1os en la presidencia de Jorge Diel \u2013ya fallecido- y que en su memoria hoy ponemos en marcha nuevo a\u00f1o en medio de marcadas expectativas.<\/p>\n<p>Finalmente, abog\u00f3 para que los j\u00f3venes estudiantes en tres a\u00f1os vuelvan a la sede social de avenida Italia 1146 con el t\u00edtulo bajo el brazo para festejar y empezar a desandar el camino en el apasionante periodismo deportivo.<img loading=\"lazy\" decoding=\"async\" class=\"aligncenter wp-image-17879 size-large\" src=\"https:\/\/www.sportchaco.com.ar\/wp-content\/uploads\/2025\/04\/488780724_703269208696263_1381906856495165766_n-1-1024x787.jpg\" alt=\"\" width=\"1024\" height=\"787\" \/><\/p>\n<p><strong>Rold\u00e1n y Radzanowicz<\/strong><br \/>\nLa directora de la UEGP N\u00ba 157, Mabel Rold\u00e1n, valor\u00f3 que encontr\u00f3 buena predisposici\u00f3n en el C\u00edrculo de Periodistas para concretar \u00e9ste viejo proyecto. \u201cEs de importancia para las partes, en mi caso personal porque Jorge Diel es el padre de mi hijo Pablo y estaba pendiente este logro\u201d destac\u00f3.<\/p>\n<p>Agreg\u00f3: \u201cSe brinda una muy buena oportunidad para todos los que deseen estudiar esta carrera porque es accesible en costos y la manera del cursado. Se dar\u00e1 un gran paso porque los futuros profesionales estar\u00e1n preparados para ejercer la profesi\u00f3n con formaci\u00f3n\u201d.<\/p>\n<p>Por su parte, Alan Radzanowicz, quien encabeza el grupo de profesores, junto a Marcos Acosta, subray\u00f3 que se \u201cprofesionaliza un oficio que a lo largo de su historia ha tenido importantes referentes que han trascendido en los medios. Era necesario concretar esta propuesta para se sumen m\u00e1s estudiantes a los que felicito por la determinaci\u00f3n asumida de prepararse. Hay un programa de estudio que les permitir\u00e1 incorporar conocimientos y en tres a\u00f1os hacer realidad el sue\u00f1o de graduarse\u201d.<\/p>\n<p><strong>Pablo Mujica<\/strong><br \/>\nEl Secretario de Desarrollo Humano de la Municipalidad de Resistencia, Pablo Mujica, asegur\u00f3 que \u201ctransmito las felicitaciones del intendente Roy Nikich por este avance que se da en una profesi\u00f3n tan relevante. Es de vital importancia contar con nuevos profesionales preparados en estos tiempos que la comunicaci\u00f3n cumple un rol trascedente en la sociedad y m\u00e1s en el deporte que llega a todos los sectores\u201d.<\/p>\n<p><img loading=\"lazy\" decoding=\"async\" class=\"aligncenter wp-image-9671 \" src=\"https:\/\/www.sportchaco.com.ar\/wp-content\/uploads\/2024\/05\/Nachec1-200x200-1.gif\" alt=\"\" width=\"294\" height=\"294\" \/><\/p>\n","protected":false},"excerpt":{"rendered":"<p>07-04-2025 En la ma\u00f1ana de este lunes se puso en marcha el ciclo lectivo 2025 de la Tecnicatura Superior en Periodismo Deportivo con un acto celebrado en las instalaciones del C\u00edrculo de Periodistas Deportivos del Chaco. La carrera es impulsada por la Unidad Educativa de Gesti\u00f3n Privada N\u00b0157 Foro Social del NEA y tiene una &hellip;<\/p>\n","protected":false},"author":3,"featured_media":17877,"comment_status":"open","ping_status":"open","sticky":false,"template":"","format":"standard","meta":{"footnotes":""},"categories":[44],"tags":[],"class_list":["post-17876","post","type-post","status-publish","format-standard","has-post-thumbnail","hentry","category-varios"],"_links":{"self":[{"href":"https:\/\/www.sportchaco.com.ar\/index.php?rest_route=\/wp\/v2\/posts\/17876","targetHints":{"allow":["GET"]}}],"collection":[{"href":"https:\/\/www.sportchaco.com.ar\/index.php?rest_route=\/wp\/v2\/posts"}],"about":[{"href":"https:\/\/www.sportchaco.com.ar\/index.php?rest_route=\/wp\/v2\/types\/post"}],"author":[{"embeddable":true,"href":"https:\/\/www.sportchaco.com.ar\/index.php?rest_route=\/wp\/v2\/users\/3"}],"replies":[{"embeddable":true,"href":"https:\/\/www.sportchaco.com.ar\/index.php?rest_route=%2Fwp%2Fv2%2Fcomments&post=17876"}],"version-history":[{"count":1,"href":"https:\/\/www.sportchaco.com.ar\/index.php?rest_route=\/wp\/v2\/posts\/17876\/revisions"}],"predecessor-version":[{"id":17880,"href":"https:\/\/www.sportchaco.com.ar\/index.php?rest_route=\/wp\/v2\/posts\/17876\/revisions\/17880"}],"wp:featuredmedia":[{"embeddable":true,"href":"https:\/\/www.sportchaco.com.ar\/index.php?rest_route=\/wp\/v2\/media\/17877"}],"wp:attachment":[{"href":"https:\/\/www.sportchaco.com.ar\/index.php?rest_route=%2Fwp%2Fv2%2Fmedia&parent=17876"}],"wp:term":[{"taxonomy":"category","embeddable":true,"href":"https:\/\/www.sportchaco.com.ar\/index.php?rest_route=%2Fwp%2Fv2%2Fcategories&post=17876"},{"taxonomy":"post_tag","embeddable":true,"href":"https:\/\/www.sportchaco.com.ar\/index.php?rest_route=%2Fwp%2Fv2%2Ftags&post=17876"}],"curies":[{"name":"wp","href":"https:\/\/api.w.org\/{rel}","templated":true}]}}