{"id":17931,"date":"2025-04-09T11:35:15","date_gmt":"2025-04-09T14:35:15","guid":{"rendered":"https:\/\/www.sportchaco.com.ar\/?p=17931"},"modified":"2025-04-09T11:35:15","modified_gmt":"2025-04-09T14:35:15","slug":"historicos-de-for-ever-en-1967","status":"publish","type":"post","link":"https:\/\/www.sportchaco.com.ar\/?p=17931","title":{"rendered":"Hist\u00f3ricos de For Ever en 1967"},"content":{"rendered":"<p>Entrenamiento de Chaco For Ever en 1967, durante su participaci\u00f3n en Primera Divisi\u00f3n. Aparecen: el t\u00e9cnico H\u00e9ctor \u00abTronquito\u00bb Gamarra junto a los futbolistas; Antonio \u00abNonin\u00bb L\u00f3pez, Leonardo \u00abMingo\u00bb Rotger, Ausberto \u00abPapi\u00bb Gonz\u00e1lez, Roberto \u00abCula\u00bb Cassiet, Santiago \u00abChanta\u00bb Fern\u00e1ndez e Ignacio \u00abNacho\u00bb Obreg\u00f3n. <strong>Gentileza Carlos Ortiz.<\/strong><\/p>\n<p>&nbsp;<\/p>\n<p>&nbsp;<\/p>\n","protected":false},"excerpt":{"rendered":"<p>Entrenamiento de Chaco For Ever en 1967, durante su participaci\u00f3n en Primera Divisi\u00f3n. Aparecen: el t\u00e9cnico H\u00e9ctor \u00abTronquito\u00bb Gamarra junto a los futbolistas; Antonio \u00abNonin\u00bb L\u00f3pez, Leonardo \u00abMingo\u00bb Rotger, Ausberto \u00abPapi\u00bb Gonz\u00e1lez, Roberto \u00abCula\u00bb Cassiet, Santiago \u00abChanta\u00bb Fern\u00e1ndez e Ignacio \u00abNacho\u00bb Obreg\u00f3n. Gentileza Carlos Ortiz. &nbsp; &nbsp;<\/p>\n","protected":false},"author":2,"featured_media":17932,"comment_status":"open","ping_status":"open","sticky":false,"template":"","format":"standard","meta":{"footnotes":""},"categories":[1],"tags":[],"class_list":["post-17931","post","type-post","status-publish","format-standard","has-post-thumbnail","hentry","category-fotos-del-recuerdo"],"_links":{"self":[{"href":"https:\/\/www.sportchaco.com.ar\/index.php?rest_route=\/wp\/v2\/posts\/17931","targetHints":{"allow":["GET"]}}],"collection":[{"href":"https:\/\/www.sportchaco.com.ar\/index.php?rest_route=\/wp\/v2\/posts"}],"about":[{"href":"https:\/\/www.sportchaco.com.ar\/index.php?rest_route=\/wp\/v2\/types\/post"}],"author":[{"embeddable":true,"href":"https:\/\/www.sportchaco.com.ar\/index.php?rest_route=\/wp\/v2\/users\/2"}],"replies":[{"embeddable":true,"href":"https:\/\/www.sportchaco.com.ar\/index.php?rest_route=%2Fwp%2Fv2%2Fcomments&post=17931"}],"version-history":[{"count":1,"href":"https:\/\/www.sportchaco.com.ar\/index.php?rest_route=\/wp\/v2\/posts\/17931\/revisions"}],"predecessor-version":[{"id":17933,"href":"https:\/\/www.sportchaco.com.ar\/index.php?rest_route=\/wp\/v2\/posts\/17931\/revisions\/17933"}],"wp:featuredmedia":[{"embeddable":true,"href":"https:\/\/www.sportchaco.com.ar\/index.php?rest_route=\/wp\/v2\/media\/17932"}],"wp:attachment":[{"href":"https:\/\/www.sportchaco.com.ar\/index.php?rest_route=%2Fwp%2Fv2%2Fmedia&parent=17931"}],"wp:term":[{"taxonomy":"category","embeddable":true,"href":"https:\/\/www.sportchaco.com.ar\/index.php?rest_route=%2Fwp%2Fv2%2Fcategories&post=17931"},{"taxonomy":"post_tag","embeddable":true,"href":"https:\/\/www.sportchaco.com.ar\/index.php?rest_route=%2Fwp%2Fv2%2Ftags&post=17931"}],"curies":[{"name":"wp","href":"https:\/\/api.w.org\/{rel}","templated":true}]}}