{"id":17934,"date":"2025-04-09T11:54:37","date_gmt":"2025-04-09T14:54:37","guid":{"rendered":"https:\/\/www.sportchaco.com.ar\/?p=17934"},"modified":"2025-04-09T11:56:14","modified_gmt":"2025-04-09T14:56:14","slug":"despiste-de-colapinto-durante-su-test-en-monza","status":"publish","type":"post","link":"https:\/\/www.sportchaco.com.ar\/?p=17934","title":{"rendered":"Despiste de Colapinto durante su test en Monza"},"content":{"rendered":"<header>\n<h4 class=\"text-uppercase h6 text-primary\">F\u00f3rmula 1: <span style=\"font-size: 16px; font-weight: 400;\">El piloto argentino\u00a0 fRANCO COLAPINTO sufri\u00f3 un incidente que alter\u00f3 el plan de trabajo en la prueba que realiz\u00f3 con el Alpine de F\u00f3rmula 1 de 2023 en Monza el pasado domingo. Mira el video.<\/span><\/h4>\n<p>&nbsp;<\/p>\n<div class=\"metadata mt-3 line-height-clear text-dark\">\n<address class=\"author mb-0 h6\">por\u00a0<a class=\"text-dark\" title=\"F1: as\u00ed fue el despiste de Colapinto durante su test\u00a0en\u00a0Monza fue escrito por Manuel Otero\" href=\"https:\/\/www.carburando.com\/periodistas\/manuel-otero\" rel=\"author\">Manuel Otero &#8211; CARBURANDO<\/a><\/address>\n<p><time class=\"text-gray small\" datetime=\"2025-04-09 09:00\">09\/04\/2025<\/time><\/p>\n<\/div>\n<\/header>\n<figure class=\"border-bottom border-gray pb-3 mb-3\"><figcaption class=\"small text-muted mt-2\">F1: as\u00ed fue el despiste de Colapinto durante su test\u00a0en\u00a0Monza<\/figcaption><\/figure>\n<section class=\"border-bottom border-gray pb-3 mb-3\">Franco Colapinto gir\u00f3 con el Alpine de F\u00f3rmula 1 de la temporada 2023 en Monza el domingo pasado,\u00a0junto con\u00a0Paul Aron.\u00a0El argentino, que fue m\u00e1s r\u00e1pido que el estonio, sufri\u00f3 un incidente que alter\u00f3 los planes de trabajo de dicha jornada.Bajo el contexto de las\u00a0pruebas TPC (Test Previous Car), el joven de Pilar bloque\u00f3 las ruedas en la \u00abS\u00bb del circuito italiano, cort\u00f3 camino por las gravas y\u00a0rompi\u00f3 el piso del coche.<iframe loading=\"lazy\" src=\"https:\/\/api.vodgc.net\/player\/v2\/embed\/playerId\/P7ZVB41589326378\/contentId\/1749458\" width=\"100%\" height=\"390\" frameborder=\"0\" scrolling=\"no\" data-mce-fragment=\"1\"><\/iframe><\/section>\n<section class=\"border-bottom border-gray pb-3 mb-3\">\n<div class=\"w-sm-50 mx-auto\">\n<form id=\"newsletter-subscription\">\n<h4 class=\"nexsletter-title h6 small\">F1: as\u00ed fue el despiste de Colapinto durante su test\u00a0en\u00a0Monza<\/h4>\n<p>&nbsp;<\/p>\n<p style=\"text-align: center;\"><img loading=\"lazy\" decoding=\"async\" class=\"alignnone size-medium wp-image-17927\" src=\"https:\/\/www.sportchaco.com.ar\/wp-content\/uploads\/2025\/04\/Banners-ruta-13_720x90-1-1-300x37.gif\" alt=\"\" width=\"300\" height=\"37\" srcset=\"https:\/\/www.sportchaco.com.ar\/wp-content\/uploads\/2025\/04\/Banners-ruta-13_720x90-1-1-300x37.gif 300w, https:\/\/www.sportchaco.com.ar\/wp-content\/uploads\/2025\/04\/Banners-ruta-13_720x90-1-1-1024x128.gif 1024w, https:\/\/www.sportchaco.com.ar\/wp-content\/uploads\/2025\/04\/Banners-ruta-13_720x90-1-1-768x96.gif 768w\" sizes=\"auto, (max-width: 300px) 100vw, 300px\" \/> <img loading=\"lazy\" decoding=\"async\" class=\"alignnone size-medium wp-image-17922\" src=\"https:\/\/www.sportchaco.com.ar\/wp-content\/uploads\/2025\/04\/Banners-ruta-13_720x90-1-300x37.gif\" alt=\"\" width=\"300\" height=\"37\" srcset=\"https:\/\/www.sportchaco.com.ar\/wp-content\/uploads\/2025\/04\/Banners-ruta-13_720x90-1-300x37.gif 300w, https:\/\/www.sportchaco.com.ar\/wp-content\/uploads\/2025\/04\/Banners-ruta-13_720x90-1-1024x128.gif 1024w, https:\/\/www.sportchaco.com.ar\/wp-content\/uploads\/2025\/04\/Banners-ruta-13_720x90-1-768x96.gif 768w\" sizes=\"auto, (max-width: 300px) 100vw, 300px\" \/><img loading=\"lazy\" decoding=\"async\" class=\"alignnone size-medium wp-image-17935\" src=\"https:\/\/www.sportchaco.com.ar\/wp-content\/uploads\/2025\/04\/Red-de-empleos-1080x1350-2-240x300.gif\" alt=\"\" width=\"240\" height=\"300\" srcset=\"https:\/\/www.sportchaco.com.ar\/wp-content\/uploads\/2025\/04\/Red-de-empleos-1080x1350-2-240x300.gif 240w, https:\/\/www.sportchaco.com.ar\/wp-content\/uploads\/2025\/04\/Red-de-empleos-1080x1350-2-819x1024.gif 819w, https:\/\/www.sportchaco.com.ar\/wp-content\/uploads\/2025\/04\/Red-de-empleos-1080x1350-2-768x960.gif 768w, https:\/\/www.sportchaco.com.ar\/wp-content\/uploads\/2025\/04\/Red-de-empleos-1080x1350-2-1229x1536.gif 1229w, https:\/\/www.sportchaco.com.ar\/wp-content\/uploads\/2025\/04\/Red-de-empleos-1080x1350-2-1638x2048.gif 1638w\" sizes=\"auto, (max-width: 240px) 100vw, 240px\" \/><img loading=\"lazy\" decoding=\"async\" class=\"alignnone size-medium wp-image-17936\" src=\"https:\/\/www.sportchaco.com.ar\/wp-content\/uploads\/2025\/04\/DESPISTE-300x148.jpg\" alt=\"\" width=\"300\" height=\"148\" srcset=\"https:\/\/www.sportchaco.com.ar\/wp-content\/uploads\/2025\/04\/DESPISTE-300x148.jpg 300w, https:\/\/www.sportchaco.com.ar\/wp-content\/uploads\/2025\/04\/DESPISTE-1024x504.jpg 1024w, https:\/\/www.sportchaco.com.ar\/wp-content\/uploads\/2025\/04\/DESPISTE-768x378.jpg 768w, https:\/\/www.sportchaco.com.ar\/wp-content\/uploads\/2025\/04\/DESPISTE-1536x756.jpg 1536w, https:\/\/www.sportchaco.com.ar\/wp-content\/uploads\/2025\/04\/DESPISTE.jpg 2000w\" sizes=\"auto, (max-width: 300px) 100vw, 300px\" \/><\/p>\n<div class=\"d-sm-flex justify-content-between form-group\"><\/div>\n<\/form>\n<\/div>\n<\/section>\n","protected":false},"excerpt":{"rendered":"<p>F\u00f3rmula 1: El piloto argentino\u00a0 fRANCO COLAPINTO sufri\u00f3 un incidente que alter\u00f3 el plan de trabajo en la prueba que realiz\u00f3 con el Alpine de F\u00f3rmula 1 de 2023 en Monza el pasado domingo. Mira el video. &nbsp; por\u00a0Manuel Otero &#8211; CARBURANDO 09\/04\/2025 F1: as\u00ed fue el despiste de Colapinto durante su test\u00a0en\u00a0Monza Franco Colapinto &hellip;<\/p>\n","protected":false},"author":2,"featured_media":17936,"comment_status":"open","ping_status":"open","sticky":false,"template":"","format":"standard","meta":{"footnotes":""},"categories":[2],"tags":[],"class_list":["post-17934","post","type-post","status-publish","format-standard","has-post-thumbnail","hentry","category-automovilismo"],"_links":{"self":[{"href":"https:\/\/www.sportchaco.com.ar\/index.php?rest_route=\/wp\/v2\/posts\/17934","targetHints":{"allow":["GET"]}}],"collection":[{"href":"https:\/\/www.sportchaco.com.ar\/index.php?rest_route=\/wp\/v2\/posts"}],"about":[{"href":"https:\/\/www.sportchaco.com.ar\/index.php?rest_route=\/wp\/v2\/types\/post"}],"author":[{"embeddable":true,"href":"https:\/\/www.sportchaco.com.ar\/index.php?rest_route=\/wp\/v2\/users\/2"}],"replies":[{"embeddable":true,"href":"https:\/\/www.sportchaco.com.ar\/index.php?rest_route=%2Fwp%2Fv2%2Fcomments&post=17934"}],"version-history":[{"count":5,"href":"https:\/\/www.sportchaco.com.ar\/index.php?rest_route=\/wp\/v2\/posts\/17934\/revisions"}],"predecessor-version":[{"id":17941,"href":"https:\/\/www.sportchaco.com.ar\/index.php?rest_route=\/wp\/v2\/posts\/17934\/revisions\/17941"}],"wp:featuredmedia":[{"embeddable":true,"href":"https:\/\/www.sportchaco.com.ar\/index.php?rest_route=\/wp\/v2\/media\/17936"}],"wp:attachment":[{"href":"https:\/\/www.sportchaco.com.ar\/index.php?rest_route=%2Fwp%2Fv2%2Fmedia&parent=17934"}],"wp:term":[{"taxonomy":"category","embeddable":true,"href":"https:\/\/www.sportchaco.com.ar\/index.php?rest_route=%2Fwp%2Fv2%2Fcategories&post=17934"},{"taxonomy":"post_tag","embeddable":true,"href":"https:\/\/www.sportchaco.com.ar\/index.php?rest_route=%2Fwp%2Fv2%2Ftags&post=17934"}],"curies":[{"name":"wp","href":"https:\/\/api.w.org\/{rel}","templated":true}]}}