{"id":17955,"date":"2025-04-09T18:28:05","date_gmt":"2025-04-09T21:28:05","guid":{"rendered":"https:\/\/www.sportchaco.com.ar\/?p=17955"},"modified":"2025-04-09T18:28:05","modified_gmt":"2025-04-09T21:28:05","slug":"for-ever-estreno-su-predio","status":"publish","type":"post","link":"https:\/\/www.sportchaco.com.ar\/?p=17955","title":{"rendered":"For Ever estren\u00f3 su predio"},"content":{"rendered":"<p><strong>09-04-2025<\/strong><\/p>\n<p><img loading=\"lazy\" decoding=\"async\" class=\"aligncenter wp-image-7248 size-large\" src=\"https:\/\/www.sportchaco.com.ar\/wp-content\/uploads\/2024\/03\/aVISO-2-2-1024x171.jpeg\" alt=\"\" width=\"1024\" height=\"171\" srcset=\"https:\/\/www.sportchaco.com.ar\/wp-content\/uploads\/2024\/03\/aVISO-2-2-1024x171.jpeg 1024w, https:\/\/www.sportchaco.com.ar\/wp-content\/uploads\/2024\/03\/aVISO-2-2-300x50.jpeg 300w, https:\/\/www.sportchaco.com.ar\/wp-content\/uploads\/2024\/03\/aVISO-2-2-768x128.jpeg 768w, https:\/\/www.sportchaco.com.ar\/wp-content\/uploads\/2024\/03\/aVISO-2-2.jpeg 1200w\" sizes=\"auto, (max-width: 1024px) 100vw, 1024px\" \/><\/p>\n<p>Este mi\u00e9rcoles por la ma\u00f1ana For Ever se movi\u00f3 por primera vez en su predio de entrenamiento ubicado en la ruta 16, kil\u00f3metro 44,5 de Resistencia.<\/p>\n<p>Se hizo esperar el estreno, pero lleg\u00f3 y el club \u00abalbinegro\u00bb lo hizo saber a trav\u00e9s de sus redes sociales.<\/p>\n<p><strong>EL COMUNICADO<\/strong><br \/>\n<em>Este mi\u00e9rcoles 9 de abril de 2025 quedar\u00e1 para siempre en la historia grande de nuestro club.<\/em><\/p>\n<p><em>Por primera vez, el plantel profesional entren\u00f3 en el predio propio de Chaco For Ever, d\u00f3nde gracias a la buena administraci\u00f3n de los recursos pudimos avanzar con el sue\u00f1o de tener el centro de entrenamiento.<\/em><\/p>\n<p><em>Volvimos a dar un gran salto de calidad y crecimiento, en un sitio que ser\u00e1 nuestro desde ahora y para siempre.<\/em><\/p>\n<p><img loading=\"lazy\" decoding=\"async\" class=\"aligncenter wp-image-17957 size-large\" src=\"https:\/\/www.sportchaco.com.ar\/wp-content\/uploads\/2025\/04\/for-ever-primera-nacional-predio-1024x886.jpg\" alt=\"\" width=\"1024\" height=\"886\" srcset=\"https:\/\/www.sportchaco.com.ar\/wp-content\/uploads\/2025\/04\/for-ever-primera-nacional-predio-1024x886.jpg 1024w, https:\/\/www.sportchaco.com.ar\/wp-content\/uploads\/2025\/04\/for-ever-primera-nacional-predio-300x259.jpg 300w, https:\/\/www.sportchaco.com.ar\/wp-content\/uploads\/2025\/04\/for-ever-primera-nacional-predio-768x664.jpg 768w, https:\/\/www.sportchaco.com.ar\/wp-content\/uploads\/2025\/04\/for-ever-primera-nacional-predio.jpg 1080w\" sizes=\"auto, (max-width: 1024px) 100vw, 1024px\" \/><\/p>\n<p>For Ever jugar\u00e1 este domingo en el \u00abJuan Alberto Garc\u00eda\u00bb desde las 16:30 horas cuando reciba la visita de Gimnasia de Jujuy.<\/p>\n<p>Dicho encuentro estar\u00e1 arbitrado por Carlos C\u00f3rdoba que estar\u00e1 acompa\u00f1ado por V\u00edctor Rojas Aguirre y Mart\u00edn Grasso, mientras que el cuarto \u00e1rbitro ser\u00e1 Mariano Agli.<\/p>\n<p><em><strong>Fotos: Prensa For Ever\u00a0<\/strong><\/em><\/p>\n<p><img loading=\"lazy\" decoding=\"async\" class=\"aligncenter wp-image-17935 size-large\" src=\"https:\/\/www.sportchaco.com.ar\/wp-content\/uploads\/2025\/04\/Red-de-empleos-1080x1350-2-819x1024.gif\" alt=\"\" width=\"819\" height=\"1024\" srcset=\"https:\/\/www.sportchaco.com.ar\/wp-content\/uploads\/2025\/04\/Red-de-empleos-1080x1350-2-819x1024.gif 819w, https:\/\/www.sportchaco.com.ar\/wp-content\/uploads\/2025\/04\/Red-de-empleos-1080x1350-2-240x300.gif 240w, https:\/\/www.sportchaco.com.ar\/wp-content\/uploads\/2025\/04\/Red-de-empleos-1080x1350-2-768x960.gif 768w, https:\/\/www.sportchaco.com.ar\/wp-content\/uploads\/2025\/04\/Red-de-empleos-1080x1350-2-1229x1536.gif 1229w, https:\/\/www.sportchaco.com.ar\/wp-content\/uploads\/2025\/04\/Red-de-empleos-1080x1350-2-1638x2048.gif 1638w\" sizes=\"auto, (max-width: 819px) 100vw, 819px\" \/><\/p>\n","protected":false},"excerpt":{"rendered":"<p>09-04-2025 Este mi\u00e9rcoles por la ma\u00f1ana For Ever se movi\u00f3 por primera vez en su predio de entrenamiento ubicado en la ruta 16, kil\u00f3metro 44,5 de Resistencia. Se hizo esperar el estreno, pero lleg\u00f3 y el club \u00abalbinegro\u00bb lo hizo saber a trav\u00e9s de sus redes sociales. EL COMUNICADO Este mi\u00e9rcoles 9 de abril de &hellip;<\/p>\n","protected":false},"author":3,"featured_media":17956,"comment_status":"open","ping_status":"open","sticky":false,"template":"","format":"standard","meta":{"footnotes":""},"categories":[5],"tags":[],"class_list":["post-17955","post","type-post","status-publish","format-standard","has-post-thumbnail","hentry","category-futbol"],"_links":{"self":[{"href":"https:\/\/www.sportchaco.com.ar\/index.php?rest_route=\/wp\/v2\/posts\/17955","targetHints":{"allow":["GET"]}}],"collection":[{"href":"https:\/\/www.sportchaco.com.ar\/index.php?rest_route=\/wp\/v2\/posts"}],"about":[{"href":"https:\/\/www.sportchaco.com.ar\/index.php?rest_route=\/wp\/v2\/types\/post"}],"author":[{"embeddable":true,"href":"https:\/\/www.sportchaco.com.ar\/index.php?rest_route=\/wp\/v2\/users\/3"}],"replies":[{"embeddable":true,"href":"https:\/\/www.sportchaco.com.ar\/index.php?rest_route=%2Fwp%2Fv2%2Fcomments&post=17955"}],"version-history":[{"count":1,"href":"https:\/\/www.sportchaco.com.ar\/index.php?rest_route=\/wp\/v2\/posts\/17955\/revisions"}],"predecessor-version":[{"id":17958,"href":"https:\/\/www.sportchaco.com.ar\/index.php?rest_route=\/wp\/v2\/posts\/17955\/revisions\/17958"}],"wp:featuredmedia":[{"embeddable":true,"href":"https:\/\/www.sportchaco.com.ar\/index.php?rest_route=\/wp\/v2\/media\/17956"}],"wp:attachment":[{"href":"https:\/\/www.sportchaco.com.ar\/index.php?rest_route=%2Fwp%2Fv2%2Fmedia&parent=17955"}],"wp:term":[{"taxonomy":"category","embeddable":true,"href":"https:\/\/www.sportchaco.com.ar\/index.php?rest_route=%2Fwp%2Fv2%2Fcategories&post=17955"},{"taxonomy":"post_tag","embeddable":true,"href":"https:\/\/www.sportchaco.com.ar\/index.php?rest_route=%2Fwp%2Fv2%2Ftags&post=17955"}],"curies":[{"name":"wp","href":"https:\/\/api.w.org\/{rel}","templated":true}]}}